{"id":10859,"date":"2026-01-19T10:32:27","date_gmt":"2026-01-19T09:32:27","guid":{"rendered":"https:\/\/catholiques17.fr\/nieul\/?p=10859"},"modified":"2026-01-19T10:32:29","modified_gmt":"2026-01-19T09:32:29","slug":"retour-sur-le-stage-a-lecoute-active","status":"publish","type":"post","link":"https:\/\/catholiques17.fr\/nieul\/retour-sur-le-stage-a-lecoute-active\/","title":{"rendered":"Retour sur le stage \u00e0 l&rsquo;\u00e9coute active"},"content":{"rendered":"\n<div style=\"height:85px\" aria-hidden=\"true\" class=\"wp-block-spacer\"><\/div>\n\n\n\n<p>Lundi 12 et mardi 13 janvier, neuf paroissiens inscrits ont pu profiter, \u00e0 Nieul sur Mer, dans la salle Gaby Coll, d\u2019un stage \u00ab\u00a0\u00e9coute active\u00a0\u00bb avec la participation de Odile CAVARO, form\u00e9e \u00e0 l\u2019\u00e9coute et animatrice des formations de groupe \u00e0 la communication.<\/p>\n\n\n\n<p>Nous avons v\u00e9cu deux jours intensifs, m\u00ealant formation, exercices pratiques et moments de convivialit\u00e9, comme le caf\u00e9 d\u2019accueil ou le repas tir\u00e9 du sac du midi.<\/p>\n\n\n\n<p>Ce f\u00fbt une exp\u00e9rience qui a renforc\u00e9 \u00e0 la fois l\u2019\u00e9coute, moyen indispensable dans notre pastorale aujourd\u2019hui, mais aussi la communion et l\u2019unit\u00e9 de la paroisse, car les participants venait des quatre clochers de notre paroisse.<\/p>\n\n\n\n<div style=\"height:25px\" aria-hidden=\"true\" class=\"wp-block-spacer\"><\/div>\n\n\n\n<div class=\"wp-block-columns is-layout-flex wp-container-core-columns-is-layout-9d6595d7 wp-block-columns-is-layout-flex\">\n<div class=\"wp-block-column is-layout-flow wp-block-column-is-layout-flow\">\n<figure class=\"wp-block-image size-full\"><a href=\"https:\/\/catholiques17.fr\/nieul\/wp-content\/uploads\/sites\/29\/2026\/01\/WhatsApp-Image-2026-01-13-at-16.51.54.jpeg\"><img loading=\"lazy\" decoding=\"async\" width=\"800\" height=\"600\" src=\"https:\/\/catholiques17.fr\/nieul\/wp-content\/uploads\/sites\/29\/2026\/01\/WhatsApp-Image-2026-01-13-at-16.51.54.jpeg\" alt=\"\" class=\"wp-image-10862\" srcset=\"https:\/\/catholiques17.fr\/nieul\/wp-content\/uploads\/sites\/29\/2026\/01\/WhatsApp-Image-2026-01-13-at-16.51.54.jpeg 800w, https:\/\/catholiques17.fr\/nieul\/wp-content\/uploads\/sites\/29\/2026\/01\/WhatsApp-Image-2026-01-13-at-16.51.54-480x360.jpeg 480w\" sizes=\"(min-width: 0px) and (max-width: 480px) 480px, (min-width: 481px) 800px, 100vw\" \/><\/a><\/figure>\n<\/div>\n\n\n\n<div class=\"wp-block-column is-layout-flow wp-block-column-is-layout-flow\">\n<figure class=\"wp-block-image size-full\"><a href=\"https:\/\/catholiques17.fr\/nieul\/wp-content\/uploads\/sites\/29\/2026\/01\/WhatsApp-Image-2026-01-13-at-21.09.25.jpeg\"><img loading=\"lazy\" decoding=\"async\" width=\"800\" height=\"450\" src=\"https:\/\/catholiques17.fr\/nieul\/wp-content\/uploads\/sites\/29\/2026\/01\/WhatsApp-Image-2026-01-13-at-21.09.25.jpeg\" alt=\"\" class=\"wp-image-10861\" srcset=\"https:\/\/catholiques17.fr\/nieul\/wp-content\/uploads\/sites\/29\/2026\/01\/WhatsApp-Image-2026-01-13-at-21.09.25.jpeg 800w, https:\/\/catholiques17.fr\/nieul\/wp-content\/uploads\/sites\/29\/2026\/01\/WhatsApp-Image-2026-01-13-at-21.09.25-480x270.jpeg 480w\" sizes=\"(min-width: 0px) and (max-width: 480px) 480px, (min-width: 481px) 800px, 100vw\" \/><\/a><\/figure>\n<\/div>\n<\/div>\n\n\n\n<div style=\"height:25px\" aria-hidden=\"true\" class=\"wp-block-spacer\"><\/div>\n\n\n\n<p><strong>Cette exp\u00e9rience a \u00e9t\u00e9 tr\u00e8s positive<\/strong>, selon le ressenti des paroissiens, qui nous ont laiss\u00e9 quelque t\u00e9moignage\u00a0:<\/p>\n\n\n\n<div style=\"height:25px\" aria-hidden=\"true\" class=\"wp-block-spacer\"><\/div>\n\n\n\n<blockquote class=\"wp-block-quote is-layout-flow wp-block-quote-is-layout-flow\">\n<p>\u00ab&nbsp;Ressenti sur le stage d&rsquo;\u00e9coute active : \u00c9couter c\u2019est d\u2019abord se taire et s&rsquo;effacer pour offrir le plus \u00ab\u00a0d&rsquo;espace\u00a0\u00bb \u00e0 l&rsquo;\u00e9cout\u00e9.&nbsp;\u00bb Jean-Pierre<\/p>\n<\/blockquote>\n\n\n\n<blockquote class=\"wp-block-quote is-layout-flow wp-block-quote-is-layout-flow\">\n<p>\u00ab&nbsp;Un stage que chacun a appr\u00e9ci\u00e9 avec une intervenante tr\u00e8s agr\u00e9able, et tr\u00e8s comp\u00e9tente qui a su nous captiver, nous remettre en question et nous mettre en situation. Une \u00e9coute active o\u00f9 l\u2019on s&rsquo;efface pour laisser la personne en face s\u2019exprimer. Nous avons appris la reformulation, en faisant attention \u00e0 nos attitudes spontan\u00e9es d&rsquo;\u00e9coute qui peuvent \u00eatre des freins \u00e0 ce que nous dit l&rsquo;autre.&nbsp;\u00bb Nadine<\/p>\n<\/blockquote>\n\n\n\n<blockquote class=\"wp-block-quote is-layout-flow wp-block-quote-is-layout-flow\">\n<p>\u00ab&nbsp;Savons-nous bien \u00e9couter l\u2019autre&nbsp;? Ce stage tr\u00e8s formateur a permis d\u2019acqu\u00e9rir des techniques et une posture pour cela. S\u2019effacer pour accompagner, savoir se taire, reformuler sans apporter sa r\u00e9ponse ou sa solution. Chacune et chacun a vivement remerci\u00e9 Odile, la formatrice, pour toutes ces cl\u00e9s pour une \u00e9coute \u00e0 la fois bienveillante et utile.&nbsp;\u00bb Fr\u00e9d\u00e9rique<\/p>\n<\/blockquote>\n\n\n\n<div style=\"height:67px\" aria-hidden=\"true\" class=\"wp-block-spacer\"><\/div>\n\n\n\n<p><strong>Merci aux participant, \u00e0 Anne Marie d\u2019avoir organis\u00e9 cela, et \u00e0 une prochaine, peut-\u00eatre\u00a0!<\/strong><\/p>\n\n\n\n<div style=\"height:67px\" aria-hidden=\"true\" class=\"wp-block-spacer\"><\/div>\n","protected":false},"excerpt":{"rendered":"<p>Lundi 12 et mardi 13 janvier, neuf paroissiens inscrits ont pu profiter, \u00e0 Nieul sur Mer, dans la salle Gaby Coll, d\u2019un stage \u00ab\u00a0\u00e9coute active\u00a0\u00bb avec la participation de Odile [&hellip;]<\/p>\n","protected":false},"author":4,"featured_media":10860,"comment_status":"open","ping_status":"open","sticky":false,"template":"","format":"standard","meta":{"_et_pb_use_builder":"off","_et_pb_old_content":"","_et_gb_content_width":"","footnotes":""},"categories":[6,30],"tags":[],"class_list":["post-10859","post","type-post","status-publish","format-standard","has-post-thumbnail","hentry","category-actualite","category-formation"],"_links":{"self":[{"href":"https:\/\/catholiques17.fr\/nieul\/wp-json\/wp\/v2\/posts\/10859","targetHints":{"allow":["GET"]}}],"collection":[{"href":"https:\/\/catholiques17.fr\/nieul\/wp-json\/wp\/v2\/posts"}],"about":[{"href":"https:\/\/catholiques17.fr\/nieul\/wp-json\/wp\/v2\/types\/post"}],"author":[{"embeddable":true,"href":"https:\/\/catholiques17.fr\/nieul\/wp-json\/wp\/v2\/users\/4"}],"replies":[{"embeddable":true,"href":"https:\/\/catholiques17.fr\/nieul\/wp-json\/wp\/v2\/comments?post=10859"}],"version-history":[{"count":1,"href":"https:\/\/catholiques17.fr\/nieul\/wp-json\/wp\/v2\/posts\/10859\/revisions"}],"predecessor-version":[{"id":10863,"href":"https:\/\/catholiques17.fr\/nieul\/wp-json\/wp\/v2\/posts\/10859\/revisions\/10863"}],"wp:featuredmedia":[{"embeddable":true,"href":"https:\/\/catholiques17.fr\/nieul\/wp-json\/wp\/v2\/media\/10860"}],"wp:attachment":[{"href":"https:\/\/catholiques17.fr\/nieul\/wp-json\/wp\/v2\/media?parent=10859"}],"wp:term":[{"taxonomy":"category","embeddable":true,"href":"https:\/\/catholiques17.fr\/nieul\/wp-json\/wp\/v2\/categories?post=10859"},{"taxonomy":"post_tag","embeddable":true,"href":"https:\/\/catholiques17.fr\/nieul\/wp-json\/wp\/v2\/tags?post=10859"}],"curies":[{"name":"wp","href":"https:\/\/api.w.org\/{rel}","templated":true}]}}