{"id":10794,"date":"2026-01-05T15:21:20","date_gmt":"2026-01-05T14:21:20","guid":{"rendered":"https:\/\/catholiques17.fr\/nieul\/?p=10794"},"modified":"2026-01-05T15:22:09","modified_gmt":"2026-01-05T14:22:09","slug":"a-lhoumeau-et-a-lagord-la-joie-de-lepiphanie","status":"publish","type":"post","link":"https:\/\/catholiques17.fr\/nieul\/a-lhoumeau-et-a-lagord-la-joie-de-lepiphanie\/","title":{"rendered":"A l&rsquo;Houmeau et \u00e0 Lagord, la joie de l&rsquo;Epiphanie !"},"content":{"rendered":"\n<div style=\"height:100px\" aria-hidden=\"true\" class=\"wp-block-spacer\"><\/div>\n\n\n\n<p><strong>Ce dimanche 4 janvier, la communaut\u00e9 paroissiale s\u2019est rassembl\u00e9e pour c\u00e9l\u00e9brer la f\u00eate de l\u2019\u00c9piphanie, un moment fort du calendrier chr\u00e9tien qui comm\u00e9more la visite des mages \u00e0 l\u2019enfant J\u00e9sus. \u00c0 travers leur venue, l\u2019\u00c9piphanie rappelle que le Christ se manifeste \u00e0 tous les peuples, symbolisant l\u2019universalit\u00e9 de son message de paix et de lumi\u00e8re.<\/strong><\/p>\n\n\n\n<div style=\"height:36px\" aria-hidden=\"true\" class=\"wp-block-spacer\"><\/div>\n\n\n\n<p>\u00c0 L\u2019Houmeau, la c\u00e9l\u00e9bration s\u2019est conclue dans un esprit de convivialit\u00e9 avec le partage de la traditionnelle galette des rois \u00e0 la sortie de la messe. Un temps simple et fraternel, tr\u00e8s appr\u00e9ci\u00e9, qui a permis aux paroissiens de prolonger la f\u00eate et d\u2019\u00e9changer dans une ambiance chaleureuse (bien plus chaleureuse que la temp\u00e9rature ext\u00e9rieure !)<\/p>\n\n\n\n<div style=\"height:36px\" aria-hidden=\"true\" class=\"wp-block-spacer\"><\/div>\n\n\n\n<p>L\u2019apr\u00e8s-midi, les enfants \u00e9taient \u00e0 l\u2019honneur \u00e0 Lagord, dans l\u2019\u00e9glise paroissiale, pour un temps festif sp\u00e9cialement pens\u00e9 pour eux. L\u2019arriv\u00e9e des rois mages a marqu\u00e9 les esprits et ouvert un petit temps de cat\u00e9ch\u00e8se, permettant d\u2019expliquer aux plus jeunes le sens de l\u2019\u00c9piphanie de mani\u00e8re accessible et vivante. Chants, moments de partage et remise de petits cadeaux ont rythm\u00e9 cette rencontre joyeuse. Une belle f\u00eate, pleine de sourires et de simplicit\u00e9, qui a su transmettre le message de l\u2019\u00c9piphanie dans une atmosph\u00e8re lumineuse et accueillante.<\/p>\n\n\n\n<div style=\"height:54px\" aria-hidden=\"true\" class=\"wp-block-spacer\"><\/div>\n\n\n\n<figure class=\"wp-block-embed aligncenter is-type-video is-provider-youtube wp-block-embed-youtube wp-embed-aspect-16-9 wp-has-aspect-ratio\"><div class=\"wp-block-embed__wrapper\">\n<iframe loading=\"lazy\" title=\"F\u00eate de l&#039;Epiphanie 04012025 Lagord\" width=\"1080\" height=\"608\" src=\"https:\/\/www.youtube.com\/embed\/Q_KcPvdLViw?feature=oembed\"  allow=\"accelerometer; autoplay; clipboard-write; encrypted-media; gyroscope; picture-in-picture; web-share\" referrerpolicy=\"strict-origin-when-cross-origin\" allowfullscreen><\/iframe>\n<\/div><\/figure>\n\n\n\n<div style=\"height:54px\" aria-hidden=\"true\" class=\"wp-block-spacer\"><\/div>\n","protected":false},"excerpt":{"rendered":"<p>Ce dimanche 4 janvier, la communaut\u00e9 paroissiale s\u2019est rassembl\u00e9e pour c\u00e9l\u00e9brer la f\u00eate de l\u2019\u00c9piphanie, un moment fort du calendrier chr\u00e9tien qui comm\u00e9more la visite des mages \u00e0 l\u2019enfant J\u00e9sus. [&hellip;]<\/p>\n","protected":false},"author":4,"featured_media":10795,"comment_status":"open","ping_status":"open","sticky":false,"template":"","format":"standard","meta":{"_et_pb_use_builder":"off","_et_pb_old_content":"","_et_gb_content_width":"","footnotes":""},"categories":[6,42,19],"tags":[],"class_list":["post-10794","post","type-post","status-publish","format-standard","has-post-thumbnail","hentry","category-actualite","category-enfants","category-liturgie"],"_links":{"self":[{"href":"https:\/\/catholiques17.fr\/nieul\/wp-json\/wp\/v2\/posts\/10794","targetHints":{"allow":["GET"]}}],"collection":[{"href":"https:\/\/catholiques17.fr\/nieul\/wp-json\/wp\/v2\/posts"}],"about":[{"href":"https:\/\/catholiques17.fr\/nieul\/wp-json\/wp\/v2\/types\/post"}],"author":[{"embeddable":true,"href":"https:\/\/catholiques17.fr\/nieul\/wp-json\/wp\/v2\/users\/4"}],"replies":[{"embeddable":true,"href":"https:\/\/catholiques17.fr\/nieul\/wp-json\/wp\/v2\/comments?post=10794"}],"version-history":[{"count":2,"href":"https:\/\/catholiques17.fr\/nieul\/wp-json\/wp\/v2\/posts\/10794\/revisions"}],"predecessor-version":[{"id":10797,"href":"https:\/\/catholiques17.fr\/nieul\/wp-json\/wp\/v2\/posts\/10794\/revisions\/10797"}],"wp:featuredmedia":[{"embeddable":true,"href":"https:\/\/catholiques17.fr\/nieul\/wp-json\/wp\/v2\/media\/10795"}],"wp:attachment":[{"href":"https:\/\/catholiques17.fr\/nieul\/wp-json\/wp\/v2\/media?parent=10794"}],"wp:term":[{"taxonomy":"category","embeddable":true,"href":"https:\/\/catholiques17.fr\/nieul\/wp-json\/wp\/v2\/categories?post=10794"},{"taxonomy":"post_tag","embeddable":true,"href":"https:\/\/catholiques17.fr\/nieul\/wp-json\/wp\/v2\/tags?post=10794"}],"curies":[{"name":"wp","href":"https:\/\/api.w.org\/{rel}","templated":true}]}}