{"id":10763,"date":"2025-12-11T17:21:06","date_gmt":"2025-12-11T16:21:06","guid":{"rendered":"https:\/\/catholiques17.fr\/nieul\/?p=10763"},"modified":"2025-12-11T17:21:07","modified_gmt":"2025-12-11T16:21:07","slug":"a-lhoumeau-la-creche-vous-attend","status":"publish","type":"post","link":"https:\/\/catholiques17.fr\/nieul\/a-lhoumeau-la-creche-vous-attend\/","title":{"rendered":"A l&rsquo;Houmeau, la cr\u00e8che vous attend !"},"content":{"rendered":"\n<div style=\"height:74px\" aria-hidden=\"true\" class=\"wp-block-spacer\"><\/div>\n\n\n\n<p><strong>\u00ab\u00a0C\u2019est pr\u00e9cis\u00e9ment pour partager les limites et les fragilit\u00e9s de notre nature humaine qu\u2019Il s\u2019est fait Lui-m\u00eame pauvre, qu\u2019Il est n\u00e9 dans la chair comme nous, que nous l\u2019avons connu dans la petitesse d\u2019un enfant couch\u00e9 dans une mangeoire et dans l\u2019humiliation extr\u00eame de la croix, l\u00e0 o\u00f9 Il a partag\u00e9 notre pauvret\u00e9 radicale qui est la mort.\u00a0\u00bb<\/strong> L\u00e9on XIV, Dilexi Te, 16<\/p>\n\n\n\n<div style=\"height:62px\" aria-hidden=\"true\" class=\"wp-block-spacer\"><\/div>\n\n\n\n<div class=\"wp-block-columns is-layout-flex wp-container-core-columns-is-layout-9d6595d7 wp-block-columns-is-layout-flex\">\n<div class=\"wp-block-column is-layout-flow wp-block-column-is-layout-flow\">\n<figure class=\"wp-block-image size-full\"><a href=\"https:\/\/catholiques17.fr\/nieul\/wp-content\/uploads\/sites\/29\/2025\/12\/IMG-20251211-WA0004.jpg\"><img loading=\"lazy\" decoding=\"async\" width=\"600\" height=\"800\" src=\"https:\/\/catholiques17.fr\/nieul\/wp-content\/uploads\/sites\/29\/2025\/12\/IMG-20251211-WA0004.jpg\" alt=\"\" class=\"wp-image-10762\" srcset=\"https:\/\/catholiques17.fr\/nieul\/wp-content\/uploads\/sites\/29\/2025\/12\/IMG-20251211-WA0004.jpg 600w, https:\/\/catholiques17.fr\/nieul\/wp-content\/uploads\/sites\/29\/2025\/12\/IMG-20251211-WA0004-480x640.jpg 480w\" sizes=\"(min-width: 0px) and (max-width: 480px) 480px, (min-width: 481px) 600px, 100vw\" \/><\/a><\/figure>\n<\/div>\n\n\n\n<div class=\"wp-block-column is-layout-flow wp-block-column-is-layout-flow\">\n<figure class=\"wp-block-image size-full\"><a href=\"https:\/\/catholiques17.fr\/nieul\/wp-content\/uploads\/sites\/29\/2025\/12\/IMG-20251211-WA0003.jpg\"><img loading=\"lazy\" decoding=\"async\" width=\"600\" height=\"800\" src=\"https:\/\/catholiques17.fr\/nieul\/wp-content\/uploads\/sites\/29\/2025\/12\/IMG-20251211-WA0003.jpg\" alt=\"\" class=\"wp-image-10761\" srcset=\"https:\/\/catholiques17.fr\/nieul\/wp-content\/uploads\/sites\/29\/2025\/12\/IMG-20251211-WA0003.jpg 600w, https:\/\/catholiques17.fr\/nieul\/wp-content\/uploads\/sites\/29\/2025\/12\/IMG-20251211-WA0003-480x640.jpg 480w\" sizes=\"(min-width: 0px) and (max-width: 480px) 480px, (min-width: 481px) 600px, 100vw\" \/><\/a><\/figure>\n<\/div>\n<\/div>\n\n\n\n<p class=\"has-text-align-center\">Merci \u00e0 l&rsquo;\u00e9quipe de l&rsquo;Houmeau pour cette belle r\u00e9alisation qui nous invite \u00e0 l&rsquo;attente du Sauveur  !<\/p>\n\n\n\n<div style=\"height:62px\" aria-hidden=\"true\" class=\"wp-block-spacer\"><\/div>\n","protected":false},"excerpt":{"rendered":"<p>\u00ab\u00a0C\u2019est pr\u00e9cis\u00e9ment pour partager les limites et les fragilit\u00e9s de notre nature humaine qu\u2019Il s\u2019est fait Lui-m\u00eame pauvre, qu\u2019Il est n\u00e9 dans la chair comme nous, que nous l\u2019avons connu [&hellip;]<\/p>\n","protected":false},"author":4,"featured_media":10760,"comment_status":"open","ping_status":"open","sticky":false,"template":"","format":"standard","meta":{"_et_pb_use_builder":"off","_et_pb_old_content":"","_et_gb_content_width":"","footnotes":""},"categories":[6,45],"tags":[],"class_list":["post-10763","post","type-post","status-publish","format-standard","has-post-thumbnail","hentry","category-actualite","category-avent-noel"],"_links":{"self":[{"href":"https:\/\/catholiques17.fr\/nieul\/wp-json\/wp\/v2\/posts\/10763","targetHints":{"allow":["GET"]}}],"collection":[{"href":"https:\/\/catholiques17.fr\/nieul\/wp-json\/wp\/v2\/posts"}],"about":[{"href":"https:\/\/catholiques17.fr\/nieul\/wp-json\/wp\/v2\/types\/post"}],"author":[{"embeddable":true,"href":"https:\/\/catholiques17.fr\/nieul\/wp-json\/wp\/v2\/users\/4"}],"replies":[{"embeddable":true,"href":"https:\/\/catholiques17.fr\/nieul\/wp-json\/wp\/v2\/comments?post=10763"}],"version-history":[{"count":1,"href":"https:\/\/catholiques17.fr\/nieul\/wp-json\/wp\/v2\/posts\/10763\/revisions"}],"predecessor-version":[{"id":10764,"href":"https:\/\/catholiques17.fr\/nieul\/wp-json\/wp\/v2\/posts\/10763\/revisions\/10764"}],"wp:featuredmedia":[{"embeddable":true,"href":"https:\/\/catholiques17.fr\/nieul\/wp-json\/wp\/v2\/media\/10760"}],"wp:attachment":[{"href":"https:\/\/catholiques17.fr\/nieul\/wp-json\/wp\/v2\/media?parent=10763"}],"wp:term":[{"taxonomy":"category","embeddable":true,"href":"https:\/\/catholiques17.fr\/nieul\/wp-json\/wp\/v2\/categories?post=10763"},{"taxonomy":"post_tag","embeddable":true,"href":"https:\/\/catholiques17.fr\/nieul\/wp-json\/wp\/v2\/tags?post=10763"}],"curies":[{"name":"wp","href":"https:\/\/api.w.org\/{rel}","templated":true}]}}