{"id":10753,"date":"2025-12-11T11:59:34","date_gmt":"2025-12-11T10:59:34","guid":{"rendered":"https:\/\/catholiques17.fr\/nieul\/?p=10753"},"modified":"2025-12-11T11:59:35","modified_gmt":"2025-12-11T10:59:35","slug":"beatification-de-cinquante-martyrs-de-la-seconde-guerre-mondiale-a-notre-dame-de-paris","status":"publish","type":"post","link":"https:\/\/catholiques17.fr\/nieul\/beatification-de-cinquante-martyrs-de-la-seconde-guerre-mondiale-a-notre-dame-de-paris\/","title":{"rendered":"B\u00e9atification de cinquante martyrs de la Seconde Guerre mondiale \u00e0 Notre-Dame de Paris"},"content":{"rendered":"\n<div style=\"height:66px\" aria-hidden=\"true\" class=\"wp-block-spacer\"><\/div>\n\n\n\n<p><strong>Samedi 13 d\u00e9cembre 2025, \u00e0 14h30,  la cath\u00e9drale Notre-Dame de Paris c\u00e9l\u00e9brera la b\u00e9atification de cinquante martyrs fran\u00e7ais, victimes de la barbarie nazie pendant la Seconde Guerre mondiale. Ces hommes et ces femmes, morts \u00ab en haine de la foi \u00bb entre 1944 et 1945, seront officiellement reconnus par l\u2019\u00c9glise catholique pour leur courage et leur fid\u00e9lit\u00e9 in\u00e9branlable, jusqu\u2019au sacrifice ultime.<\/strong><\/p>\n\n\n\n<p>Cette c\u00e9r\u00e9monie, pr\u00e9sid\u00e9e par le cardinal Jean-Claude Hollerich, rev\u00eat une dimension particuli\u00e8re. Elle s\u2019inscrit \u00e0 la fois comme un hommage \u00e0 la m\u00e9moire de ces h\u00e9ros de la foi et comme un geste fort de r\u00e9conciliation, rappelant \u00e0 tous l\u2019importance de la r\u00e9sistance spirituelle face \u00e0 l\u2019oppression. Leur b\u00e9atification, annonc\u00e9e par le d\u00e9cret pontifical sign\u00e9 le 20 juin 2025 par le pape L\u00e9on XIV, consacre leur statut de martyrs, offrant ainsi un t\u00e9moignage lumineux pour les g\u00e9n\u00e9rations pr\u00e9sentes et futures.<\/p>\n\n\n\n<p>Parmi ces 50 figures, on compte 14 pr\u00eatres, 3 s\u00e9minaristes et 33 la\u00efcs, dont 19 membres de la Jeunesse ouvri\u00e8re chr\u00e9tienne et 14 Scouts de France. Tous ont p\u00e9ri dans les camps de concentration, unis par une m\u00eame foi. Leur histoire collective, marqu\u00e9e par la pers\u00e9cution et la violence, devient aujourd\u2019hui un symbole d\u2019espoir et de r\u00e9silience, invitant chacun \u00e0 m\u00e9diter sur la force de la conviction et la valeur de la libert\u00e9 int\u00e9rieure.<\/p>\n\n\n\n<div style=\"height:45px\" aria-hidden=\"true\" class=\"wp-block-spacer\"><\/div>\n\n\n\n<figure class=\"wp-block-embed aligncenter is-type-video is-provider-youtube wp-block-embed-youtube wp-embed-aspect-16-9 wp-has-aspect-ratio\"><div class=\"wp-block-embed__wrapper\">\n<iframe loading=\"lazy\" title=\"Messe de b\u00e9atification des 50 martyrs de l&#039;apostolat \u00e0 Notre-Dame de Paris - 13 d\u00e9cembre 2025\" width=\"1080\" height=\"608\" src=\"https:\/\/www.youtube.com\/embed\/J84PttYMh1k?feature=oembed\"  allow=\"accelerometer; autoplay; clipboard-write; encrypted-media; gyroscope; picture-in-picture; web-share\" referrerpolicy=\"strict-origin-when-cross-origin\" allowfullscreen><\/iframe>\n<\/div><\/figure>\n\n\n\n<div style=\"height:45px\" aria-hidden=\"true\" class=\"wp-block-spacer\"><\/div>\n\n\n\n<hr class=\"wp-block-separator has-text-color has-alpha-channel-opacity has-background is-style-wide\" style=\"background-color:#7c40b5;color:#7c40b5\"\/>\n\n\n\n<hr class=\"wp-block-separator has-text-color has-alpha-channel-opacity has-background is-style-wide\" style=\"background-color:#7c40b5;color:#7c40b5\"\/>\n\n\n\n<div style=\"height:45px\" aria-hidden=\"true\" class=\"wp-block-spacer\"><\/div>\n\n\n\n<p><strong>Religieux franciscains<\/strong> : G\u00e9rard Cendrier (1920-1944), mort au camp de concentration de Buchenwald ; Paul Le Ber (1920-1945), mort au camp de concentration de Buchenwald ; Joseph Paraire (1919-1945) mort dans un \u00ab convoi de la mort \u00bb ; et Andr\u00e9 Boucher (1920-1945) mort \u00e0 Buchenwald.<\/p>\n\n\n\n<p><strong>Pr\u00eatres dioc\u00e9sains <\/strong>: Raymond Cayr\u00e9 (1915-1944), mort de typhus au camp de concentration de Buchenwald ; Jules Grand (1905-1945), mort \u00e0 Buchenwald ; Maurice Rondeau (1911-1945), mort \u00e0 l&rsquo;h\u00f4pital bavarois de Cham ; Antoine Charmet (1906-1945), mort de tuberculose \u00e0 Buchenwald ; Louis Doumain (1920-1944), mort au camp de concentration de Z\u00f6schen ; Pascal Vergez (1910-1944), mort de typhus \u00e0 Z\u00f6schen ; Pierre de Porcaro (1904-1945), mort de typhus \u00e0 Dachau ; Ren\u00e9 Giraudet (1907-1945), intern\u00e9 \u00e0 Bergen-Belsen, malade du typhus, mort \u00e0 Paris ; et Jean Batiffol (1907-1945) mort \u00e0 Mauthausen.<\/p>\n\n\n\n<p><strong>Membres de la JOC<\/strong> : Jean L\u00e9picier (1921-1945), mort \u00e0 Buchenwald ; Bernard Lemaire (1920-1944), mort de typhus \u00e0 Buchenwald ; Maurice Grandet (1920-1944), mort de typhus \u00e0 Buchenwald ; Ren\u00e9 Ponsin (1923-1945), mort \u00e0 Buchenwald ; Claude-Colbert Lebeau (1922-1945), mort \u00e0 Z\u00f6schen ; Jean Chavet (1922-1945), mort du typhus \u00e0 Mauthausen ; Andr\u00e9 Parsy (1922-1944), intern\u00e9 \u00e0 Z\u00f6schen, mort \u00e0 Trebitz ; Andr\u00e9 Vall\u00e9e (1919-1945), mort \u00e0 Flossenb\u00fcrg ; Henri Marrannes (1923-1945), mort \u00e0 Zwickau ; Louis Pourtois (1919-1945), mort \u00e0 Mauthausen ; Camille Millet (1922-1945), mort \u00e0 Flossenb\u00fcrg ; Marcel Carrier (1922-1945), mort \u00e0 Neustadt lors de la \u00ab marche de la mort \u00bb ; Alfredo Dall&rsquo;Oglio (1921-1944), italien naturalis\u00e9 fran\u00e7ais, mort \u00e0 Wuhlheide ; Marcel Touquet (1914-1945), mort \u00e0 Ravensbr\u00fcck ; Lucien Croci (1919-1945), mort \u00e0 Barth ; Jean Mestre (1924-1944), mort peu apr\u00e8s son arrestation ; Jean Perriolat (1920-1945), mort \u00e0 Mauthausen ; Ren\u00e9 Rouz\u00e9 (1922-1945), mort \u00e0 Dora-Mittelbau ; et Henri Euzenat (1920-1945), mort \u00e0 Dachau.<\/p>\n\n\n\n<p><strong>Scouts de France <\/strong>: Louis Didion (1917-1945), mort \u00e0 Buchenwald ; Robert Saumont (1919-1945) mort \u00e0 Buchenwald ; Bernard Morizot (1924-1945), intern\u00e9 \u00e0 Buchenwald et fusill\u00e9 ; Jean Bernier (1920-1945) intern\u00e9 \u00e0 Dachau, mort d&rsquo;\u00e9puisement apr\u00e8s l&rsquo;\u00e9vacuation du camp \u00e0 l&rsquo;h\u00f4pital d&rsquo;Emmendingen ; Ren\u00e9 Boitier (1917-1945), intern\u00e9 \u00e0 Dachau, mort d&rsquo;\u00e9puisement apr\u00e8s l&rsquo;\u00e9vacuation du camp ; Robert D\u00e9fossez (1920-1945) mort de septic\u00e9mie \u00e0 Buchenwald ; Jean Pr\u00e9hu (1920-1945) mort \u00e0 Dachau ; Maurice-Philippe Bouchard (1916-1944), mort \u00e0 Buchenwald ; Raymond Louveaux (1913-1944) mort \u00e0 Buchenwald ; Gaston Raoult (1921-1945) mort dans la mine de Bad Salzungen ; Bernard Perrin (1921-1945) intern\u00e9 \u00e0 Mauthausen, mort \u00e0 Gusen ; Eug\u00e8ne Lemoine (1920-1945), mort \u00e0 Z\u00f6schen ; Robert Beauvais (1922-1945), mort \u00e0 Neuengamme ; et Jo\u00ebl Angl\u00e8s d&rsquo;Auriac (1922-1944), d\u00e9capit\u00e9 \u00e0 Dresde.<\/p>\n\n\n\n<p><\/p>\n\n\n\n<div style=\"height:61px\" aria-hidden=\"true\" class=\"wp-block-spacer\"><\/div>\n","protected":false},"excerpt":{"rendered":"<p>Samedi 13 d\u00e9cembre 2025, \u00e0 14h30, la cath\u00e9drale Notre-Dame de Paris c\u00e9l\u00e9brera la b\u00e9atification de cinquante martyrs fran\u00e7ais, victimes de la barbarie nazie pendant la Seconde Guerre mondiale. Ces hommes [&hellip;]<\/p>\n","protected":false},"author":4,"featured_media":10754,"comment_status":"open","ping_status":"open","sticky":false,"template":"","format":"standard","meta":{"_et_pb_use_builder":"off","_et_pb_old_content":"","_et_gb_content_width":"","footnotes":""},"categories":[6,21],"tags":[],"class_list":["post-10753","post","type-post","status-publish","format-standard","has-post-thumbnail","hentry","category-actualite","category-eglise-universelle"],"_links":{"self":[{"href":"https:\/\/catholiques17.fr\/nieul\/wp-json\/wp\/v2\/posts\/10753","targetHints":{"allow":["GET"]}}],"collection":[{"href":"https:\/\/catholiques17.fr\/nieul\/wp-json\/wp\/v2\/posts"}],"about":[{"href":"https:\/\/catholiques17.fr\/nieul\/wp-json\/wp\/v2\/types\/post"}],"author":[{"embeddable":true,"href":"https:\/\/catholiques17.fr\/nieul\/wp-json\/wp\/v2\/users\/4"}],"replies":[{"embeddable":true,"href":"https:\/\/catholiques17.fr\/nieul\/wp-json\/wp\/v2\/comments?post=10753"}],"version-history":[{"count":5,"href":"https:\/\/catholiques17.fr\/nieul\/wp-json\/wp\/v2\/posts\/10753\/revisions"}],"predecessor-version":[{"id":10759,"href":"https:\/\/catholiques17.fr\/nieul\/wp-json\/wp\/v2\/posts\/10753\/revisions\/10759"}],"wp:featuredmedia":[{"embeddable":true,"href":"https:\/\/catholiques17.fr\/nieul\/wp-json\/wp\/v2\/media\/10754"}],"wp:attachment":[{"href":"https:\/\/catholiques17.fr\/nieul\/wp-json\/wp\/v2\/media?parent=10753"}],"wp:term":[{"taxonomy":"category","embeddable":true,"href":"https:\/\/catholiques17.fr\/nieul\/wp-json\/wp\/v2\/categories?post=10753"},{"taxonomy":"post_tag","embeddable":true,"href":"https:\/\/catholiques17.fr\/nieul\/wp-json\/wp\/v2\/tags?post=10753"}],"curies":[{"name":"wp","href":"https:\/\/api.w.org\/{rel}","templated":true}]}}