{"id":10741,"date":"2025-12-08T07:36:22","date_gmt":"2025-12-08T06:36:22","guid":{"rendered":"https:\/\/catholiques17.fr\/nieul\/?p=10741"},"modified":"2025-12-08T09:36:43","modified_gmt":"2025-12-08T08:36:43","slug":"meditation-pour-la-2eme-semaine-de-lavent","status":"publish","type":"post","link":"https:\/\/catholiques17.fr\/nieul\/meditation-pour-la-2eme-semaine-de-lavent\/","title":{"rendered":"M\u00e9ditation pour la 2\u00e8me semaine de l&rsquo;Avent"},"content":{"rendered":"\n<div style=\"height:68px\" aria-hidden=\"true\" class=\"wp-block-spacer\"><\/div>\n\n\n\n<h2 class=\"wp-block-heading has-text-align-center\" id=\"isPasted\">En continuant notre marche vers No\u00ebl, <\/h2>\n\n\n\n<h2 class=\"wp-block-heading has-text-align-center\">nous nous pr\u00e9parons \u00e0 accueillir J\u00e9sus, le Prince de la Paix.<\/h2>\n\n\n\n<div style=\"height:65px\" aria-hidden=\"true\" class=\"wp-block-spacer\"><\/div>\n\n\n\n<h2 class=\"wp-block-heading has-text-align-center\">Deuxi\u00e8me semaine de l&rsquo;Avent : la paix<\/h2>\n\n\n\n<div style=\"height:27px\" aria-hidden=\"true\" class=\"wp-block-spacer\"><\/div>\n\n\n\n<p>La paix de No\u00ebl n\u2019est pas l\u2019absence de conflits, mais la pr\u00e9sence de Dieu au milieu de nous. Pendant ce temps de l\u2019Avent, nous sommes appel\u00e9s \u00e0 pr\u00e9parer nos c\u0153urs pour accueillir cette paix, comme une terre qui se laisse labourer pour recevoir la semence. Cette paix commence en nous, par la r\u00e9conciliation avec Dieu et avec nos fr\u00e8res, et s\u2019\u00e9tend au monde entier. Elle est un don \u00e0 recevoir et une mission \u00e0 vivre : devenir des artisans de fraternit\u00e9, des t\u00e9moins de cette paix que le Christ est venu apporter.<\/p>\n\n\n\n<p>Que ce temps nous aide \u00e0 cultiver en nous la douceur et la mis\u00e9ricorde, pour que nos vies deviennent des reflets de la paix de Bethl\u00e9em.<\/p>\n\n\n\n<div style=\"height:52px\" aria-hidden=\"true\" class=\"wp-block-spacer\"><\/div>\n\n\n\n<p><\/p>\n\n\n\n<p class=\"has-text-align-center has-white-color has-luminous-vivid-orange-background-color has-text-color has-background has-link-color has-medium-font-size wp-elements-34ad8d9490d3744bc0c32b5549a13237\">Cette semaine, d\u00e9couvrez chaque jour une citation sur la Paix des Papes Fran\u00e7ois et L\u00e9on XIV, <\/p>\n\n\n\n<p class=\"has-text-align-center has-white-color has-luminous-vivid-orange-background-color has-text-color has-background has-link-color has-medium-font-size wp-elements-204da613152e44cf19563d9085f848f1\">gr\u00e2ce \u00e0 notre<a href=\"https:\/\/catholiques17.fr\/calendrier-de-lavent-2025\/\" target=\"_blank\" rel=\"noreferrer noopener\"> <span style=\"text-decoration: underline;\">calendrier de l&rsquo;Avent<\/span><\/a><\/p>\n","protected":false},"excerpt":{"rendered":"<p>En continuant notre marche vers No\u00ebl, nous nous pr\u00e9parons \u00e0 accueillir J\u00e9sus, le Prince de la Paix. Deuxi\u00e8me semaine de l&rsquo;Avent : la paix La paix de No\u00ebl n\u2019est pas [&hellip;]<\/p>\n","protected":false},"author":4,"featured_media":10742,"comment_status":"open","ping_status":"open","sticky":false,"template":"","format":"standard","meta":{"_et_pb_use_builder":"off","_et_pb_old_content":"","_et_gb_content_width":"","footnotes":""},"categories":[6,45,23],"tags":[],"class_list":["post-10741","post","type-post","status-publish","format-standard","has-post-thumbnail","hentry","category-actualite","category-avent-noel","category-diocese"],"_links":{"self":[{"href":"https:\/\/catholiques17.fr\/nieul\/wp-json\/wp\/v2\/posts\/10741","targetHints":{"allow":["GET"]}}],"collection":[{"href":"https:\/\/catholiques17.fr\/nieul\/wp-json\/wp\/v2\/posts"}],"about":[{"href":"https:\/\/catholiques17.fr\/nieul\/wp-json\/wp\/v2\/types\/post"}],"author":[{"embeddable":true,"href":"https:\/\/catholiques17.fr\/nieul\/wp-json\/wp\/v2\/users\/4"}],"replies":[{"embeddable":true,"href":"https:\/\/catholiques17.fr\/nieul\/wp-json\/wp\/v2\/comments?post=10741"}],"version-history":[{"count":6,"href":"https:\/\/catholiques17.fr\/nieul\/wp-json\/wp\/v2\/posts\/10741\/revisions"}],"predecessor-version":[{"id":10748,"href":"https:\/\/catholiques17.fr\/nieul\/wp-json\/wp\/v2\/posts\/10741\/revisions\/10748"}],"wp:featuredmedia":[{"embeddable":true,"href":"https:\/\/catholiques17.fr\/nieul\/wp-json\/wp\/v2\/media\/10742"}],"wp:attachment":[{"href":"https:\/\/catholiques17.fr\/nieul\/wp-json\/wp\/v2\/media?parent=10741"}],"wp:term":[{"taxonomy":"category","embeddable":true,"href":"https:\/\/catholiques17.fr\/nieul\/wp-json\/wp\/v2\/categories?post=10741"},{"taxonomy":"post_tag","embeddable":true,"href":"https:\/\/catholiques17.fr\/nieul\/wp-json\/wp\/v2\/tags?post=10741"}],"curies":[{"name":"wp","href":"https:\/\/api.w.org\/{rel}","templated":true}]}}