{"id":10738,"date":"2025-12-08T09:23:11","date_gmt":"2025-12-08T08:23:11","guid":{"rendered":"https:\/\/catholiques17.fr\/nieul\/?p=10738"},"modified":"2025-12-08T09:23:13","modified_gmt":"2025-12-08T08:23:13","slug":"annonces-paroissiales-semaine-du-8-au-14-decembre","status":"publish","type":"post","link":"https:\/\/catholiques17.fr\/nieul\/annonces-paroissiales-semaine-du-8-au-14-decembre\/","title":{"rendered":"Annonces paroissiales &#8211; Semaine du 8 au 14 d\u00e9cembre"},"content":{"rendered":"\n<div style=\"height:64px\" aria-hidden=\"true\" class=\"wp-block-spacer\"><\/div>\n\n\n\n<p><strong>Lundi 8 d\u00e9cembre\u00a0:<\/strong> Obs\u00e8ques de M. Xavier BALLANGER \u00e0 10h \u00e0 Lagord &#8211; <strong>Solennit\u00e9 de l\u2019Immacul\u00e9e conception<\/strong> : Messe \u00e0 11h \u00e0 Lagord<\/p>\n\n\n\n<p><strong>Mardi 9 d\u00e9cembre :<\/strong> Messe \u00e0 18h30 \u00e0 Lagord &#8211; Confession \u00e0 partir de 18h.<\/p>\n\n\n\n<p><strong>Jeudi 11 d\u00e9cembre : <\/strong>Messe \u00e0 18h30 \u00e0 Lagord &#8211; Confession \u00e0 partir de 18h &#8211; Rencontre de pr\u00e9paration pour No\u00ebl \u00e0 18h30 \u00e0 la Salle Gaby Coll de Nieul.<\/p>\n\n\n\n<p><strong>Vendredi 12 d\u00e9cembre : <\/strong>Aum\u00f4nerie coll\u00e8ge et lyc\u00e9es \u00e0 F\u00e9tilly (La Rochelle centre) &#8211; Pr\u00e9paration au mariage \u00e0 19h \u00e0 la salle Gaby Coll.<\/p>\n\n\n\n<div style=\"height:55px\" aria-hidden=\"true\" class=\"wp-block-spacer\"><\/div>\n\n\n\n<p><strong>Dimanche 14 d\u00e9cembre 2025\u00a0:<\/strong>  <strong>3\u00e8me<\/strong><strong> dimanche de l\u2019Avent<\/strong><\/p>\n\n\n\n<ul class=\"wp-block-list\">\n<li>Samedi 13\/12 : Messe anticip\u00e9 le samedi \u00e0 18h \u00e0 Nieul sur Mer<\/li>\n\n\n\n<li>Dimanche 14\/12 : Messes \u00e0 9h30 \u00e0 Marsilly et \u00e0 11h \u00e0 Lagord<\/li>\n<\/ul>\n\n\n\n<div style=\"height:51px\" aria-hidden=\"true\" class=\"wp-block-spacer\"><\/div>\n\n\n\n<hr class=\"wp-block-separator has-text-color has-luminous-vivid-orange-color has-alpha-channel-opacity has-luminous-vivid-orange-background-color has-background is-style-wide\"\/>\n\n\n\n<div style=\"height:51px\" aria-hidden=\"true\" class=\"wp-block-spacer\"><\/div>\n\n\n\n<h2 class=\"wp-block-heading has-text-align-center\"><strong><span style=\"text-decoration: underline;\">DATE \u00e0 RETENIR<\/span> : <\/strong><\/h2>\n\n\n\n<div style=\"height:43px\" aria-hidden=\"true\" class=\"wp-block-spacer\"><\/div>\n\n\n\n<div class=\"wp-block-columns is-layout-flex wp-container-core-columns-is-layout-9d6595d7 wp-block-columns-is-layout-flex\">\n<div class=\"wp-block-column is-layout-flow wp-block-column-is-layout-flow\">\n<figure class=\"wp-block-image size-full\"><img loading=\"lazy\" decoding=\"async\" width=\"566\" height=\"800\" src=\"https:\/\/catholiques17.fr\/nieul\/wp-content\/uploads\/sites\/29\/2025\/11\/VF-Doyenne-La-Rochelle-Re.jpg\" alt=\"\" class=\"wp-image-10604\" srcset=\"https:\/\/catholiques17.fr\/nieul\/wp-content\/uploads\/sites\/29\/2025\/11\/VF-Doyenne-La-Rochelle-Re.jpg 566w, https:\/\/catholiques17.fr\/nieul\/wp-content\/uploads\/sites\/29\/2025\/11\/VF-Doyenne-La-Rochelle-Re-480x678.jpg 480w\" sizes=\"(min-width: 0px) and (max-width: 480px) 480px, (min-width: 481px) 566px, 100vw\" \/><\/figure>\n\n\n\n<div class=\"wp-block-columns is-layout-flex wp-container-core-columns-is-layout-9d6595d7 wp-block-columns-is-layout-flex\">\n<div class=\"wp-block-column has-background is-layout-flow wp-block-column-is-layout-flow\" style=\"background-color:#bce6fd\">\n<p class=\"has-text-align-center\"><strong>SAMEDI 20 DECEMBRE \u00e0 16h<\/strong><\/p>\n\n\n\n<p class=\"has-text-align-center\"><strong>Rencontre de Mgr Bozo avec les paroissiens du doyenn\u00e9.<\/strong><\/p>\n\n\n\n<p class=\"has-text-align-center\">Info <a href=\"https:\/\/catholiques17.fr\/nieul\/event\/rencontre-et-messe-avec-mgr-bozo\/\" data-type=\"page\" data-id=\"9262\" target=\"_blank\" rel=\"noreferrer noopener\">ici<\/a><\/p>\n<\/div>\n<\/div>\n<\/div>\n\n\n\n<div class=\"wp-block-column is-layout-flow wp-block-column-is-layout-flow\">\n<figure class=\"wp-block-image size-full\"><img loading=\"lazy\" decoding=\"async\" width=\"566\" height=\"800\" src=\"https:\/\/catholiques17.fr\/nieul\/wp-content\/uploads\/sites\/29\/2024\/12\/LOTO-AP-20261.jpg\" alt=\"\" class=\"wp-image-10616\" srcset=\"https:\/\/catholiques17.fr\/nieul\/wp-content\/uploads\/sites\/29\/2024\/12\/LOTO-AP-20261.jpg 566w, https:\/\/catholiques17.fr\/nieul\/wp-content\/uploads\/sites\/29\/2024\/12\/LOTO-AP-20261-480x678.jpg 480w\" sizes=\"(min-width: 0px) and (max-width: 480px) 480px, (min-width: 481px) 566px, 100vw\" \/><\/figure>\n\n\n\n<div class=\"wp-block-columns is-layout-flex wp-container-core-columns-is-layout-9d6595d7 wp-block-columns-is-layout-flex\">\n<div class=\"wp-block-column has-background is-layout-flow wp-block-column-is-layout-flow\" style=\"background-color:#f2ced6\">\n<p class=\"has-text-align-center\"><strong>WEEKEND DU 10 ET 11 JANVIER  20206<\/strong><\/p>\n\n\n\n<p class=\"has-text-align-center\"><strong>Lotos g\u00e9ants de l&rsquo;Association Paroissiale<\/strong><\/p>\n\n\n\n<p class=\"has-text-align-center\">Infos<a href=\"https:\/\/saint-gabriel.info\/loto-paroissial\/\" target=\"_blank\" rel=\"noreferrer noopener\"> ici<\/a><\/p>\n<\/div>\n<\/div>\n\n\n\n<p><\/p>\n\n\n\n<p><\/p>\n<\/div>\n<\/div>\n\n\n\n<p><\/p>\n","protected":false},"excerpt":{"rendered":"<p>Lundi 8 d\u00e9cembre\u00a0: Obs\u00e8ques de M. Xavier BALLANGER \u00e0 10h \u00e0 Lagord &#8211; Solennit\u00e9 de l\u2019Immacul\u00e9e conception : Messe \u00e0 11h \u00e0 Lagord Mardi 9 d\u00e9cembre : Messe \u00e0 18h30 [&hellip;]<\/p>\n","protected":false},"author":4,"featured_media":9017,"comment_status":"open","ping_status":"open","sticky":false,"template":"","format":"standard","meta":{"_et_pb_use_builder":"off","_et_pb_old_content":"","_et_gb_content_width":"","footnotes":""},"categories":[6,24],"tags":[],"class_list":["post-10738","post","type-post","status-publish","format-standard","has-post-thumbnail","hentry","category-actualite","category-annonces"],"_links":{"self":[{"href":"https:\/\/catholiques17.fr\/nieul\/wp-json\/wp\/v2\/posts\/10738","targetHints":{"allow":["GET"]}}],"collection":[{"href":"https:\/\/catholiques17.fr\/nieul\/wp-json\/wp\/v2\/posts"}],"about":[{"href":"https:\/\/catholiques17.fr\/nieul\/wp-json\/wp\/v2\/types\/post"}],"author":[{"embeddable":true,"href":"https:\/\/catholiques17.fr\/nieul\/wp-json\/wp\/v2\/users\/4"}],"replies":[{"embeddable":true,"href":"https:\/\/catholiques17.fr\/nieul\/wp-json\/wp\/v2\/comments?post=10738"}],"version-history":[{"count":2,"href":"https:\/\/catholiques17.fr\/nieul\/wp-json\/wp\/v2\/posts\/10738\/revisions"}],"predecessor-version":[{"id":10740,"href":"https:\/\/catholiques17.fr\/nieul\/wp-json\/wp\/v2\/posts\/10738\/revisions\/10740"}],"wp:featuredmedia":[{"embeddable":true,"href":"https:\/\/catholiques17.fr\/nieul\/wp-json\/wp\/v2\/media\/9017"}],"wp:attachment":[{"href":"https:\/\/catholiques17.fr\/nieul\/wp-json\/wp\/v2\/media?parent=10738"}],"wp:term":[{"taxonomy":"category","embeddable":true,"href":"https:\/\/catholiques17.fr\/nieul\/wp-json\/wp\/v2\/categories?post=10738"},{"taxonomy":"post_tag","embeddable":true,"href":"https:\/\/catholiques17.fr\/nieul\/wp-json\/wp\/v2\/tags?post=10738"}],"curies":[{"name":"wp","href":"https:\/\/api.w.org\/{rel}","templated":true}]}}