{"id":10706,"date":"2025-12-01T11:33:20","date_gmt":"2025-12-01T10:33:20","guid":{"rendered":"https:\/\/catholiques17.fr\/nieul\/?p=10706"},"modified":"2025-12-01T12:57:57","modified_gmt":"2025-12-01T11:57:57","slug":"intention-de-priere-du-pape-pour-le-mois-de-decembre-4","status":"publish","type":"post","link":"https:\/\/catholiques17.fr\/nieul\/intention-de-priere-du-pape-pour-le-mois-de-decembre-4\/","title":{"rendered":"Intention de pri\u00e8re du Pape pour le mois de d\u00e9cembre"},"content":{"rendered":"[et_pb_section admin_label=\u00a0\u00bbsection\u00a0\u00bb]\n\t\t\t[et_pb_row admin_label=\u00a0\u00bbrow\u00a0\u00bb]\n\t\t\t\t[et_pb_column type=\u00a0\u00bb4_4&Prime;][et_pb_text admin_label=\u00a0\u00bbText\u00a0\u00bb]\n<div style=\"height:72px\" aria-hidden=\"true\" class=\"wp-block-spacer\"><\/div>\n\n\n\n<p><strong>\u00c0 l&rsquo;occasion de son premier voyage apostolique, en Turquie et au Liban, le Saint-P\u00e8re demande que nous ne \u00ab tombions pas dans l\u2019indiff\u00e9rence \u00bb et que nous soyons des \u00ab artisans d\u2019unit\u00e9 \u00bb, en priant avec lui le \u00ab Dieu de paix \u00bb pour ces communaut\u00e9s qui ne doivent pas se sentir abandonn\u00e9es.<\/strong><\/p>\n\n\n\n<div style=\"height:30px\" aria-hidden=\"true\" class=\"wp-block-spacer\"><\/div>\n\n\n\n<p><\/p>\n\n\n\n<p class=\"has-text-align-center has-white-color has-luminous-vivid-orange-background-color has-text-color has-background has-link-color has-medium-font-size wp-elements-78f09db26b92991047620a360e95c665\">\u00ab\u00a0Prions pour que les chr\u00e9tiens qui vivent dans des contextes de guerre ou de conflit, <\/p>\n\n\n\n<p class=\"has-text-align-center has-white-color has-luminous-vivid-orange-background-color has-text-color has-background has-link-color has-medium-font-size wp-elements-1ea5467ff1b1fc4aeb2e5e6fefb64ff5\">en particulier au Moyen-Orient, soient des semences de paix, de r\u00e9conciliation et d\u2019espoir.\u00a0\u00bb<\/p>\n\n\n\n<div style=\"height:52px\" aria-hidden=\"true\" class=\"wp-block-spacer\"><\/div>\n\n\n\n<p class=\"has-small-font-size\"><strong>Un chemin humanisant est toujours pr\u00e9c\u00e9d\u00e9 par une transformation int\u00e9rieure.<\/strong>\u00a0Cela se per\u00e7oit tout particuli\u00e8rement dans le basculement \u00e0 vivre, quand, en zone de conflit, le chr\u00e9tien est appel\u00e9 \u00e0 devenir semence de paix. L\u2019eau de la r\u00e9conciliation doit alors se rassembler en lui comme dans une grande vasque, avant de d\u00e9border g\u00e9n\u00e9reusement vers l\u2019ext\u00e9rieur.<\/p>\n\n\n\n<div style=\"height:36px\" aria-hidden=\"true\" class=\"wp-block-spacer\"><\/div>\n\n\n\n<figure class=\"wp-block-embed aligncenter is-type-video is-provider-youtube wp-block-embed-youtube wp-embed-aspect-16-9 wp-has-aspect-ratio\"><div class=\"wp-block-embed__wrapper\">\n<iframe loading=\"lazy\" title=\"Pour les chr\u00e9tiens qui vivent des contextes de conflit \u2013 La Vid\u00e9o du Pape \u2013 D\u00e9cembre 2025\" width=\"1080\" height=\"608\" src=\"https:\/\/www.youtube.com\/embed\/zxjL9GV25cU?feature=oembed\"  allow=\"accelerometer; autoplay; clipboard-write; encrypted-media; gyroscope; picture-in-picture; web-share\" referrerpolicy=\"strict-origin-when-cross-origin\" allowfullscreen><\/iframe>\n<\/div><\/figure>\n\n\n\n<div style=\"height:36px\" aria-hidden=\"true\" class=\"wp-block-spacer\"><\/div>\n\n\n\n<p class=\"has-white-background-color has-background\"><\/p>\n\n\n\n<p><strong>\u00c0 priori, la volont\u00e9, ne peut y r\u00e9ussir \u00e0 elle seule, comme l\u2019attestent les t\u00e9moignages recueillis aupr\u00e8s des chr\u00e9tiens confront\u00e9s \u00e0 la guerre, en Ukraine et au Proche-Orient.<\/strong>&nbsp;Cela passe d\u2019abord par un combat int\u00e9rieur, dont nous ne sommes jamais assur\u00e9s de la victoire, du fait de l\u2019attente pr\u00e9alable d\u2019une ouverture ou d\u2019une r\u00e9conciliation en nous.<\/p>\n\n\n\n<p><strong>Ce cheminement nous demande donc de mobiliser tout notre \u00eatre et en premier lieu, sa dimension sacerdotale, puis sa dimension proph\u00e9tique et enfin sa dimension royale, en allant ainsi du plus profond de soi-m\u00eame au plus ext\u00e9rieur de la situation v\u00e9cue.<\/strong><\/p>\n\n\n\n<ol class=\"wp-block-list\">\n<li>L\u2019\u00eatre sacerdotal, c\u2019est cette partie profonde de moi qui re\u00e7oit la vie du Seigneur, la go\u00fbte et la lui offre. Je reconnais ainsi que je vis de ma relation au Seigneur et que mon action (royale) d\u00e9coule de cette relation premi\u00e8re. Lorsque je mobilise cette partie en moi-m\u00eame, une dimension cr\u00e9atrice et g\u00e9n\u00e9reuse voit le jour. Je puis alors donner, comme la source qui coule et donne g\u00e9n\u00e9reusement sans retour. Parce que je tisse avec le Seigneur et le P\u00e8re une relation premi\u00e8re qui me donne de voir le monde et ses conflits port\u00e9 par l\u2019amour trinitaire, je peux alors aller en paix et en fr\u00e8re dans le monde.<\/li>\n\n\n\n<li>L\u2019\u00eatre proph\u00e9tique peut ensuite se mobiliser. Il donne de parler justement \u00e0 l\u2019autre au moment qui convient. Cela inclut parfois de savoir attendre longuement dans une patience offerte, afin que l\u2019autre puisse devenir disponible \u00e0 ma parole. C\u2019est bien ce que vivent actuellement les Chr\u00e9tiens impliqu\u00e9s dans l\u2019amiti\u00e9 jud\u00e9o-chr\u00e9tienne. Ils sont pr\u00e9sents \u00e0 leurs amis juifs, loin de tout jugement, pour aider au cheminement qu\u2019ils ont \u00e0 vivre\u00a0<a href=\"https:\/\/www.prieredupapefrance.net\/devenir-semence-de-paix-un-cheminement-interieur\/#_edn1\">[1]<\/a>\u00a0apr\u00e8s l\u2019abomination de Gaza. Pour toucher la libert\u00e9 int\u00e9rieure de l\u2019autre, la parole proph\u00e9tique doit pouvoir lui parler au bon moment, dans son v\u00e9cu\u2026<\/li>\n\n\n\n<li>Puis, l\u2019\u00eatre royal est l\u00e0 pour consolider le d\u00e9but d\u2019entente entre les deux personnes. Il faut travailler avec l\u2019autre, dans le respect et la fraternit\u00e9, pour s\u2019ouvrir \u00e0 une cohabitation commune, pour partager et arriver \u00e0 construire un avenir commun.<\/li>\n<\/ol>\n\n\n\n<p>Que ce temps de l\u2019Avent qui s\u2019ouvre \u00e0 nous, conforte en chacun cette aptitude \u00e0 devenir semences de paix en toute situation&nbsp;!<\/p>\n\n\n\n<div style=\"height:23px\" aria-hidden=\"true\" class=\"wp-block-spacer\"><\/div>\n\n\n\n<p class=\"has-text-align-right\">Jean Luc Fabre sj., directeur du R\u00e9seau Mondial de Pri\u00e8re du Pape France<\/p>\n\n\n\n<p class=\"has-white-background-color has-background\"><br><a href=\"https:\/\/www.prieredupapefrance.net\/devenir-semence-de-paix-un-cheminement-interieur\/#_ednref1\">[1]<\/a>&nbsp;<a href=\"https:\/\/www.prieredupapefrance.net\/une-parole-chretienne-est-elle-possible-a-gaza\/\">Mardis d\u2019\u00e9thique publique \u2013 Une parole chr\u00e9tienne est-elle possible sur Gaza ? | Facult\u00e9s Loyola Paris<\/a>&nbsp;Mme Muriel de BERTIER, service national pour les relations avec le juda\u00efsme (conf\u00e9rence des \u00e9v\u00eaques) atteste de cette attitude dans la&nbsp;<em>soir\u00e9es des Mardis d\u2019\u00e9thique publique con<\/em>sacr\u00e9e \u00e0 la possibilit\u00e9 d\u2019une parole chr\u00e9tienne sur Gaza.<\/p>\n\n\n\n<div style=\"height:58px\" aria-hidden=\"true\" class=\"wp-block-spacer\"><\/div>\n\n\n\n<p class=\"has-white-color has-text-color has-background has-link-color has-medium-font-size wp-elements-17f718b7e06ff6f62648384a690de870\" style=\"background-color:#0c7bbc\">\u00ab\u00a0Prions pour que les chr\u00e9tiens qui vivent dans des contextes de guerre ou de conflit, en particulier au Moyen-Orient, soient des semences de paix, de r\u00e9conciliation et d\u2019espoir. Dieu de paix, toi qui, par le sang de ton Fils, as r\u00e9concili\u00e9 le monde avec toi, nous te prions aujourd\u2019hui pour les chr\u00e9tiens qui vivent au milieu des guerres et des violences. M\u00eame plong\u00e9s dans la douleur, qu\u2019ils ne cessent jamais de percevoir la douce bont\u00e9 de ta pr\u00e9sence et la pri\u00e8re de leurs fr\u00e8res et s\u0153urs dans la foi. Car ce n\u2019est qu\u2019en toi, et fortifi\u00e9s par les liens fraternels, qu\u2019ils peuvent devenir semences de r\u00e9conciliation, b\u00e2tisseurs d\u2019esp\u00e9rance, dans les gestes les plus simples comme dans les plus grands, capables de pardonner et d\u2019aller de l\u2019avant, de jeter des ponts, et de rechercher la justice avec mis\u00e9ricorde. Seigneur J\u00e9sus, toi qui as appel\u00e9 bienheureux ceux qui \u0153uvrent pour la paix, fais de nous tes instruments de paix, m\u00eame l\u00e0 o\u00f9 l\u2019harmonie semble impossible. Esprit Saint, source d\u2019esp\u00e9rance dans les heures les plus sombres, soutiens la foi de ceux qui souffrent et affermis leur esp\u00e9rance. Ne permets pas que nous tombions dans l\u2019indiff\u00e9rence, et fais de nous des artisans d\u2019unit\u00e9, \u00e0 l\u2019image de J\u00e9sus.          Amen.\u00a0\u00bb<\/p>\n\n\n\n<div style=\"height:57px\" aria-hidden=\"true\" class=\"wp-block-spacer\"><\/div>\n[\/et_pb_text][\/et_pb_column]\n\t\t\t[\/et_pb_row]\n\t\t[\/et_pb_section]","protected":false},"excerpt":{"rendered":"<p>\u00c0 l&rsquo;occasion de son premier voyage apostolique, en Turquie et au Liban, le Saint-P\u00e8re demande que nous ne \u00ab tombions pas dans l\u2019indiff\u00e9rence \u00bb et que nous soyons des \u00ab [&hellip;]<\/p>\n","protected":false},"author":4,"featured_media":10707,"comment_status":"open","ping_status":"open","sticky":false,"template":"","format":"standard","meta":{"_et_pb_use_builder":"on","_et_pb_old_content":"<!-- wp:spacer {\"height\":\"72px\"} -->\n<div style=\"height:72px\" aria-hidden=\"true\" class=\"wp-block-spacer\"><\/div>\n<!-- \/wp:spacer -->\n\n<!-- wp:paragraph -->\n<p><strong>\u00c0 l'occasion de son premier voyage apostolique, en Turquie et au Liban, le Saint-P\u00e8re demande que nous ne \u00ab tombions pas dans l\u2019indiff\u00e9rence \u00bb et que nous soyons des \u00ab artisans d\u2019unit\u00e9 \u00bb, en priant avec lui le \u00ab Dieu de paix \u00bb pour ces communaut\u00e9s qui ne doivent pas se sentir abandonn\u00e9es.<\/strong><\/p>\n<!-- \/wp:paragraph -->\n\n<!-- wp:spacer {\"height\":\"30px\"} -->\n<div style=\"height:30px\" aria-hidden=\"true\" class=\"wp-block-spacer\"><\/div>\n<!-- \/wp:spacer -->\n\n<!-- wp:paragraph -->\n<p><\/p>\n<!-- \/wp:paragraph -->\n\n<!-- wp:paragraph {\"align\":\"center\",\"style\":{\"elements\":{\"link\":{\"color\":{\"text\":\"var:preset|color|white\"}}}},\"backgroundColor\":\"luminous-vivid-orange\",\"textColor\":\"white\",\"fontSize\":\"medium\"} -->\n<p class=\"has-text-align-center has-white-color has-luminous-vivid-orange-background-color has-text-color has-background has-link-color has-medium-font-size\">\"Prions pour que les chr\u00e9tiens qui vivent dans des contextes de guerre ou de conflit, <\/p>\n<!-- \/wp:paragraph -->\n\n<!-- wp:paragraph {\"align\":\"center\",\"style\":{\"elements\":{\"link\":{\"color\":{\"text\":\"var:preset|color|white\"}}}},\"backgroundColor\":\"luminous-vivid-orange\",\"textColor\":\"white\",\"fontSize\":\"medium\"} -->\n<p class=\"has-text-align-center has-white-color has-luminous-vivid-orange-background-color has-text-color has-background has-link-color has-medium-font-size\">en particulier au Moyen-Orient, soient des semences de paix, de r\u00e9conciliation et d\u2019espoir.\"<\/p>\n<!-- \/wp:paragraph -->\n\n<!-- wp:spacer {\"height\":\"52px\"} -->\n<div style=\"height:52px\" aria-hidden=\"true\" class=\"wp-block-spacer\"><\/div>\n<!-- \/wp:spacer -->\n\n<!-- wp:paragraph {\"fontSize\":\"small\"} -->\n<p class=\"has-small-font-size\"><strong>Un chemin humanisant est toujours pr\u00e9c\u00e9d\u00e9 par une transformation int\u00e9rieure.<\/strong>\u00a0Cela se per\u00e7oit tout particuli\u00e8rement dans le basculement \u00e0 vivre, quand, en zone de conflit, le chr\u00e9tien est appel\u00e9 \u00e0 devenir semence de paix. L\u2019eau de la r\u00e9conciliation doit alors se rassembler en lui comme dans une grande vasque, avant de d\u00e9border g\u00e9n\u00e9reusement vers l\u2019ext\u00e9rieur.<\/p>\n<!-- \/wp:paragraph -->\n\n<!-- wp:spacer {\"height\":\"36px\"} -->\n<div style=\"height:36px\" aria-hidden=\"true\" class=\"wp-block-spacer\"><\/div>\n<!-- \/wp:spacer -->\n\n<!-- wp:embed {\"url\":\"https:\/\/youtu.be\/zxjL9GV25cU?si=fX4LDGkVhty1E1Tj\",\"type\":\"video\",\"providerNameSlug\":\"youtube\",\"responsive\":true,\"align\":\"center\",\"className\":\"wp-embed-aspect-16-9 wp-has-aspect-ratio\"} -->\n<figure class=\"wp-block-embed aligncenter is-type-video is-provider-youtube wp-block-embed-youtube wp-embed-aspect-16-9 wp-has-aspect-ratio\"><div class=\"wp-block-embed__wrapper\">\nhttps:\/\/youtu.be\/zxjL9GV25cU?si=fX4LDGkVhty1E1Tj\n<\/div><\/figure>\n<!-- \/wp:embed -->\n\n<!-- wp:spacer {\"height\":\"36px\"} -->\n<div style=\"height:36px\" aria-hidden=\"true\" class=\"wp-block-spacer\"><\/div>\n<!-- \/wp:spacer -->\n\n<!-- wp:paragraph {\"backgroundColor\":\"white\"} -->\n<p class=\"has-white-background-color has-background\"><\/p>\n<!-- \/wp:paragraph -->\n\n<!-- wp:paragraph -->\n<p><strong>\u00c0 priori, la volont\u00e9, ne peut y r\u00e9ussir \u00e0 elle seule, comme l\u2019attestent les t\u00e9moignages recueillis aupr\u00e8s des chr\u00e9tiens confront\u00e9s \u00e0 la guerre, en Ukraine et au Proche-Orient.<\/strong>&nbsp;Cela passe d\u2019abord par un combat int\u00e9rieur, dont nous ne sommes jamais assur\u00e9s de la victoire, du fait de l\u2019attente pr\u00e9alable d\u2019une ouverture ou d\u2019une r\u00e9conciliation en nous.<\/p>\n<!-- \/wp:paragraph -->\n\n<!-- wp:paragraph -->\n<p><strong>Ce cheminement nous demande donc de mobiliser tout notre \u00eatre et en premier lieu, sa dimension sacerdotale, puis sa dimension proph\u00e9tique et enfin sa dimension royale, en allant ainsi du plus profond de soi-m\u00eame au plus ext\u00e9rieur de la situation v\u00e9cue.<\/strong><\/p>\n<!-- \/wp:paragraph -->\n\n<!-- wp:list {\"ordered\":true} -->\n<ol class=\"wp-block-list\"><!-- wp:list-item -->\n<li>L\u2019\u00eatre sacerdotal, c\u2019est cette partie profonde de moi qui re\u00e7oit la vie du Seigneur, la go\u00fbte et la lui offre. Je reconnais ainsi que je vis de ma relation au Seigneur et que mon action (royale) d\u00e9coule de cette relation premi\u00e8re. Lorsque je mobilise cette partie en moi-m\u00eame, une dimension cr\u00e9atrice et g\u00e9n\u00e9reuse voit le jour. Je puis alors donner, comme la source qui coule et donne g\u00e9n\u00e9reusement sans retour. Parce que je tisse avec le Seigneur et le P\u00e8re une relation premi\u00e8re qui me donne de voir le monde et ses conflits port\u00e9 par l\u2019amour trinitaire, je peux alors aller en paix et en fr\u00e8re dans le monde.<\/li>\n<!-- \/wp:list-item -->\n\n<!-- wp:list-item -->\n<li>L\u2019\u00eatre proph\u00e9tique peut ensuite se mobiliser. Il donne de parler justement \u00e0 l\u2019autre au moment qui convient. Cela inclut parfois de savoir attendre longuement dans une patience offerte, afin que l\u2019autre puisse devenir disponible \u00e0 ma parole. C\u2019est bien ce que vivent actuellement les Chr\u00e9tiens impliqu\u00e9s dans l\u2019amiti\u00e9 jud\u00e9o-chr\u00e9tienne. Ils sont pr\u00e9sents \u00e0 leurs amis juifs, loin de tout jugement, pour aider au cheminement qu\u2019ils ont \u00e0 vivre\u00a0<a href=\"https:\/\/www.prieredupapefrance.net\/devenir-semence-de-paix-un-cheminement-interieur\/#_edn1\">[1]<\/a>\u00a0apr\u00e8s l\u2019abomination de Gaza. Pour toucher la libert\u00e9 int\u00e9rieure de l\u2019autre, la parole proph\u00e9tique doit pouvoir lui parler au bon moment, dans son v\u00e9cu\u2026<\/li>\n<!-- \/wp:list-item -->\n\n<!-- wp:list-item -->\n<li>Puis, l\u2019\u00eatre royal est l\u00e0 pour consolider le d\u00e9but d\u2019entente entre les deux personnes. Il faut travailler avec l\u2019autre, dans le respect et la fraternit\u00e9, pour s\u2019ouvrir \u00e0 une cohabitation commune, pour partager et arriver \u00e0 construire un avenir commun.<\/li>\n<!-- \/wp:list-item --><\/ol>\n<!-- \/wp:list -->\n\n<!-- wp:paragraph -->\n<p>Que ce temps de l\u2019Avent qui s\u2019ouvre \u00e0 nous, conforte en chacun cette aptitude \u00e0 devenir semences de paix en toute situation&nbsp;!<\/p>\n<!-- \/wp:paragraph -->\n\n<!-- wp:spacer {\"height\":\"23px\"} -->\n<div style=\"height:23px\" aria-hidden=\"true\" class=\"wp-block-spacer\"><\/div>\n<!-- \/wp:spacer -->\n\n<!-- wp:paragraph {\"align\":\"right\"} -->\n<p class=\"has-text-align-right\">Jean Luc Fabre sj., directeur du R\u00e9seau Mondial de Pri\u00e8re du Pape France<\/p>\n<!-- \/wp:paragraph -->\n\n<!-- wp:paragraph {\"backgroundColor\":\"white\"} -->\n<p class=\"has-white-background-color has-background\"><br><a href=\"https:\/\/www.prieredupapefrance.net\/devenir-semence-de-paix-un-cheminement-interieur\/#_ednref1\">[1]<\/a>&nbsp;<a href=\"https:\/\/www.prieredupapefrance.net\/une-parole-chretienne-est-elle-possible-a-gaza\/\">Mardis d\u2019\u00e9thique publique \u2013 Une parole chr\u00e9tienne est-elle possible sur Gaza ? | Facult\u00e9s Loyola Paris<\/a>&nbsp;Mme Muriel de BERTIER, service national pour les relations avec le juda\u00efsme (conf\u00e9rence des \u00e9v\u00eaques) atteste de cette attitude dans la&nbsp;<em>soir\u00e9es des Mardis d\u2019\u00e9thique publique con<\/em>sacr\u00e9e \u00e0 la possibilit\u00e9 d\u2019une parole chr\u00e9tienne sur Gaza.<\/p>\n<!-- \/wp:paragraph -->\n\n<!-- wp:spacer {\"height\":\"58px\"} -->\n<div style=\"height:58px\" aria-hidden=\"true\" class=\"wp-block-spacer\"><\/div>\n<!-- \/wp:spacer -->\n\n<!-- wp:paragraph {\"style\":{\"color\":{\"background\":\"#0c7bbc\"},\"elements\":{\"link\":{\"color\":{\"text\":\"var:preset|color|white\"}}}},\"textColor\":\"white\",\"fontSize\":\"medium\"} -->\n<p class=\"has-white-color has-text-color has-background has-link-color has-medium-font-size\" style=\"background-color:#0c7bbc\">\"Prions pour que les chr\u00e9tiens qui vivent dans des contextes de guerre ou de conflit, en particulier au Moyen-Orient, soient des semences de paix, de r\u00e9conciliation et d\u2019espoir. Dieu de paix, toi qui, par le sang de ton Fils, as r\u00e9concili\u00e9 le monde avec toi, nous te prions aujourd\u2019hui pour les chr\u00e9tiens qui vivent au milieu des guerres et des violences. M\u00eame plong\u00e9s dans la douleur, qu\u2019ils ne cessent jamais de percevoir la douce bont\u00e9 de ta pr\u00e9sence et la pri\u00e8re de leurs fr\u00e8res et s\u0153urs dans la foi. Car ce n\u2019est qu\u2019en toi, et fortifi\u00e9s par les liens fraternels, qu\u2019ils peuvent devenir semences de r\u00e9conciliation, b\u00e2tisseurs d\u2019esp\u00e9rance, dans les gestes les plus simples comme dans les plus grands, capables de pardonner et d\u2019aller de l\u2019avant, de jeter des ponts, et de rechercher la justice avec mis\u00e9ricorde. Seigneur J\u00e9sus, toi qui as appel\u00e9 bienheureux ceux qui \u0153uvrent pour la paix, fais de nous tes instruments de paix, m\u00eame l\u00e0 o\u00f9 l\u2019harmonie semble impossible. Esprit Saint, source d\u2019esp\u00e9rance dans les heures les plus sombres, soutiens la foi de ceux qui souffrent et affermis leur esp\u00e9rance. Ne permets pas que nous tombions dans l\u2019indiff\u00e9rence, et fais de nous des artisans d\u2019unit\u00e9, \u00e0 l\u2019image de J\u00e9sus.          Amen.\"<\/p>\n<!-- \/wp:paragraph -->\n\n<!-- wp:spacer {\"height\":\"57px\"} -->\n<div style=\"height:57px\" aria-hidden=\"true\" class=\"wp-block-spacer\"><\/div>\n<!-- \/wp:spacer -->","_et_gb_content_width":"","footnotes":""},"categories":[6,21,49],"tags":[],"class_list":["post-10706","post","type-post","status-publish","format-standard","has-post-thumbnail","hentry","category-actualite","category-eglise-universelle","category-pape"],"_links":{"self":[{"href":"https:\/\/catholiques17.fr\/nieul\/wp-json\/wp\/v2\/posts\/10706","targetHints":{"allow":["GET"]}}],"collection":[{"href":"https:\/\/catholiques17.fr\/nieul\/wp-json\/wp\/v2\/posts"}],"about":[{"href":"https:\/\/catholiques17.fr\/nieul\/wp-json\/wp\/v2\/types\/post"}],"author":[{"embeddable":true,"href":"https:\/\/catholiques17.fr\/nieul\/wp-json\/wp\/v2\/users\/4"}],"replies":[{"embeddable":true,"href":"https:\/\/catholiques17.fr\/nieul\/wp-json\/wp\/v2\/comments?post=10706"}],"version-history":[{"count":9,"href":"https:\/\/catholiques17.fr\/nieul\/wp-json\/wp\/v2\/posts\/10706\/revisions"}],"predecessor-version":[{"id":10716,"href":"https:\/\/catholiques17.fr\/nieul\/wp-json\/wp\/v2\/posts\/10706\/revisions\/10716"}],"wp:featuredmedia":[{"embeddable":true,"href":"https:\/\/catholiques17.fr\/nieul\/wp-json\/wp\/v2\/media\/10707"}],"wp:attachment":[{"href":"https:\/\/catholiques17.fr\/nieul\/wp-json\/wp\/v2\/media?parent=10706"}],"wp:term":[{"taxonomy":"category","embeddable":true,"href":"https:\/\/catholiques17.fr\/nieul\/wp-json\/wp\/v2\/categories?post=10706"},{"taxonomy":"post_tag","embeddable":true,"href":"https:\/\/catholiques17.fr\/nieul\/wp-json\/wp\/v2\/tags?post=10706"}],"curies":[{"name":"wp","href":"https:\/\/api.w.org\/{rel}","templated":true}]}}