{"id":10671,"date":"2025-11-24T09:58:39","date_gmt":"2025-11-24T08:58:39","guid":{"rendered":"https:\/\/catholiques17.fr\/nieul\/?p=10671"},"modified":"2025-11-24T09:58:40","modified_gmt":"2025-11-24T08:58:40","slug":"le-conseil-economique-nous-interpelle","status":"publish","type":"post","link":"https:\/\/catholiques17.fr\/nieul\/le-conseil-economique-nous-interpelle\/","title":{"rendered":"Le conseil \u00e9conomique nous interpelle !"},"content":{"rendered":"\n<div style=\"height:100px\" aria-hidden=\"true\" class=\"wp-block-spacer\"><\/div>\n\n\n\n<p>A l&rsquo;occasion des messes de ce week-end, des repr\u00e9sentants du conseil \u00e9conomique ont pr\u00e9sent\u00e9 la situation financi\u00e8re paroissiale, en s&rsquo;attachant plus particuli\u00e8rement \u00e0 expliquer la r\u00e9mun\u00e9ration de nos deux pr\u00eatres, Luca et Danijel.<\/p>\n\n\n\n<p>Leurs traitements et toutes les charges (SS, mutuelle, caisse de retraite, etc&#8230;) sont assur\u00e9es par les dons des fid\u00e8les, par le biais du Denier de l&rsquo;Eglise. A ce jour, les dons vers\u00e9s par les paroissiens de St Gabriel , n&rsquo;arrivent pas \u00e0 couvrir la totalit\u00e9 de ces d\u00e9penses. <strong>Nous sommes donc tous invit\u00e9s, \u00e0 la hauteur de nos possibilit\u00e9s, \u00e0 nous mobiliser !<\/strong><\/p>\n\n\n\n<div style=\"height:55px\" aria-hidden=\"true\" class=\"wp-block-spacer\"><\/div>\n\n\n\n<p>Toutes les informations sont disponibles sur la plaquette d&rsquo;information que vous trouverez dans les \u00e9glises, au secr\u00e9tariat, ou en t\u00e9l\u00e9chargement ci-dessous.<\/p>\n\n\n\n<div style=\"height:48px\" aria-hidden=\"true\" class=\"wp-block-spacer\"><\/div>\n\n\n\n<div class=\"wp-block-columns is-layout-flex wp-container-core-columns-is-layout-9d6595d7 wp-block-columns-is-layout-flex\">\n<div class=\"wp-block-column is-layout-flow wp-block-column-is-layout-flow\">\n<figure class=\"wp-block-image size-full\"><a href=\"https:\/\/catholiques17.fr\/nieul\/wp-content\/uploads\/sites\/29\/2025\/05\/PAROISSE-SAINT-GABRIEL.png\"><img loading=\"lazy\" decoding=\"async\" width=\"566\" height=\"800\" src=\"https:\/\/catholiques17.fr\/nieul\/wp-content\/uploads\/sites\/29\/2025\/05\/PAROISSE-SAINT-GABRIEL.png\" alt=\"\" class=\"wp-image-10252\" srcset=\"https:\/\/catholiques17.fr\/nieul\/wp-content\/uploads\/sites\/29\/2025\/05\/PAROISSE-SAINT-GABRIEL.png 566w, https:\/\/catholiques17.fr\/nieul\/wp-content\/uploads\/sites\/29\/2025\/05\/PAROISSE-SAINT-GABRIEL-480x678.png 480w\" sizes=\"(min-width: 0px) and (max-width: 480px) 480px, (min-width: 481px) 566px, 100vw\" \/><\/a><\/figure>\n<\/div>\n\n\n\n<div class=\"wp-block-column is-layout-flow wp-block-column-is-layout-flow\">\n<figure class=\"wp-block-image size-full\"><a href=\"https:\/\/catholiques17.fr\/nieul\/wp-content\/uploads\/sites\/29\/2025\/05\/2-3.png\"><img loading=\"lazy\" decoding=\"async\" width=\"566\" height=\"800\" src=\"https:\/\/catholiques17.fr\/nieul\/wp-content\/uploads\/sites\/29\/2025\/05\/2-3.png\" alt=\"\" class=\"wp-image-10249\" srcset=\"https:\/\/catholiques17.fr\/nieul\/wp-content\/uploads\/sites\/29\/2025\/05\/2-3.png 566w, https:\/\/catholiques17.fr\/nieul\/wp-content\/uploads\/sites\/29\/2025\/05\/2-3-480x678.png 480w\" sizes=\"(min-width: 0px) and (max-width: 480px) 480px, (min-width: 481px) 566px, 100vw\" \/><\/a><\/figure>\n<\/div>\n<\/div>\n\n\n\n<div style=\"height:48px\" aria-hidden=\"true\" class=\"wp-block-spacer\"><\/div>\n\n\n\n<div class=\"wp-block-columns is-layout-flex wp-container-core-columns-is-layout-9d6595d7 wp-block-columns-is-layout-flex\">\n<div class=\"wp-block-column is-layout-flow wp-block-column-is-layout-flow\">\n<figure class=\"wp-block-image size-full\"><a href=\"https:\/\/catholiques17.fr\/nieul\/wp-content\/uploads\/sites\/29\/2025\/05\/3-3.png\"><img loading=\"lazy\" decoding=\"async\" width=\"566\" height=\"800\" src=\"https:\/\/catholiques17.fr\/nieul\/wp-content\/uploads\/sites\/29\/2025\/05\/3-3.png\" alt=\"\" class=\"wp-image-10250\" srcset=\"https:\/\/catholiques17.fr\/nieul\/wp-content\/uploads\/sites\/29\/2025\/05\/3-3.png 566w, https:\/\/catholiques17.fr\/nieul\/wp-content\/uploads\/sites\/29\/2025\/05\/3-3-480x678.png 480w\" sizes=\"(min-width: 0px) and (max-width: 480px) 480px, (min-width: 481px) 566px, 100vw\" \/><\/a><\/figure>\n<\/div>\n\n\n\n<div class=\"wp-block-column is-layout-flow wp-block-column-is-layout-flow\">\n<figure class=\"wp-block-image size-full\"><a href=\"https:\/\/catholiques17.fr\/nieul\/wp-content\/uploads\/sites\/29\/2025\/05\/4-2.png\"><img loading=\"lazy\" decoding=\"async\" width=\"566\" height=\"800\" src=\"https:\/\/catholiques17.fr\/nieul\/wp-content\/uploads\/sites\/29\/2025\/05\/4-2.png\" alt=\"\" class=\"wp-image-10251\" srcset=\"https:\/\/catholiques17.fr\/nieul\/wp-content\/uploads\/sites\/29\/2025\/05\/4-2.png 566w, https:\/\/catholiques17.fr\/nieul\/wp-content\/uploads\/sites\/29\/2025\/05\/4-2-480x678.png 480w\" sizes=\"(min-width: 0px) and (max-width: 480px) 480px, (min-width: 481px) 566px, 100vw\" \/><\/a><\/figure>\n<\/div>\n<\/div>\n\n\n\n<div style=\"height:48px\" aria-hidden=\"true\" class=\"wp-block-spacer\"><\/div>\n\n\n\n<div class=\"wp-block-buttons is-content-justification-center is-layout-flex wp-container-core-buttons-is-layout-16018d1d wp-block-buttons-is-layout-flex\">\n<div class=\"wp-block-button is-style-outline is-style-outline--1\"><a class=\"wp-block-button__link has-luminous-vivid-orange-color has-text-color has-link-color wp-element-button\" href=\"https:\/\/catholiques17.fr\/nieul\/wp-content\/uploads\/sites\/29\/2025\/05\/PAROISSE-SAINT-GABRIEL.pdf\" target=\"_blank\" rel=\"noreferrer noopener\">Je t\u00e9l\u00e9charge\/imprime le document<\/a><\/div>\n<\/div>\n\n\n\n<div style=\"height:48px\" aria-hidden=\"true\" class=\"wp-block-spacer\"><\/div>\n\n\n\n<p>Si vous \u00eates imposable, vous pouvez <strong>d\u00e9duire de votre imp\u00f4t sur le revenu<\/strong> 66\u00a0% du montant de votre don (dans la limite de 20\u00a0% de votre revenu imposable). Par exemple, un don de 50 \u20ac ouvre droit \u00e0 une r\u00e9duction d&rsquo;imp\u00f4t de 33 \u20ac, un don de 100 euros \u00e0 une r\u00e9duction de 66 \u20ac, etc.<\/p>\n\n\n\n<div style=\"height:31px\" aria-hidden=\"true\" class=\"wp-block-spacer\"><\/div>\n\n\n\n<p>Il est \u00e9galement possible de se mensualiser, m\u00eame pour des petites sommes. N&rsquo;h\u00e9sitez pas \u00e0 vous connecter <a href=\"https:\/\/donnons-catholiques17.fr\/\" target=\"_blank\" rel=\"noreferrer noopener\">sur le site de dons<\/a> pour conna\u00eetre toutes les possibilit\u00e9s, ou \u00e0 vous renseigner aupr\u00e8s de nos pr\u00eatres.<\/p>\n\n\n\n<div style=\"height:71px\" aria-hidden=\"true\" class=\"wp-block-spacer\"><\/div>\n","protected":false},"excerpt":{"rendered":"<p>A l&rsquo;occasion des messes de ce week-end, des repr\u00e9sentants du conseil \u00e9conomique ont pr\u00e9sent\u00e9 la situation financi\u00e8re paroissiale, en s&rsquo;attachant plus particuli\u00e8rement \u00e0 expliquer la r\u00e9mun\u00e9ration de nos deux pr\u00eatres, [&hellip;]<\/p>\n","protected":false},"author":4,"featured_media":8851,"comment_status":"open","ping_status":"open","sticky":false,"template":"","format":"standard","meta":{"_et_pb_use_builder":"off","_et_pb_old_content":"","_et_gb_content_width":"","footnotes":""},"categories":[6,44,34],"tags":[],"class_list":["post-10671","post","type-post","status-publish","format-standard","has-post-thumbnail","hentry","category-actualite","category-conseils","category-denier"],"_links":{"self":[{"href":"https:\/\/catholiques17.fr\/nieul\/wp-json\/wp\/v2\/posts\/10671","targetHints":{"allow":["GET"]}}],"collection":[{"href":"https:\/\/catholiques17.fr\/nieul\/wp-json\/wp\/v2\/posts"}],"about":[{"href":"https:\/\/catholiques17.fr\/nieul\/wp-json\/wp\/v2\/types\/post"}],"author":[{"embeddable":true,"href":"https:\/\/catholiques17.fr\/nieul\/wp-json\/wp\/v2\/users\/4"}],"replies":[{"embeddable":true,"href":"https:\/\/catholiques17.fr\/nieul\/wp-json\/wp\/v2\/comments?post=10671"}],"version-history":[{"count":2,"href":"https:\/\/catholiques17.fr\/nieul\/wp-json\/wp\/v2\/posts\/10671\/revisions"}],"predecessor-version":[{"id":10673,"href":"https:\/\/catholiques17.fr\/nieul\/wp-json\/wp\/v2\/posts\/10671\/revisions\/10673"}],"wp:featuredmedia":[{"embeddable":true,"href":"https:\/\/catholiques17.fr\/nieul\/wp-json\/wp\/v2\/media\/8851"}],"wp:attachment":[{"href":"https:\/\/catholiques17.fr\/nieul\/wp-json\/wp\/v2\/media?parent=10671"}],"wp:term":[{"taxonomy":"category","embeddable":true,"href":"https:\/\/catholiques17.fr\/nieul\/wp-json\/wp\/v2\/categories?post=10671"},{"taxonomy":"post_tag","embeddable":true,"href":"https:\/\/catholiques17.fr\/nieul\/wp-json\/wp\/v2\/tags?post=10671"}],"curies":[{"name":"wp","href":"https:\/\/api.w.org\/{rel}","templated":true}]}}