{"id":10667,"date":"2025-11-24T09:40:09","date_gmt":"2025-11-24T08:40:09","guid":{"rendered":"https:\/\/catholiques17.fr\/nieul\/?p=10667"},"modified":"2025-11-24T09:40:11","modified_gmt":"2025-11-24T08:40:11","slug":"annonces-paroissiales-semaine-du-24-au-30-novembre","status":"publish","type":"post","link":"https:\/\/catholiques17.fr\/nieul\/annonces-paroissiales-semaine-du-24-au-30-novembre\/","title":{"rendered":"Annonces paroissiales &#8211; Semaine du 24 au 30 novembre"},"content":{"rendered":"\n<div style=\"height:76px\" aria-hidden=\"true\" class=\"wp-block-spacer\"><\/div>\n\n\n\n<p><strong>Mardi 25 novembre :<\/strong>&nbsp; Messe \u00e0 18h30 \u00e0 Lagord &#8211; Confession \u00e0 partir de 18h<\/p>\n\n\n\n<p><strong>Mercredi 26 novembre&nbsp;<\/strong>:Veill\u00e9e pour la Vie (Pri\u00e8re-Louange-Adoration &#8211; confessions) \u00e0 20h \u00e0 la chapelle Saint Louis, 2, rue Saint Louis, La Rochelle<\/p>\n\n\n\n<p>\u00a0<strong>Jeudi 27 novembre<\/strong> : Messe SEM au \u00ab\u00a0Jardin du G\u00f4\u00a0\u00bb de Nieul\/mer \u00e0 15h30 &#8211; Messe \u00e0 18h30 \u00e0 Lagord &#8211; Confession \u00e0 partir de 18h<\/p>\n\n\n\n<p><strong>Dimanche 30 novembre :<\/strong> Entr\u00e9e en cat\u00e9chum\u00e9nat \u00e0 la messe de 11h \u00e0 Lagord<\/p>\n\n\n\n<div style=\"height:65px\" aria-hidden=\"true\" class=\"wp-block-spacer\"><\/div>\n\n\n\n<p><strong>Dimanche 30 novembre 2025 :<\/strong> <strong>1er Dimanche de l&rsquo;Avent<\/strong><\/p>\n\n\n\n<p><\/p>\n\n\n\n<ul class=\"wp-block-list\">\n<li>Samedi 29\/11 : Messe anticip\u00e9e le samedi \u00e0 18h \u00e0 Nieul\/mer<\/li>\n\n\n\n<li>Dimanche 30\/11 : Messes \u00e0 9h30 \u00e0 l&rsquo;Houmeau\u00a0et \u00e0 11h \u00e0 Lagord<\/li>\n<\/ul>\n\n\n\n<div style=\"height:65px\" aria-hidden=\"true\" class=\"wp-block-spacer\"><\/div>\n","protected":false},"excerpt":{"rendered":"<p>Mardi 25 novembre :&nbsp; Messe \u00e0 18h30 \u00e0 Lagord &#8211; Confession \u00e0 partir de 18h Mercredi 26 novembre&nbsp;:Veill\u00e9e pour la Vie (Pri\u00e8re-Louange-Adoration &#8211; confessions) \u00e0 20h \u00e0 la chapelle Saint [&hellip;]<\/p>\n","protected":false},"author":4,"featured_media":9017,"comment_status":"open","ping_status":"open","sticky":false,"template":"","format":"standard","meta":{"_et_pb_use_builder":"off","_et_pb_old_content":"","_et_gb_content_width":"","footnotes":""},"categories":[6,24],"tags":[],"class_list":["post-10667","post","type-post","status-publish","format-standard","has-post-thumbnail","hentry","category-actualite","category-annonces"],"_links":{"self":[{"href":"https:\/\/catholiques17.fr\/nieul\/wp-json\/wp\/v2\/posts\/10667","targetHints":{"allow":["GET"]}}],"collection":[{"href":"https:\/\/catholiques17.fr\/nieul\/wp-json\/wp\/v2\/posts"}],"about":[{"href":"https:\/\/catholiques17.fr\/nieul\/wp-json\/wp\/v2\/types\/post"}],"author":[{"embeddable":true,"href":"https:\/\/catholiques17.fr\/nieul\/wp-json\/wp\/v2\/users\/4"}],"replies":[{"embeddable":true,"href":"https:\/\/catholiques17.fr\/nieul\/wp-json\/wp\/v2\/comments?post=10667"}],"version-history":[{"count":3,"href":"https:\/\/catholiques17.fr\/nieul\/wp-json\/wp\/v2\/posts\/10667\/revisions"}],"predecessor-version":[{"id":10670,"href":"https:\/\/catholiques17.fr\/nieul\/wp-json\/wp\/v2\/posts\/10667\/revisions\/10670"}],"wp:featuredmedia":[{"embeddable":true,"href":"https:\/\/catholiques17.fr\/nieul\/wp-json\/wp\/v2\/media\/9017"}],"wp:attachment":[{"href":"https:\/\/catholiques17.fr\/nieul\/wp-json\/wp\/v2\/media?parent=10667"}],"wp:term":[{"taxonomy":"category","embeddable":true,"href":"https:\/\/catholiques17.fr\/nieul\/wp-json\/wp\/v2\/categories?post=10667"},{"taxonomy":"post_tag","embeddable":true,"href":"https:\/\/catholiques17.fr\/nieul\/wp-json\/wp\/v2\/tags?post=10667"}],"curies":[{"name":"wp","href":"https:\/\/api.w.org\/{rel}","templated":true}]}}