{"id":10618,"date":"2025-11-17T08:27:39","date_gmt":"2025-11-17T07:27:39","guid":{"rendered":"https:\/\/catholiques17.fr\/nieul\/?p=10618"},"modified":"2025-11-17T10:26:55","modified_gmt":"2025-11-17T09:26:55","slug":"notre-association-paroissiale-vient-en-aide-a-la-soupe-de-grand-mere","status":"publish","type":"post","link":"https:\/\/catholiques17.fr\/nieul\/notre-association-paroissiale-vient-en-aide-a-la-soupe-de-grand-mere\/","title":{"rendered":"Notre association paroissiale vient en aide \u00e0 la Soupe de Grand-M\u00e8re"},"content":{"rendered":"\n<div style=\"height:68px\" aria-hidden=\"true\" class=\"wp-block-spacer\"><\/div>\n\n\n\n<p>Cette semaine, suite \u00e0 l\u2019appel lanc\u00e9 par Nicole Liguori (fondatrice et pr\u00e9sidente de l\u2019association \u00ab&nbsp;la soupe de grand-m\u00e8re&nbsp;\u00bb), la commission sociale de l\u2019association paroissiale a d\u00e9cid\u00e9 de faire un don de 300 \u20ac pour aider \u00e0 la r\u00e9alisation du repas de No\u00ebl \u00e0 destination des personnes en situations de pr\u00e9carit\u00e9.<br>Nicole et son \u00e9quipe de b\u00e9n\u00e9voles servent tous les quinze jours un repas complet \u00e0 une centaine de personnes, souvent fragilis\u00e9s par des \u00e9preuves. Mais pour le repas de No\u00ebl, ce sont pr\u00e8s de 300 personnes qui se retrouveront salle B. Giraudeau \u00e0 Mireuil, pour vivre un temps festif : un bon repas, quelques cadeaux pour les enfants et une animation musicale.<\/p>\n\n\n\n<p><\/p>\n\n\n\n<p>Le dimanche 16 novembre, \u00e0 l\u2019invitation du Pape, nous f\u00eatons la neuvi\u00e8me<a href=\"https:\/\/catholiques17.fr\/nieul\/dimanche-16-novembre-nous-celebrerons-la-neuvieme-journee-mondiale-des-pauvres\/\" target=\"_blank\" rel=\"noreferrer noopener\"> journ\u00e9e mondiale des pauvres<\/a>, une occasion pr\u00e9cieuse de tourner notre regard et notre c\u0153ur vers celles et ceux qui vivent dans la pr\u00e9carit\u00e9, l\u2019isolement ou l\u2019exclusion. Cette action nous rappelle que la solidarit\u00e9 fait partie de l\u2019ADN de notre association paroissiale et que chaque ann\u00e9e,elle participe \u00e0 la g\u00e9n\u00e9rosit\u00e9 collective aupr\u00e8s des plus fragilis\u00e9s.<\/p>\n\n\n\n<div style=\"height:71px\" aria-hidden=\"true\" class=\"wp-block-spacer\"><\/div>\n\n\n\n<p class=\"has-text-align-center\">&#8211;> Pour d\u00e9couvrir l\u2019association la Soupe de Grand M\u00e8re, cliquez <strong><a href=\"http:\/\/lasoupedegrandmere.unblog.fr\/\" target=\"_blank\" rel=\"noreferrer noopener\"><span style=\"text-decoration: underline;\">ici<\/span><\/a><\/strong><\/p>\n\n\n\n<p class=\"has-text-align-center\">&#8211;> Pour mieux conna\u00eetre l\u2019association paroissiale et ses actions, cliquez <span style=\"text-decoration: underline;\"><strong><a href=\"https:\/\/saint-gabriel.info\/\" target=\"_blank\" rel=\"noreferrer noopener\">ici<\/a><\/strong><\/span><\/p>\n\n\n\n<div style=\"height:71px\" aria-hidden=\"true\" class=\"wp-block-spacer\"><\/div>\n","protected":false},"excerpt":{"rendered":"<p>Cette semaine, suite \u00e0 l\u2019appel lanc\u00e9 par Nicole Liguori (fondatrice et pr\u00e9sidente de l\u2019association \u00ab&nbsp;la soupe de grand-m\u00e8re&nbsp;\u00bb), la commission sociale de l\u2019association paroissiale a d\u00e9cid\u00e9 de faire un don [&hellip;]<\/p>\n","protected":false},"author":4,"featured_media":10619,"comment_status":"open","ping_status":"open","sticky":false,"template":"","format":"standard","meta":{"_et_pb_use_builder":"off","_et_pb_old_content":"","_et_gb_content_width":"","footnotes":""},"categories":[6,20,25],"tags":[],"class_list":["post-10618","post","type-post","status-publish","format-standard","has-post-thumbnail","hentry","category-actualite","category-association-paroissiale","category-solidarite"],"_links":{"self":[{"href":"https:\/\/catholiques17.fr\/nieul\/wp-json\/wp\/v2\/posts\/10618","targetHints":{"allow":["GET"]}}],"collection":[{"href":"https:\/\/catholiques17.fr\/nieul\/wp-json\/wp\/v2\/posts"}],"about":[{"href":"https:\/\/catholiques17.fr\/nieul\/wp-json\/wp\/v2\/types\/post"}],"author":[{"embeddable":true,"href":"https:\/\/catholiques17.fr\/nieul\/wp-json\/wp\/v2\/users\/4"}],"replies":[{"embeddable":true,"href":"https:\/\/catholiques17.fr\/nieul\/wp-json\/wp\/v2\/comments?post=10618"}],"version-history":[{"count":2,"href":"https:\/\/catholiques17.fr\/nieul\/wp-json\/wp\/v2\/posts\/10618\/revisions"}],"predecessor-version":[{"id":10621,"href":"https:\/\/catholiques17.fr\/nieul\/wp-json\/wp\/v2\/posts\/10618\/revisions\/10621"}],"wp:featuredmedia":[{"embeddable":true,"href":"https:\/\/catholiques17.fr\/nieul\/wp-json\/wp\/v2\/media\/10619"}],"wp:attachment":[{"href":"https:\/\/catholiques17.fr\/nieul\/wp-json\/wp\/v2\/media?parent=10618"}],"wp:term":[{"taxonomy":"category","embeddable":true,"href":"https:\/\/catholiques17.fr\/nieul\/wp-json\/wp\/v2\/categories?post=10618"},{"taxonomy":"post_tag","embeddable":true,"href":"https:\/\/catholiques17.fr\/nieul\/wp-json\/wp\/v2\/tags?post=10618"}],"curies":[{"name":"wp","href":"https:\/\/api.w.org\/{rel}","templated":true}]}}