{"id":10612,"date":"2025-11-03T14:16:18","date_gmt":"2025-11-03T13:16:18","guid":{"rendered":"https:\/\/catholiques17.fr\/nieul\/?p=10612"},"modified":"2025-11-26T14:29:54","modified_gmt":"2025-11-26T13:29:54","slug":"annonces-paroissiales-semaine-du-17-au-23-novembre","status":"publish","type":"post","link":"https:\/\/catholiques17.fr\/nieul\/annonces-paroissiales-semaine-du-17-au-23-novembre\/","title":{"rendered":"Annonces paroissiales &#8211; Semaine du 17 au 23 novembre"},"content":{"rendered":"\n<div style=\"height:66px\" aria-hidden=\"true\" class=\"wp-block-spacer\"><\/div>\n\n\n\n<p><strong>Lundi 17 novembre\u00a0: <\/strong>R\u00e9union du groupe de la Parole \u00e0 14h30 &#8211; Conseil \u00e9conomique \u00e0 18h30 \u00e0 la salle Gaby Coll de Nieul<\/p>\n\n\n\n<p><strong>Mardi 11 novembre\u00a0: <\/strong>Obs\u00e8ques de M. Jos\u00e9 RENUCCI \u00e0 14h30 \u00e0 Marsilly &#8211; Messe \u00e0 18h30 \u00e0 Lagord. Confession \u00e0 partir de 18h.<\/p>\n\n\n\n<p><strong>Mercredi 19 novembre&nbsp;: <\/strong>R\u00e9union des \u00e9quipes liturgiques \u00e0 10h30 \u00e0 la salle Gaby Coll de Nieul sur Mer.<\/p>\n\n\n\n<p><strong>Jeudi 13 novembre\u00a0: <\/strong>Messe SEM au \u00ab\u00a0Rayon d\u2019or\u00a0\u00bb de Lagord \u00e0 14h30 &#8211; Messe \u00e0 18h30 \u00e0 Lagord. Confession \u00e0 partir de 18h.<\/p>\n\n\n\n<div style=\"height:65px\" aria-hidden=\"true\" class=\"wp-block-spacer\"><\/div>\n\n\n\n<p><strong>Dimanche 23 novembre 2025\u00a0:<\/strong>  <strong>Le Christ, roi de l\u2019Univers<\/strong><\/p>\n\n\n\n<ul class=\"wp-block-list\">\n<li>Samedi 22\/11 : Messe anticip\u00e9 le samedi \u00e0 18h \u00e0 Nieul sur Mer.<\/li>\n<\/ul>\n\n\n\n<ul class=\"wp-block-list\">\n<li>Dimanche 23\/11 : Messes \u00e0 9h30 \u00e0 Marsilly et 11h \u00e0 Lagord<\/li>\n<\/ul>\n\n\n\n<div style=\"height:48px\" aria-hidden=\"true\" class=\"wp-block-spacer\"><\/div>\n\n\n\n<hr class=\"wp-block-separator has-alpha-channel-opacity is-style-wide\"\/>\n\n\n\n<div style=\"height:48px\" aria-hidden=\"true\" class=\"wp-block-spacer\"><\/div>\n\n\n\n<p class=\"has-text-align-center\"><strong>N&rsquo;h\u00e9sitez pas \u00e0 consulter l&rsquo;agenda en ligne des activit\u00e9s paroissiales, afin d&rsquo;y trouver d\u00e8s \u00e0 pr\u00e9sent les horaires des c\u00e9l\u00e9brations de No\u00ebl, la rencontre avec notre \u00e9v\u00eaque coadjuteur, la veill\u00e9e pour la vie et bien d&rsquo;autres choses encore !<\/strong><\/p>\n\n\n\n<div style=\"height:51px\" aria-hidden=\"true\" class=\"wp-block-spacer\"><\/div>\n\n\n\n<div class=\"wp-block-buttons is-content-justification-center is-layout-flex wp-container-core-buttons-is-layout-16018d1d wp-block-buttons-is-layout-flex\">\n<div class=\"wp-block-button\"><a class=\"wp-block-button__link has-white-color has-luminous-vivid-orange-background-color has-text-color has-background has-link-color wp-element-button\" href=\"https:\/\/catholiques17.fr\/nieul\/calendrier\/\" target=\"_blank\" rel=\"noreferrer noopener\">Ouvrir l&rsquo;agenda<\/a><\/div>\n<\/div>\n\n\n\n<div style=\"height:51px\" aria-hidden=\"true\" class=\"wp-block-spacer\"><\/div>\n","protected":false},"excerpt":{"rendered":"<p>Lundi 17 novembre\u00a0: R\u00e9union du groupe de la Parole \u00e0 14h30 &#8211; Conseil \u00e9conomique \u00e0 18h30 \u00e0 la salle Gaby Coll de Nieul Mardi 11 novembre\u00a0: Obs\u00e8ques de M. Jos\u00e9 [&hellip;]<\/p>\n","protected":false},"author":4,"featured_media":9017,"comment_status":"open","ping_status":"open","sticky":false,"template":"","format":"standard","meta":{"_et_pb_use_builder":"off","_et_pb_old_content":"","_et_gb_content_width":"","footnotes":""},"categories":[6,24],"tags":[],"class_list":["post-10612","post","type-post","status-publish","format-standard","has-post-thumbnail","hentry","category-actualite","category-annonces"],"_links":{"self":[{"href":"https:\/\/catholiques17.fr\/nieul\/wp-json\/wp\/v2\/posts\/10612","targetHints":{"allow":["GET"]}}],"collection":[{"href":"https:\/\/catholiques17.fr\/nieul\/wp-json\/wp\/v2\/posts"}],"about":[{"href":"https:\/\/catholiques17.fr\/nieul\/wp-json\/wp\/v2\/types\/post"}],"author":[{"embeddable":true,"href":"https:\/\/catholiques17.fr\/nieul\/wp-json\/wp\/v2\/users\/4"}],"replies":[{"embeddable":true,"href":"https:\/\/catholiques17.fr\/nieul\/wp-json\/wp\/v2\/comments?post=10612"}],"version-history":[{"count":2,"href":"https:\/\/catholiques17.fr\/nieul\/wp-json\/wp\/v2\/posts\/10612\/revisions"}],"predecessor-version":[{"id":10614,"href":"https:\/\/catholiques17.fr\/nieul\/wp-json\/wp\/v2\/posts\/10612\/revisions\/10614"}],"wp:featuredmedia":[{"embeddable":true,"href":"https:\/\/catholiques17.fr\/nieul\/wp-json\/wp\/v2\/media\/9017"}],"wp:attachment":[{"href":"https:\/\/catholiques17.fr\/nieul\/wp-json\/wp\/v2\/media?parent=10612"}],"wp:term":[{"taxonomy":"category","embeddable":true,"href":"https:\/\/catholiques17.fr\/nieul\/wp-json\/wp\/v2\/categories?post=10612"},{"taxonomy":"post_tag","embeddable":true,"href":"https:\/\/catholiques17.fr\/nieul\/wp-json\/wp\/v2\/tags?post=10612"}],"curies":[{"name":"wp","href":"https:\/\/api.w.org\/{rel}","templated":true}]}}