{"id":10585,"date":"2025-11-12T10:15:12","date_gmt":"2025-11-12T09:15:12","guid":{"rendered":"https:\/\/catholiques17.fr\/nieul\/?p=10585"},"modified":"2025-11-12T11:02:59","modified_gmt":"2025-11-12T10:02:59","slug":"dimanche-16-novembre-nous-celebrerons-la-neuvieme-journee-mondiale-des-pauvres","status":"publish","type":"post","link":"https:\/\/catholiques17.fr\/nieul\/dimanche-16-novembre-nous-celebrerons-la-neuvieme-journee-mondiale-des-pauvres\/","title":{"rendered":"Dimanche 16 novembre, nous c\u00e9l\u00e9brerons la neuvi\u00e8me journ\u00e9e mondiale des pauvres"},"content":{"rendered":"\n<div style=\"height:78px\" aria-hidden=\"true\" class=\"wp-block-spacer\"><\/div>\n\n\n\n<p><strong>En ce dimanche 16 novembre 2025, l\u2019\u00c9glise universelle c\u00e9l\u00e8bre la 9e Journ\u00e9e mondiale des pauvres, dont le th\u00e8me sera : C\u2019est Toi mon esp\u00e9rance (cf. Ps 71, 5). Une occasion pr\u00e9cieuse de tourner notre regard et notre c\u0153ur vers celles et ceux qui vivent dans la pr\u00e9carit\u00e9, l\u2019isolement ou l\u2019exclusion.<\/strong><\/p>\n\n\n\n<p>Institu\u00e9e par le pape Fran\u00e7ois, cette journ\u00e9e nous invite \u00e0 d\u00e9passer l\u2019indiff\u00e9rence et \u00e0 poser des gestes concrets de solidarit\u00e9 et de fraternit\u00e9. Le pape L\u00e9on XIV nous rappelle que chaque personne d\u00e9munie est porteuse d&rsquo;esp\u00e9rance. Dans son message \u00e0 lire ci-dessous, le Saint-P\u00e8re revient sur les causes structurelles de la pauvret\u00e9 et appelle chacun \u00e0 faire preuve de charit\u00e9, tout en rappelant que les pauvres ne sont pas des \u00ab\u00a0objets de notre pastorale mais des sujets cr\u00e9atifs qui nous poussent \u00e0 trouver toujours de nouvelles fa\u00e7ons de vivre l&rsquo;\u00c9vangile aujourd&rsquo;hui.\u00a0\u00bb<\/p>\n\n\n\n<div style=\"height:60px\" aria-hidden=\"true\" class=\"wp-block-spacer\"><\/div>\n\n\n\n<div class=\"wp-block-cover\"><img loading=\"lazy\" decoding=\"async\" width=\"800\" height=\"533\" class=\"wp-block-cover__image-background wp-image-10587 size-full\" alt=\"\" src=\"https:\/\/catholiques17.fr\/nieul\/wp-content\/uploads\/sites\/29\/2025\/11\/hands-2274255_1280.jpg\" data-object-fit=\"cover\" srcset=\"https:\/\/catholiques17.fr\/nieul\/wp-content\/uploads\/sites\/29\/2025\/11\/hands-2274255_1280.jpg 800w, https:\/\/catholiques17.fr\/nieul\/wp-content\/uploads\/sites\/29\/2025\/11\/hands-2274255_1280-480x320.jpg 480w\" sizes=\"(min-width: 0px) and (max-width: 480px) 480px, (min-width: 481px) 800px, 100vw\" \/><span aria-hidden=\"true\" class=\"wp-block-cover__background has-background-dim\" style=\"background-color:#767c7f\"><\/span><div class=\"wp-block-cover__inner-container is-layout-constrained wp-block-cover-is-layout-constrained\">\n<p class=\"has-text-align-center has-white-color has-text-color has-link-color has-large-font-size wp-elements-afb2e507d3b0a78d328e4d8785df6ad0\">&gt;&gt; <a href=\"https:\/\/catholiques17.fr\/nieul\/wp-content\/uploads\/sites\/29\/2025\/11\/Message-du-Pape-9eme-journee-pauvrete.pdf\" target=\"_blank\" rel=\"noreferrer noopener\"><strong>Lire le message du Pape<\/strong><\/a><\/p>\n<\/div><\/div>\n\n\n\n<div style=\"height:60px\" aria-hidden=\"true\" class=\"wp-block-spacer\"><\/div>\n","protected":false},"excerpt":{"rendered":"<p>En ce dimanche 16 novembre 2025, l\u2019\u00c9glise universelle c\u00e9l\u00e8bre la 9e Journ\u00e9e mondiale des pauvres, dont le th\u00e8me sera : C\u2019est Toi mon esp\u00e9rance (cf. Ps 71, 5). Une occasion [&hellip;]<\/p>\n","protected":false},"author":4,"featured_media":10588,"comment_status":"open","ping_status":"open","sticky":false,"template":"","format":"standard","meta":{"_et_pb_use_builder":"off","_et_pb_old_content":"<!-- wp:spacer {\"height\":\"78px\"} -->\n<div style=\"height:78px\" aria-hidden=\"true\" class=\"wp-block-spacer\"><\/div>\n<!-- \/wp:spacer -->\n\n<!-- wp:paragraph -->\n<p><strong>En ce dimanche 16 novembre 2025, l\u2019\u00c9glise universelle c\u00e9l\u00e8bre la 9e Journ\u00e9e mondiale des pauvres, C\u2019est Toi mon esp\u00e9rance (cf. Ps 71, 5), une occasion pr\u00e9cieuse de tourner notre regard et notre c\u0153ur vers celles et ceux qui vivent dans la pr\u00e9carit\u00e9, l\u2019isolement ou l\u2019exclusion.<\/strong> <\/p>\n<!-- \/wp:paragraph -->\n\n<!-- wp:paragraph -->\n<p>Institu\u00e9e par le pape Fran\u00e7ois, cette journ\u00e9e nous invite \u00e0 d\u00e9passer l\u2019indiff\u00e9rence et \u00e0 poser des gestes concrets de solidarit\u00e9 et de fraternit\u00e9. Le pape L\u00e9on XIV nous rappelle que chaque personne d\u00e9munie est porteuse d'esp\u00e9rance. Dans son message \u00e0 lire ci-dessous, le Saint-P\u00e8re revient sur les causes structurelles de la pauvret\u00e9 et appelle chacun \u00e0 faire preuve de charit\u00e9, tout en rappelant que les pauvres ne sont pas des \"objets de notre pastorale mais des sujets cr\u00e9atifs qui nous poussent \u00e0 trouver toujours de nouvelles fa\u00e7ons de vivre l'\u00c9vangile aujourd'hui.\"<\/p>\n<!-- \/wp:paragraph -->\n\n<!-- wp:spacer {\"height\":\"60px\"} -->\n<div style=\"height:60px\" aria-hidden=\"true\" class=\"wp-block-spacer\"><\/div>\n<!-- \/wp:spacer -->\n\n<!-- wp:cover {\"url\":\"https:\/\/catholiques17.fr\/nieul\/wp-content\/uploads\/sites\/29\/2025\/11\/hands-2274255_1280.jpg\",\"id\":10587,\"dimRatio\":50,\"customOverlayColor\":\"#767c7f\",\"isUserOverlayColor\":false,\"sizeSlug\":\"full\",\"layout\":{\"type\":\"constrained\"}} -->\n<div class=\"wp-block-cover\"><img class=\"wp-block-cover__image-background wp-image-10587 size-full\" alt=\"\" src=\"https:\/\/catholiques17.fr\/nieul\/wp-content\/uploads\/sites\/29\/2025\/11\/hands-2274255_1280.jpg\" data-object-fit=\"cover\"\/><span aria-hidden=\"true\" class=\"wp-block-cover__background has-background-dim\" style=\"background-color:#767c7f\"><\/span><div class=\"wp-block-cover__inner-container\"><!-- wp:paragraph {\"align\":\"center\",\"placeholder\":\"R\u00e9digez le titre\u2026\",\"style\":{\"elements\":{\"link\":{\"color\":{\"text\":\"var:preset|color|white\"}}}},\"textColor\":\"white\",\"fontSize\":\"large\"} -->\n<p class=\"has-text-align-center has-white-color has-text-color has-link-color has-large-font-size\">>> <a href=\"https:\/\/catholiques17.fr\/nieul\/wp-content\/uploads\/sites\/29\/2025\/11\/Message-du-Pape-9eme-journee-pauvrete.pdf\" target=\"_blank\" rel=\"noreferrer noopener\"><strong>Lire le message du Pape<\/strong><\/a><\/p>\n<!-- \/wp:paragraph --><\/div><\/div>\n<!-- \/wp:cover -->\n\n<!-- wp:spacer {\"height\":\"60px\"} -->\n<div style=\"height:60px\" aria-hidden=\"true\" class=\"wp-block-spacer\"><\/div>\n<!-- \/wp:spacer -->","_et_gb_content_width":"","footnotes":""},"categories":[6,21,49,25],"tags":[],"class_list":["post-10585","post","type-post","status-publish","format-standard","has-post-thumbnail","hentry","category-actualite","category-eglise-universelle","category-pape","category-solidarite"],"_links":{"self":[{"href":"https:\/\/catholiques17.fr\/nieul\/wp-json\/wp\/v2\/posts\/10585","targetHints":{"allow":["GET"]}}],"collection":[{"href":"https:\/\/catholiques17.fr\/nieul\/wp-json\/wp\/v2\/posts"}],"about":[{"href":"https:\/\/catholiques17.fr\/nieul\/wp-json\/wp\/v2\/types\/post"}],"author":[{"embeddable":true,"href":"https:\/\/catholiques17.fr\/nieul\/wp-json\/wp\/v2\/users\/4"}],"replies":[{"embeddable":true,"href":"https:\/\/catholiques17.fr\/nieul\/wp-json\/wp\/v2\/comments?post=10585"}],"version-history":[{"count":6,"href":"https:\/\/catholiques17.fr\/nieul\/wp-json\/wp\/v2\/posts\/10585\/revisions"}],"predecessor-version":[{"id":10600,"href":"https:\/\/catholiques17.fr\/nieul\/wp-json\/wp\/v2\/posts\/10585\/revisions\/10600"}],"wp:featuredmedia":[{"embeddable":true,"href":"https:\/\/catholiques17.fr\/nieul\/wp-json\/wp\/v2\/media\/10588"}],"wp:attachment":[{"href":"https:\/\/catholiques17.fr\/nieul\/wp-json\/wp\/v2\/media?parent=10585"}],"wp:term":[{"taxonomy":"category","embeddable":true,"href":"https:\/\/catholiques17.fr\/nieul\/wp-json\/wp\/v2\/categories?post=10585"},{"taxonomy":"post_tag","embeddable":true,"href":"https:\/\/catholiques17.fr\/nieul\/wp-json\/wp\/v2\/tags?post=10585"}],"curies":[{"name":"wp","href":"https:\/\/api.w.org\/{rel}","templated":true}]}}