{"id":10581,"date":"2025-11-03T11:13:09","date_gmt":"2025-11-03T10:13:09","guid":{"rendered":"https:\/\/catholiques17.fr\/nieul\/?p=10581"},"modified":"2025-11-26T14:29:47","modified_gmt":"2025-11-26T13:29:47","slug":"annonces-paroissiales-semaine-du-10-au-16-novembre","status":"publish","type":"post","link":"https:\/\/catholiques17.fr\/nieul\/annonces-paroissiales-semaine-du-10-au-16-novembre\/","title":{"rendered":"Annonces paroissiales &#8211; Semaine du 10 au 16 novembre"},"content":{"rendered":"\n<div style=\"height:54px\" aria-hidden=\"true\" class=\"wp-block-spacer\"><\/div>\n\n\n\n<p><strong>Lundi 10 novembre&nbsp;<\/strong>: Obs\u00e8ques de Mme Juliette PLAIDEAU \u00e0 15h \u00e0 Lagord<\/p>\n\n\n\n<p><strong>Mardi 11 novembre\u00a0<\/strong>: Messe des Anciens Combattants \u00e0 10h \u00e0 Marsilly &#8211; Messe \u00e0 18h30 \u00e0 Lagord &#8211; Confession \u00e0 partir de 18h<\/p>\n\n\n\n<p><strong>Jeudi 13 novembre\u00a0<\/strong>: Messe SEM au \u00ab\u00a0Bois d&rsquo;Hur\u00e9\u00a0\u00bb de Lagord \u00e0 15h &#8211; Messe \u00e0 18h30 \u00e0 Lagord &#8211; Confession \u00e0 partir de 18h<\/p>\n\n\n\n<p><strong>Vendredi 14 novembre\u00a0<\/strong>: Obs\u00e8ques de <a href=\"https:\/\/catholiques17.fr\/nieul\/deces-michel-veyssiere-nous-a-quitte\/\" target=\"_blank\" rel=\"noreferrer noopener\">Michel VEYSSIERE<\/a> \u00e0 10h \u00e0 L&rsquo;Houmeau &#8211; Aum\u00f4nerie des Jeunes \u00e0 l&rsquo;Eglise Sainte Jeanne d&rsquo;Arc de F\u00e9tilly (La Rochelle) : Coll\u00e8ge : 17h30-20h &#8211; Lyc\u00e9e : 19h-21h30 &#8211; Pr\u00e9paration au mariage \u00e0 19h \u00e0 la salle Gaby Coll de Nieul\/mer<\/p>\n\n\n\n<p><strong>Dimanche 16 novembre :<\/strong> &nbsp;A la messe de 11h, nous accueillerons<em>&nbsp;\u00ab\u00a0Foi et Lumi\u00e8re\u00a0\u00bb,<\/em>communaut\u00e9 accueillant des enfants et adultes en situation de handicap mental ainsi que leurs familles et amis pour un temps de partage, d&rsquo;amiti\u00e9 et de pri\u00e8re.<\/p>\n\n\n\n<div style=\"height:61px\" aria-hidden=\"true\" class=\"wp-block-spacer\"><\/div>\n\n\n\n<p><strong>Dimanche 16 novembre 2025 <\/strong>&#8211; <strong>33\u00e8me DIMANCHE du TEMPS ORDINAIRE<\/strong><\/p>\n\n\n\n<ul class=\"wp-block-list\">\n<li>Samedi 15\/11 : Messe anticip\u00e9e le samedi \u00e0 18h \u00e0 Nieul\/mer<\/li>\n<\/ul>\n\n\n\n<ul class=\"wp-block-list\">\n<li>Dimanche 16\/11 : Messes \u00e0 9h30 \u00e0 L&rsquo;Houmeau et \u00e0 11h \u00e0 Lagord<\/li>\n<\/ul>\n\n\n\n<div style=\"height:57px\" aria-hidden=\"true\" class=\"wp-block-spacer\"><\/div>\n","protected":false},"excerpt":{"rendered":"<p>Lundi 10 novembre&nbsp;: Obs\u00e8ques de Mme Juliette PLAIDEAU \u00e0 15h \u00e0 Lagord Mardi 11 novembre\u00a0: Messe des Anciens Combattants \u00e0 10h \u00e0 Marsilly &#8211; Messe \u00e0 18h30 \u00e0 Lagord &#8211; [&hellip;]<\/p>\n","protected":false},"author":4,"featured_media":9017,"comment_status":"open","ping_status":"open","sticky":false,"template":"","format":"standard","meta":{"_et_pb_use_builder":"off","_et_pb_old_content":"","_et_gb_content_width":"","footnotes":""},"categories":[6,24],"tags":[],"class_list":["post-10581","post","type-post","status-publish","format-standard","has-post-thumbnail","hentry","category-actualite","category-annonces"],"_links":{"self":[{"href":"https:\/\/catholiques17.fr\/nieul\/wp-json\/wp\/v2\/posts\/10581","targetHints":{"allow":["GET"]}}],"collection":[{"href":"https:\/\/catholiques17.fr\/nieul\/wp-json\/wp\/v2\/posts"}],"about":[{"href":"https:\/\/catholiques17.fr\/nieul\/wp-json\/wp\/v2\/types\/post"}],"author":[{"embeddable":true,"href":"https:\/\/catholiques17.fr\/nieul\/wp-json\/wp\/v2\/users\/4"}],"replies":[{"embeddable":true,"href":"https:\/\/catholiques17.fr\/nieul\/wp-json\/wp\/v2\/comments?post=10581"}],"version-history":[{"count":1,"href":"https:\/\/catholiques17.fr\/nieul\/wp-json\/wp\/v2\/posts\/10581\/revisions"}],"predecessor-version":[{"id":10582,"href":"https:\/\/catholiques17.fr\/nieul\/wp-json\/wp\/v2\/posts\/10581\/revisions\/10582"}],"wp:featuredmedia":[{"embeddable":true,"href":"https:\/\/catholiques17.fr\/nieul\/wp-json\/wp\/v2\/media\/9017"}],"wp:attachment":[{"href":"https:\/\/catholiques17.fr\/nieul\/wp-json\/wp\/v2\/media?parent=10581"}],"wp:term":[{"taxonomy":"category","embeddable":true,"href":"https:\/\/catholiques17.fr\/nieul\/wp-json\/wp\/v2\/categories?post=10581"},{"taxonomy":"post_tag","embeddable":true,"href":"https:\/\/catholiques17.fr\/nieul\/wp-json\/wp\/v2\/tags?post=10581"}],"curies":[{"name":"wp","href":"https:\/\/api.w.org\/{rel}","templated":true}]}}