{"id":10574,"date":"2025-11-04T09:55:35","date_gmt":"2025-11-04T08:55:35","guid":{"rendered":"https:\/\/catholiques17.fr\/nieul\/?p=10574"},"modified":"2025-11-04T09:56:07","modified_gmt":"2025-11-04T08:56:07","slug":"holywin-retour-en-images","status":"publish","type":"post","link":"https:\/\/catholiques17.fr\/nieul\/holywin-retour-en-images\/","title":{"rendered":"HolyWin : retour en images !"},"content":{"rendered":"\n<div style=\"height:100px\" aria-hidden=\"true\" class=\"wp-block-spacer\"><\/div>\n\n\n\n<p>Afin de pr\u00e9parer les enfants \u00e0 la f\u00eate de la Toussaint, dans un esprit festif, notre paroisse a propos\u00e9 une animation \u00ab\u00a0Holywin\u00a0\u00bb \u00e0 destination des enfants de nos quatre villages ainsi que ceux scolaris\u00e9s \u00e0 l&rsquo;\u00e9cole F\u00e9nelon Lagord. <br>Un peu plus de trente enfants sont venus, d\u00e9guis\u00e9s en \u00ab\u00a0saint\u00a0\u00bb, pour vivre une apr\u00e8s-midi joyeuse, riche en animations diverses. Une belle r\u00e9ussite, merci \u00e0 l&rsquo;\u00e9quipe de pr\u00e9paration !<\/p>\n\n\n\n<div style=\"height:48px\" aria-hidden=\"true\" class=\"wp-block-spacer\"><\/div>\n\n\n\n<div class=\"wp-block-buttons is-content-justification-center is-layout-flex wp-container-core-buttons-is-layout-16018d1d wp-block-buttons-is-layout-flex\">\n<div class=\"wp-block-button\"><a class=\"wp-block-button__link has-luminous-vivid-orange-background-color has-background wp-element-button\" href=\"https:\/\/photos.app.goo.gl\/mr6dYtcReXb2rs9HA\" target=\"_blank\" rel=\"noreferrer noopener\">D\u00e9couvrez l&rsquo;album photo Holywin 2025 !<\/a><\/div>\n<\/div>\n\n\n\n<div style=\"height:48px\" aria-hidden=\"true\" class=\"wp-block-spacer\"><\/div>\n","protected":false},"excerpt":{"rendered":"<p>Afin de pr\u00e9parer les enfants \u00e0 la f\u00eate de la Toussaint, dans un esprit festif, notre paroisse a propos\u00e9 une animation \u00ab\u00a0Holywin\u00a0\u00bb \u00e0 destination des enfants de nos quatre villages [&hellip;]<\/p>\n","protected":false},"author":4,"featured_media":10571,"comment_status":"open","ping_status":"open","sticky":false,"template":"","format":"standard","meta":{"_et_pb_use_builder":"off","_et_pb_old_content":"","_et_gb_content_width":"","footnotes":""},"categories":[6,42,47],"tags":[],"class_list":["post-10574","post","type-post","status-publish","format-standard","has-post-thumbnail","hentry","category-actualite","category-enfants","category-familles"],"_links":{"self":[{"href":"https:\/\/catholiques17.fr\/nieul\/wp-json\/wp\/v2\/posts\/10574","targetHints":{"allow":["GET"]}}],"collection":[{"href":"https:\/\/catholiques17.fr\/nieul\/wp-json\/wp\/v2\/posts"}],"about":[{"href":"https:\/\/catholiques17.fr\/nieul\/wp-json\/wp\/v2\/types\/post"}],"author":[{"embeddable":true,"href":"https:\/\/catholiques17.fr\/nieul\/wp-json\/wp\/v2\/users\/4"}],"replies":[{"embeddable":true,"href":"https:\/\/catholiques17.fr\/nieul\/wp-json\/wp\/v2\/comments?post=10574"}],"version-history":[{"count":1,"href":"https:\/\/catholiques17.fr\/nieul\/wp-json\/wp\/v2\/posts\/10574\/revisions"}],"predecessor-version":[{"id":10575,"href":"https:\/\/catholiques17.fr\/nieul\/wp-json\/wp\/v2\/posts\/10574\/revisions\/10575"}],"wp:featuredmedia":[{"embeddable":true,"href":"https:\/\/catholiques17.fr\/nieul\/wp-json\/wp\/v2\/media\/10571"}],"wp:attachment":[{"href":"https:\/\/catholiques17.fr\/nieul\/wp-json\/wp\/v2\/media?parent=10574"}],"wp:term":[{"taxonomy":"category","embeddable":true,"href":"https:\/\/catholiques17.fr\/nieul\/wp-json\/wp\/v2\/categories?post=10574"},{"taxonomy":"post_tag","embeddable":true,"href":"https:\/\/catholiques17.fr\/nieul\/wp-json\/wp\/v2\/tags?post=10574"}],"curies":[{"name":"wp","href":"https:\/\/api.w.org\/{rel}","templated":true}]}}