{"id":10548,"date":"2025-11-03T15:11:52","date_gmt":"2025-11-03T14:11:52","guid":{"rendered":"https:\/\/catholiques17.fr\/nieul\/?p=10548"},"modified":"2025-11-03T15:11:52","modified_gmt":"2025-11-03T14:11:52","slug":"annonces-paroissiales-semaine-du-3-au-9-novembre","status":"publish","type":"post","link":"https:\/\/catholiques17.fr\/nieul\/annonces-paroissiales-semaine-du-3-au-9-novembre\/","title":{"rendered":"Annonces paroissiales &#8211; Semaine du 3 au 9 novembre"},"content":{"rendered":"\n<div style=\"height:80px\" aria-hidden=\"true\" class=\"wp-block-spacer\"><\/div>\n\n\n\n<p><strong>Mardi 4 novembre\u00a0: <\/strong>Messe \u00e0 18h30 \u00e0 Lagord. Confession \u00e0 partir de 18h.<\/p>\n\n\n\n<p><strong>Mercredi 5 novembre\u00a0:<\/strong> Equipe pastorale \u00e0 18h30 \u00e0 Lagord<\/p>\n\n\n\n<p><strong>Jeudi 6 novembre\u00a0:<\/strong> Messe SEM \u00e0 \u00ab\u00a0La Rose de Vents\u00a0\u00bb de L\u2019Houmeau \u00e0 15h &#8211; Messe \u00e0 18h30 \u00e0 Lagord. Confession \u00e0 partir de 18h.<\/p>\n\n\n\n<p><strong>Samedi 8 novembre&nbsp;:<\/strong> Bapt\u00eame de Axel FAYE \u00e0 11h \u00e0 Lagord.<\/p>\n\n\n\n<div style=\"height:50px\" aria-hidden=\"true\" class=\"wp-block-spacer\"><\/div>\n\n\n\n<p class=\"has-text-align-left\"><strong>Dimanche 9 novembre 2025\u00a0:<\/strong> <strong>D\u00e9dicace de la Basilique du Latran<\/strong><\/p>\n\n\n\n<ul class=\"wp-block-list\">\n<li>Samedi 8\/11 : Messe \u00e0 18h \u00e0 Nieul s\/mer<\/li>\n\n\n\n<li>Dimanche 9\/11 : Messes \u00e0 9h30 \u00e0 Marsilly et 11h \u00e0 Lagord<\/li>\n<\/ul>\n\n\n\n<div style=\"height:50px\" aria-hidden=\"true\" class=\"wp-block-spacer\"><\/div>\n","protected":false},"excerpt":{"rendered":"<p>Mardi 4 novembre\u00a0: Messe \u00e0 18h30 \u00e0 Lagord. Confession \u00e0 partir de 18h. Mercredi 5 novembre\u00a0: Equipe pastorale \u00e0 18h30 \u00e0 Lagord Jeudi 6 novembre\u00a0: Messe SEM \u00e0 \u00ab\u00a0La Rose [&hellip;]<\/p>\n","protected":false},"author":4,"featured_media":9017,"comment_status":"open","ping_status":"open","sticky":false,"template":"","format":"standard","meta":{"_et_pb_use_builder":"off","_et_pb_old_content":"","_et_gb_content_width":"","footnotes":""},"categories":[6,24],"tags":[],"class_list":["post-10548","post","type-post","status-publish","format-standard","has-post-thumbnail","hentry","category-actualite","category-annonces"],"_links":{"self":[{"href":"https:\/\/catholiques17.fr\/nieul\/wp-json\/wp\/v2\/posts\/10548","targetHints":{"allow":["GET"]}}],"collection":[{"href":"https:\/\/catholiques17.fr\/nieul\/wp-json\/wp\/v2\/posts"}],"about":[{"href":"https:\/\/catholiques17.fr\/nieul\/wp-json\/wp\/v2\/types\/post"}],"author":[{"embeddable":true,"href":"https:\/\/catholiques17.fr\/nieul\/wp-json\/wp\/v2\/users\/4"}],"replies":[{"embeddable":true,"href":"https:\/\/catholiques17.fr\/nieul\/wp-json\/wp\/v2\/comments?post=10548"}],"version-history":[{"count":2,"href":"https:\/\/catholiques17.fr\/nieul\/wp-json\/wp\/v2\/posts\/10548\/revisions"}],"predecessor-version":[{"id":10550,"href":"https:\/\/catholiques17.fr\/nieul\/wp-json\/wp\/v2\/posts\/10548\/revisions\/10550"}],"wp:featuredmedia":[{"embeddable":true,"href":"https:\/\/catholiques17.fr\/nieul\/wp-json\/wp\/v2\/media\/9017"}],"wp:attachment":[{"href":"https:\/\/catholiques17.fr\/nieul\/wp-json\/wp\/v2\/media?parent=10548"}],"wp:term":[{"taxonomy":"category","embeddable":true,"href":"https:\/\/catholiques17.fr\/nieul\/wp-json\/wp\/v2\/categories?post=10548"},{"taxonomy":"post_tag","embeddable":true,"href":"https:\/\/catholiques17.fr\/nieul\/wp-json\/wp\/v2\/tags?post=10548"}],"curies":[{"name":"wp","href":"https:\/\/api.w.org\/{rel}","templated":true}]}}