{"id":10534,"date":"2025-11-03T09:46:17","date_gmt":"2025-11-03T08:46:17","guid":{"rendered":"https:\/\/catholiques17.fr\/nieul\/?p=10534"},"modified":"2025-11-03T17:33:08","modified_gmt":"2025-11-03T16:33:08","slug":"intention-de-priere-du-pape-pour-le-mois-de-novembre-4","status":"publish","type":"post","link":"https:\/\/catholiques17.fr\/nieul\/intention-de-priere-du-pape-pour-le-mois-de-novembre-4\/","title":{"rendered":"Intention de pri\u00e8re du pape pour le mois de novembre"},"content":{"rendered":"\n<div style=\"height:65px\" aria-hidden=\"true\" class=\"wp-block-spacer\"><\/div>\n\n\n\n<p class=\"has-text-align-center\"><strong>Pr\u00e9venir le suicide est une action bien difficile. Il s\u2019agit d\u2019emp\u00eacher une action \u00e0 venir, le plus souvent d\u00e9cid\u00e9e dans le secret d\u2019une \u00e2me\u2026 <\/strong><\/p>\n\n\n\n<p class=\"has-text-align-center\"><strong>Et cela est bien d\u00e9licat et complexe tant il est difficile d\u2019entrer et d\u2019arriver \u00e0 rejoindre l\u2019autre dans ses souffrances intenses&nbsp;\u2026<\/strong><\/p>\n\n\n\n<div style=\"height:45px\" aria-hidden=\"true\" class=\"wp-block-spacer\"><\/div>\n\n\n\n<p><\/p>\n\n\n\n<p class=\"has-white-color has-text-color has-background has-link-color wp-elements-7e1c68777e49e92b4afb89d20b9253fe\" style=\"background-color:#ae3737\"><strong>Prions pour la pr\u00e9vention du suicide. Prions pour que les personnes tent\u00e9es par le suicide trouvent dans leur communaut\u00e9 le soutien, l\u2019attention et l\u2019amour dont elles ont besoin, et s\u2019ouvrent \u00e0 la beaut\u00e9 de la vie.<\/strong><\/p>\n\n\n\n<div style=\"height:45px\" aria-hidden=\"true\" class=\"wp-block-spacer\"><\/div>\n\n\n\n<figure class=\"wp-block-embed aligncenter is-type-video is-provider-youtube wp-block-embed-youtube wp-embed-aspect-16-9 wp-has-aspect-ratio\"><div class=\"wp-block-embed__wrapper\">\n<iframe loading=\"lazy\" title=\"Pour la pr\u00e9vention du suicide \u2013 La Vid\u00e9o du Pape \u2013 Novembre 2025\" width=\"1080\" height=\"608\" src=\"https:\/\/www.youtube.com\/embed\/KURhSc5p2uY?feature=oembed\"  allow=\"accelerometer; autoplay; clipboard-write; encrypted-media; gyroscope; picture-in-picture; web-share\" referrerpolicy=\"strict-origin-when-cross-origin\" allowfullscreen><\/iframe>\n<\/div><\/figure>\n\n\n\n<div style=\"height:45px\" aria-hidden=\"true\" class=\"wp-block-spacer\"><\/div>\n\n\n\n<p>Pr\u00e9venir le suicide est une action bien difficile. Il s\u2019agit d\u2019emp\u00eacher une action \u00e0 venir, le plus souvent d\u00e9cid\u00e9e dans le secret d\u2019une \u00e2me\u2026 <strong>Et cela est bien d\u00e9licat et complexe tant il est difficile d\u2019entrer et d\u2019arriver \u00e0 rejoindre l\u2019autre dans ses souffrances intenses&nbsp;\u2026<\/strong><\/p>\n\n\n\n<p><strong>Peut-\u00eatre l\u2019enjeu de la pr\u00e9vention du suicide consiste \u00e0 favoriser pour tous et par tous le go\u00fbt de la vie\u2026 L\u00e0 encore \u2026 Comment faire ?<\/strong> Arr\u00eatons-nous sur le sens des mots et ici le mot \u00ab vie \u00bb. Toute culture humaine durable est bas\u00e9e sur la promotion de la vie. Le fran\u00e7ais comme les autres langues de l\u2019ouest europ\u00e9en n\u2019a qu\u2019un seul terme. Le grec, comme d\u2019autres langues africaines notamment, a plusieurs termes pour exprimer la vie.<\/p>\n\n\n\n<ol class=\"wp-block-list\">\n<li>Le premier terme est la \u00ab&nbsp;bios&nbsp;\u00bb. Cet aspect de la vie qui s\u2019entretient par le soin du corps, l\u2019alimentation&nbsp;\u2026<\/li>\n\n\n\n<li>Mais il y a aussi la \u00ab&nbsp;psuch\u00e9&nbsp;\u00bb. Cette dimension de la vie qui recherche toujours la plus profonde expression de soi que l\u2019on retrouve \u00e0 l\u2019\u0153uvre aussi bien dans le cerisier en fleur au printemps que dans la petite fille se donnant, toute \u00e9perdue, \u00e0 la danse classique, que chez le virtuose pris par sa repr\u00e9sentation\u2026<\/li>\n\n\n\n<li>Puis&nbsp;: la \u00ab&nbsp;zo\u00e9&nbsp;\u00bb. Cette vie qui relie tous les \u00eatres, les suscite, la vie divine, la vie \u00e9ternelle\u2026 \u00c0 laquelle nous acc\u00e9dons en l\u00e2chant notre psuch\u00e9 pour entrer dans la danse de la Vie en pl\u00e9nitude, qui attire chacun et nous relie les uns aux autres.<\/li>\n<\/ol>\n\n\n\n<p><strong>Alors sachons que nous \u0153uvrons pour la pr\u00e9vention du suicide d\u00e8s lors que nous contribuons \u00e0 la vie, que nous permettons \u00e0 cette derni\u00e8re de s\u2019exprimer.<\/strong> Organiser des f\u00eates, des rencontres, des \u00e9changes, cela maintient et fortifie la vie, n\u2019en doutons pas\u2026 Veillons \u00e0 entretenir la \u00ab joie de vivre \u00bb<a href=\"https:\/\/www.prieredupapefrance.net\/rejoindre-les-souffrances-enfouies-dans-les-secrets-dune-ame\/#_ftn1\">[1]<\/a>. Donnons \u00e0 chacun la possibilit\u00e9 de s\u2019exprimer, d\u2019\u00eatre \u00e9cout\u00e9, veillons \u00e9galement au confort de chacun\u2026 La vie v\u00e9ritable appelle, suscite, encourage, fortifie\u2026 \u00c0 l\u2019image du Christ Ressuscit\u00e9 qui vient \u00e0 chaque rencontre apporter la consolation de la paix et de la joie. <strong>Voil\u00e0 la pr\u00e9vention v\u00e9ritable qui respecte notre libert\u00e9, notre appel int\u00e9rieur et favorise l\u2019ouverture \u00e0 la beaut\u00e9 de la vie \u2026<\/strong><\/p>\n\n\n\n<p><a href=\"https:\/\/www.prieredupapefrance.net\/rejoindre-les-souffrances-enfouies-dans-les-secrets-dune-ame\/#_ftnref1\">[1]<\/a> <em>Une \u00e9mission de radio c\u00e9l\u00e8bre apr\u00e8s 1945.<\/em><\/p>\n\n\n\n<p class=\"has-text-align-right\">Jean Luc Fabre sj., directeur du R\u00e9seau Mondial de Pri\u00e8re du Pape France<\/p>\n\n\n\n<div style=\"height:73px\" aria-hidden=\"true\" class=\"wp-block-spacer\"><\/div>\n\n\n\n<hr class=\"wp-block-separator has-text-color has-alpha-channel-opacity has-background is-style-wide\" style=\"background-color:#ae3737;color:#ae3737\"\/>\n\n\n\n<div style=\"height:73px\" aria-hidden=\"true\" class=\"wp-block-spacer\"><\/div>\n\n\n\n<p class=\"has-text-align-center has-text-color has-link-color wp-elements-79d2dae6dc1a3a92cbaa84e571ed4588\" style=\"color:#ae3737\">Seigneur J\u00e9sus,<br>Toi qui invites ceux qui sont \u00e9puis\u00e9s et accabl\u00e9s<br>\u00e0 venir \u00e0 toi et \u00e0 trouver le repos dans ton C\u0153ur,<br>nous te confions en ce mois toutes les personnes<br>qui vivent dans les t\u00e9n\u00e8bres et le d\u00e9sespoir,<br>en particulier celles qui luttent<br>contre des pens\u00e9es suicidaires.<\/p>\n\n\n\n<p class=\"has-text-align-center has-text-color has-link-color wp-elements-26861f77f6189fb493e22c596c9423a2\" style=\"color:#ae3737\">Qu\u2019elles trouvent toujours une communaut\u00e9<br>qui les accueille, les \u00e9coute et les accompagne.<br>Donne \u00e0 chacun de nous un c\u0153ur attentif et compatissant,<br>capable d\u2019apporter r\u00e9confort et soutien,<br>y compris avec l\u2019aide professionnelle n\u00e9cessaire.<\/p>\n\n\n\n<p class=\"has-text-align-center has-text-color has-link-color wp-elements-6a4520b12ea63035e9590ffd66f134a6\" style=\"color:#ae3737\">Apprends-nous \u00e0 leur \u00eatre proches, avec respect et tendresse,<br>\u00e0 panser les blessures, tisser des liens et ouvrir des horizons.<br>Ensemble, puissions-nous red\u00e9couvrir que la vie est un don,<br>qu\u2019il y a encore de la beaut\u00e9 et du sens,<br>m\u00eame au c\u0153ur de la douleur et de la souffrance.<br>Nous savons bien que ceux qui te suivent<br>ne sont pas \u00e0 l\u2019abri de la tristesse ni du d\u00e9sespoir.<\/p>\n\n\n\n<p class=\"has-text-align-center has-text-color has-link-color wp-elements-433552ee409ecf9d6206a2022cc0a01d\" style=\"color:#ae3737\">Fais-nous toujours sentir ton amour,<br>afin que, dans ta proximit\u00e9,<br>nous reconnaissions et annoncions \u00e0 tous l\u2019amour infini du P\u00e8re,<br>qui nous prend par la main<br>et renouvelle notre confiance dans la vie que tu nous donnes.<\/p>\n\n\n\n<p class=\"has-text-align-center has-text-color has-link-color wp-elements-01e8b93230d9273034ada7b57edadd32\" style=\"color:#ae3737\">Amen.<\/p>\n","protected":false},"excerpt":{"rendered":"<p>Pr\u00e9venir le suicide est une action bien difficile. Il s\u2019agit d\u2019emp\u00eacher une action \u00e0 venir, le plus souvent d\u00e9cid\u00e9e dans le secret d\u2019une \u00e2me\u2026 Et cela est bien d\u00e9licat et [&hellip;]<\/p>\n","protected":false},"author":4,"featured_media":10535,"comment_status":"open","ping_status":"open","sticky":false,"template":"","format":"standard","meta":{"_et_pb_use_builder":"off","_et_pb_old_content":"","_et_gb_content_width":"","footnotes":""},"categories":[6,21,49],"tags":[],"class_list":["post-10534","post","type-post","status-publish","format-standard","has-post-thumbnail","hentry","category-actualite","category-eglise-universelle","category-pape"],"_links":{"self":[{"href":"https:\/\/catholiques17.fr\/nieul\/wp-json\/wp\/v2\/posts\/10534","targetHints":{"allow":["GET"]}}],"collection":[{"href":"https:\/\/catholiques17.fr\/nieul\/wp-json\/wp\/v2\/posts"}],"about":[{"href":"https:\/\/catholiques17.fr\/nieul\/wp-json\/wp\/v2\/types\/post"}],"author":[{"embeddable":true,"href":"https:\/\/catholiques17.fr\/nieul\/wp-json\/wp\/v2\/users\/4"}],"replies":[{"embeddable":true,"href":"https:\/\/catholiques17.fr\/nieul\/wp-json\/wp\/v2\/comments?post=10534"}],"version-history":[{"count":4,"href":"https:\/\/catholiques17.fr\/nieul\/wp-json\/wp\/v2\/posts\/10534\/revisions"}],"predecessor-version":[{"id":10569,"href":"https:\/\/catholiques17.fr\/nieul\/wp-json\/wp\/v2\/posts\/10534\/revisions\/10569"}],"wp:featuredmedia":[{"embeddable":true,"href":"https:\/\/catholiques17.fr\/nieul\/wp-json\/wp\/v2\/media\/10535"}],"wp:attachment":[{"href":"https:\/\/catholiques17.fr\/nieul\/wp-json\/wp\/v2\/media?parent=10534"}],"wp:term":[{"taxonomy":"category","embeddable":true,"href":"https:\/\/catholiques17.fr\/nieul\/wp-json\/wp\/v2\/categories?post=10534"},{"taxonomy":"post_tag","embeddable":true,"href":"https:\/\/catholiques17.fr\/nieul\/wp-json\/wp\/v2\/tags?post=10534"}],"curies":[{"name":"wp","href":"https:\/\/api.w.org\/{rel}","templated":true}]}}