{"id":10529,"date":"2025-10-31T14:35:39","date_gmt":"2025-10-31T13:35:39","guid":{"rendered":"https:\/\/catholiques17.fr\/nieul\/?p=10529"},"modified":"2025-10-31T14:35:41","modified_gmt":"2025-10-31T13:35:41","slug":"la-toussaint-un-appel-a-la-saintete","status":"publish","type":"post","link":"https:\/\/catholiques17.fr\/nieul\/la-toussaint-un-appel-a-la-saintete\/","title":{"rendered":"La Toussaint, un appel \u00e0 la saintet\u00e9 !"},"content":{"rendered":"\n<div style=\"height:70px\" aria-hidden=\"true\" class=\"wp-block-spacer\"><\/div>\n\n\n\n<p class=\"has-text-align-center\"><strong>A l\u2019occasion de la f\u00eate de la Toussaint, pendant laquelle nous f\u00eatons tous les saints, connus et inconnus, <\/strong><\/p>\n\n\n\n<p class=\"has-text-align-center\"><strong>qui sont au Ciel avec Dieu et qui interc\u00e8dent pour nous, \u00e9coutons l\u2019appel \u00e0 la saintet\u00e9 que Dieu nous adresse !<\/strong><\/p>\n\n\n\n<div style=\"height:30px\" aria-hidden=\"true\" class=\"wp-block-spacer\"><\/div>\n\n\n\n<p>Les papes Fran\u00e7ois et L\u00e9on XIV, ces derni\u00e8res ann\u00e9es, ont souvent fait r\u00e9sonner cette invitation: &nbsp;<\/p>\n\n\n\n<blockquote class=\"wp-block-quote is-layout-flow wp-block-quote-is-layout-flow\">\n<p>Le Seigneur demande tout ; et ce qu\u2019il offre est la vraie vie, le bonheur pour lequel nous avons \u00e9t\u00e9 cr\u00e9\u00e9s. Il veut que nous soyons saints et il n\u2019attend pas de nous que nous nous contentions d\u2019une existence m\u00e9diocre, \u00e9dulcor\u00e9e, sans consistance. (<a href=\"https:\/\/www.vatican.va\/content\/francesco\/fr\/apost_exhortations\/documents\/papa-francesco_esortazione-ap_20180319_gaudete-et-exsultate.html\">Fran\u00e7ois, Gaudete et Exsultate 1<\/a>)<\/p>\n<\/blockquote>\n\n\n\n<div style=\"height:21px\" aria-hidden=\"true\" class=\"wp-block-spacer\"><\/div>\n\n\n\n<p>Mettons-nous \u00e0 leur \u00e9coute pour r\u00e9pondre aujourd\u2019hui \u00e0 cet appel \u00e0 la saintet\u00e9, pour r\u00e9pondre \u00e0 l\u2019amour que Dieu nous donne, en particulier en prenant soin de nos fr\u00e8res et soeurs les plus petits, les plus pauvres et les plus fragiles, car<\/p>\n\n\n\n<blockquote class=\"wp-block-quote is-layout-flow wp-block-quote-is-layout-flow\">\n<p>On ne peut aimer Dieu sans \u00e9tendre son amour aux pauvres. (<a href=\"https:\/\/www.vatican.va\/content\/leo-xiv\/fr\/apost_exhortations\/documents\/20251004-dilexi-te.html\">L\u00e9on XIV, Dilexi te 26<\/a>)<\/p>\n<\/blockquote>\n\n\n\n<div style=\"height:35px\" aria-hidden=\"true\" class=\"wp-block-spacer\"><\/div>\n\n\n\n<p class=\"has-text-align-center\"><strong>Osons r\u00e9pondre avec joie \u00e0 cet appel ! Bonne f\u00eate de tous les saints !<\/strong><\/p>\n\n\n\n<div style=\"height:53px\" aria-hidden=\"true\" class=\"wp-block-spacer\"><\/div>\n\n\n\n<hr class=\"wp-block-separator has-text-color has-vivid-red-color has-alpha-channel-opacity has-vivid-red-background-color has-background is-style-wide\"\/>\n\n\n\n<div style=\"height:53px\" aria-hidden=\"true\" class=\"wp-block-spacer\"><\/div>\n\n\n\n<blockquote class=\"wp-block-quote is-layout-flow wp-block-quote-is-layout-flow\">\n<p>Pour \u00eatre saint, il n\u2019est pas n\u00e9cessaire d\u2019\u00eatre \u00e9v\u00eaque, pr\u00eatre, religieuse ou religieux. Bien des fois, nous sommes tent\u00e9s de penser que la saintet\u00e9 n\u2019est r\u00e9serv\u00e9e qu\u2019\u00e0 ceux qui ont la possibilit\u00e9 de prendre de la distance par rapport aux occupations ordinaires, afin de consacrer beaucoup de temps \u00e0 la pri\u00e8re. Il n\u2019en est pas ainsi. Nous sommes tous appel\u00e9s \u00e0 \u00eatre des saints en vivant avec amour et en offrant un t\u00e9moignage personnel dans nos occupations quotidiennes, l\u00e0 o\u00f9 chacun se trouve.<\/p>\n\n\n\n<p>Es-tu une consacr\u00e9e ou un consacr\u00e9 ? Sois saint en vivant avec joie ton engagement. Es-tu mari\u00e9 ? Sois saint en aimant et en prenant soin de ton \u00e9poux ou de ton \u00e9pouse, comme le Christ l\u2019a fait avec l\u2019\u00c9glise. Es-tu un travailleur ? Sois saint en accomplissant honn\u00eatement et avec comp\u00e9tence ton travail au service de tes fr\u00e8res. Es-tu p\u00e8re, m\u00e8re, grand-p\u00e8re ou grand-m\u00e8re ? Sois saint en enseignant avec patience aux enfants \u00e0 suivre J\u00e9sus. As-tu de l\u2019autorit\u00e9 ? Sois saint en luttant pour le bien commun et en renon\u00e7ant \u00e0 tes int\u00e9r\u00eats personnels.<\/p>\n\n\n\n<p>Laisse la gr\u00e2ce de ton bapt\u00eame porter du fruit dans un cheminement de saintet\u00e9. Permets que tout soit ouvert \u00e0 Dieu et pour cela choisis-le, choisis Dieu sans rel\u00e2che. Ne te d\u00e9courage pas, parce que tu as la force de l\u2019Esprit Saint pour que ce soit possible ; et la saintet\u00e9, au fond, c\u2019est le fruit de l\u2019Esprit Saint dans ta vie (cf.&nbsp;<em>Ga<\/em>&nbsp;5, 22-23). Quand tu sens la tentation de t\u2019enliser dans ta fragilit\u00e9, l\u00e8ve les yeux vers le Crucifi\u00e9 et dis-lui : \u2018\u2018Seigneur, je suis un pauvre, mais tu peux r\u00e9aliser le miracle de me rendre meilleur\u2019\u2019. Dans l\u2019\u00c9glise, sainte et compos\u00e9e de p\u00e9cheurs, tu trouveras tout ce dont tu as besoin pour progresser vers la saintet\u00e9. Le Seigneur l\u2019a remplie de dons par sa Parole, par les sacrements, les sanctuaires, la vie des communaut\u00e9s, le t\u00e9moignage de ses saints, et par une beaut\u00e9 multiforme qui provient de l\u2019amour du Seigneur, \u00ab comme la fianc\u00e9e qui se pare de ses bijoux \u00bb (<em>Is<\/em>&nbsp;61, 10).<\/p>\n<\/blockquote>\n\n\n\n<p>Fran\u00e7ois &#8211; <a href=\"https:\/\/www.vatican.va\/content\/francesco\/fr\/apost_exhortations\/documents\/papa-francesco_esortazione-ap_20180319_gaudete-et-exsultate.html\">Gaudete et Exsultate<\/a><\/p>\n\n\n\n<div style=\"height:53px\" aria-hidden=\"true\" class=\"wp-block-spacer\"><\/div>\n\n\n\n<blockquote class=\"wp-block-quote is-layout-flow wp-block-quote-is-layout-flow\">\n<p>On ne peut aimer Dieu sans \u00e9tendre son amour aux pauvres. L\u2019amour du prochain est la preuve tangible de l\u2019authenticit\u00e9 de l\u2019amour pour Dieu, comme l\u2019atteste l\u2019ap\u00f4tre Jean : \u00ab Dieu, personne ne l\u2019a jamais contempl\u00e9. Si nous nous aimons les uns les autres, Dieu demeure en nous, en nous son amour est accompli. [\u2026] Dieu est Amour : celui qui demeure dans l\u2019amour demeure en Dieu et Dieu demeure en lui \u00bb (<em>1 Jn<\/em>&nbsp;4, 12.16). Il s\u2019agit de deux amours distincts, mais non s\u00e9parables. M\u00eame dans les cas o\u00f9 la relation avec Dieu n\u2019est pas explicite, le Seigneur lui-m\u00eame nous enseigne que tout acte d\u2019amour envers le prochain est en quelque sorte un reflet de la charit\u00e9 divine&nbsp;: \u00ab&nbsp;En v\u00e9rit\u00e9 je vous le dis, dans la mesure o\u00f9 vous l\u2019avez fait \u00e0 l\u2019un de ces plus petits de mes fr\u00e8res, c\u2019est \u00e0 moi que vous l\u2019avez fait&nbsp;\u00bb (<em>Mt<\/em>&nbsp;25, 40).<\/p>\n\n\n\n<p>C\u2019est pourquoi les \u0153uvres de mis\u00e9ricorde sont recommand\u00e9es comme signes de l\u2019authenticit\u00e9 du culte qui, tout en rendant gloire \u00e0 Dieu, a pour t\u00e2che de nous ouvrir \u00e0 la transformation que l\u2019Esprit peut op\u00e9rer en nous, afin que nous devenions tous des images du Christ et de sa mis\u00e9ricorde envers les plus faibles. En ce sens, la relation avec le Seigneur, qui s\u2019exprime dans le culte, vise \u00e9galement \u00e0 nous lib\u00e9rer du risque de vivre nos relations dans une logique de calcul et d\u2019int\u00e9r\u00eat, pour nous ouvrir \u00e0 la gratuit\u00e9 qui existe entre ceux qui s\u2019aiment et qui, par cons\u00e9quent, mettent tout en commun. \u00c0 ce sujet, J\u00e9sus conseille : \u00ab Lorsque tu donnes un d\u00e9jeuner ou un diner, ne convie ni tes amis, ni tes fr\u00e8res, ni tes parents, ni de riches voisins, de peur qu\u2019eux aussi ne t\u2019invitent \u00e0 leur tour et qu\u2019on ne te rende la pareille. Mais lorsque tu donnes un festin, invite des pauvres, des estropi\u00e9s, des boiteux, des aveugles ; heureux seras-tu alors de ce qu\u2019ils n\u2019ont pas de quoi te le rendre \u00bb (<em>Lc<\/em>&nbsp;14, 12-14).<\/p>\n\n\n\n<p>L\u2019appel du Seigneur \u00e0 la mis\u00e9ricorde envers les pauvres trouve sa pleine expression dans la grande parabole du jugement dernier (cf.&nbsp;<em>Mt&nbsp;<\/em>25, 31-46), qui est aussi une illustration r\u00e9aliste de la b\u00e9atitude des mis\u00e9ricordieux. Le Seigneur nous y offre la cl\u00e9 pour atteindre notre pl\u00e9nitude, car \u00ab&nbsp;si nous recherchons cette saintet\u00e9 qui pla\u00eet aux yeux de Dieu, nous trouvons pr\u00e9cis\u00e9ment dans ce texte un crit\u00e8re sur la base duquel nous serons jug\u00e9s&nbsp;\u00bb.&nbsp;Les paroles fortes et claires de l\u2019\u00c9vangile doivent \u00eatre v\u00e9cues \u00ab&nbsp;sans commentaire, sans \u00e9lucubrations et sans des excuses qui les privent de leur force.<\/p>\n\n\n\n<p>La saintet\u00e9 chr\u00e9tienne fleurit souvent dans les lieux les plus oubli\u00e9s et les plus bless\u00e9s de l\u2019humanit\u00e9. Les plus pauvres parmi les pauvres \u2013 ceux qui manquent non seulement de biens, mais aussi de voix et de reconnaissance de leur dignit\u00e9 \u2013 occupent une place sp\u00e9ciale dans le c\u0153ur de Dieu. Ils sont les pr\u00e9f\u00e9r\u00e9s de l\u2019\u00c9vangile, les h\u00e9ritiers du Royaume (cf.&nbsp;<em>Lc<\/em>&nbsp;6, 20). C\u2019est en eux que le Christ continue de souffrir et de ressusciter. C\u2019est en eux que l\u2019\u00c9glise retrouve sa vocation \u00e0 montrer sa r\u00e9alit\u00e9 la plus authentique.<\/p>\n<\/blockquote>\n\n\n\n<p>L\u00e9on XIV &#8211; <a href=\"https:\/\/www.vatican.va\/content\/leo-xiv\/fr\/apost_exhortations\/documents\/20251004-dilexi-te.html\">Dilexi te<\/a><\/p>\n\n\n\n<div style=\"height:69px\" aria-hidden=\"true\" class=\"wp-block-spacer\"><\/div>\n","protected":false},"excerpt":{"rendered":"<p>A l\u2019occasion de la f\u00eate de la Toussaint, pendant laquelle nous f\u00eatons tous les saints, connus et inconnus, qui sont au Ciel avec Dieu et qui interc\u00e8dent pour nous, \u00e9coutons [&hellip;]<\/p>\n","protected":false},"author":4,"featured_media":10530,"comment_status":"open","ping_status":"open","sticky":false,"template":"","format":"standard","meta":{"_et_pb_use_builder":"off","_et_pb_old_content":"","_et_gb_content_width":"","footnotes":""},"categories":[6,19,49],"tags":[],"class_list":["post-10529","post","type-post","status-publish","format-standard","has-post-thumbnail","hentry","category-actualite","category-liturgie","category-pape"],"_links":{"self":[{"href":"https:\/\/catholiques17.fr\/nieul\/wp-json\/wp\/v2\/posts\/10529","targetHints":{"allow":["GET"]}}],"collection":[{"href":"https:\/\/catholiques17.fr\/nieul\/wp-json\/wp\/v2\/posts"}],"about":[{"href":"https:\/\/catholiques17.fr\/nieul\/wp-json\/wp\/v2\/types\/post"}],"author":[{"embeddable":true,"href":"https:\/\/catholiques17.fr\/nieul\/wp-json\/wp\/v2\/users\/4"}],"replies":[{"embeddable":true,"href":"https:\/\/catholiques17.fr\/nieul\/wp-json\/wp\/v2\/comments?post=10529"}],"version-history":[{"count":3,"href":"https:\/\/catholiques17.fr\/nieul\/wp-json\/wp\/v2\/posts\/10529\/revisions"}],"predecessor-version":[{"id":10533,"href":"https:\/\/catholiques17.fr\/nieul\/wp-json\/wp\/v2\/posts\/10529\/revisions\/10533"}],"wp:featuredmedia":[{"embeddable":true,"href":"https:\/\/catholiques17.fr\/nieul\/wp-json\/wp\/v2\/media\/10530"}],"wp:attachment":[{"href":"https:\/\/catholiques17.fr\/nieul\/wp-json\/wp\/v2\/media?parent=10529"}],"wp:term":[{"taxonomy":"category","embeddable":true,"href":"https:\/\/catholiques17.fr\/nieul\/wp-json\/wp\/v2\/categories?post=10529"},{"taxonomy":"post_tag","embeddable":true,"href":"https:\/\/catholiques17.fr\/nieul\/wp-json\/wp\/v2\/tags?post=10529"}],"curies":[{"name":"wp","href":"https:\/\/api.w.org\/{rel}","templated":true}]}}