{"id":10516,"date":"2025-10-27T08:20:26","date_gmt":"2025-10-27T07:20:26","guid":{"rendered":"https:\/\/catholiques17.fr\/nieul\/?p=10516"},"modified":"2025-10-27T08:20:27","modified_gmt":"2025-10-27T07:20:27","slug":"annonces-paroissiales-semaine-du-27-octobre-au-2-novembre","status":"publish","type":"post","link":"https:\/\/catholiques17.fr\/nieul\/annonces-paroissiales-semaine-du-27-octobre-au-2-novembre\/","title":{"rendered":"Annonces paroissiales &#8211; Semaine du 27 octobre au 2 novembre"},"content":{"rendered":"\n<div style=\"height:53px\" aria-hidden=\"true\" class=\"wp-block-spacer\"><\/div>\n\n\n\n<p><strong>Mardi 28 octobre <\/strong>: Messe \u00e0 18h30 \u00e0 Lagord. Confession \u00e0 partir de 18h<\/p>\n\n\n\n<p><strong>Jeudi 30 octobre <\/strong>: Messe \u00e0 18h30 \u00e0 Lagord. Confession \u00e0 partir de 18h&nbsp;<\/p>\n\n\n\n<p><strong>Vendredi 31 octobre : HOLY WIN<\/strong> de 16h \u00e0 19h, f\u00eate des saints avec les enfants \u00e0 l&rsquo;Ecole F\u00e9n\u00e9lon Notre-Dame de Lagord. Venez d\u00e9guis\u00e9s de votre saint patron. Inscription et infos : 07 86 23 57 99<\/p>\n\n\n\n<div style=\"height:54px\" aria-hidden=\"true\" class=\"wp-block-spacer\"><\/div>\n\n\n\n<div class=\"wp-block-columns is-layout-flex wp-container-core-columns-is-layout-9d6595d7 wp-block-columns-is-layout-flex\">\n<div class=\"wp-block-column is-layout-flow wp-block-column-is-layout-flow\">\n<div class=\"wp-block-columns is-layout-flex wp-container-core-columns-is-layout-9d6595d7 wp-block-columns-is-layout-flex\">\n<div class=\"wp-block-column has-white-color has-text-color has-link-color wp-elements-0a975ecd1b9c857ee8e3ecbc2f6ebfc9 is-layout-flow wp-block-column-is-layout-flow\">\n<p class=\"has-text-align-center has-vivid-red-background-color has-background\"><strong>SOLENNIT\u00c9 DE LA TOUSSAINT<\/strong><\/p>\n\n\n\n<p class=\"has-text-align-center has-vivid-red-background-color has-background\"><strong>Samedi 1er novembre 2025<\/strong><\/p>\n\n\n\n<p class=\"has-text-align-center has-vivid-red-background-color has-background\">Messe \u00e0 9h30 \u00e0 l&rsquo;Houmeau et \u00e0 11h \u00e0 Nieul\/mer                          <\/p>\n\n\n\n<p><\/p>\n<\/div>\n\n\n\n<div class=\"wp-block-column has-white-color has-text-color has-link-color wp-elements-b8b3f2b5298c3e9f51093d7f42837a7d is-layout-flow wp-block-column-is-layout-flow\">\n<p class=\"has-text-align-center has-background\" style=\"background-color:#925fc2\"><strong>COMM\u00c9MORATION DE TOUS LES FID\u00c8LES D\u00c9FUNTS<\/strong><\/p>\n\n\n\n<p class=\"has-text-align-center has-background\" style=\"background-color:#925fc2\"><strong>Dimanche 2 novembre 2025<\/strong><\/p>\n\n\n\n<p class=\"has-text-align-center has-background\" style=\"background-color:#925fc2\">Pri\u00e8re pour les d\u00e9funts de notre paroisse \u00e0 10h30 \u00e0 Lagord, suivie de la messe \u00e0 11h<\/p>\n<\/div>\n<\/div>\n<\/div>\n<\/div>\n\n\n\n<div style=\"height:54px\" aria-hidden=\"true\" class=\"wp-block-spacer\"><\/div>\n","protected":false},"excerpt":{"rendered":"<p>Mardi 28 octobre : Messe \u00e0 18h30 \u00e0 Lagord. Confession \u00e0 partir de 18h Jeudi 30 octobre : Messe \u00e0 18h30 \u00e0 Lagord. Confession \u00e0 partir de 18h&nbsp; Vendredi 31 [&hellip;]<\/p>\n","protected":false},"author":4,"featured_media":9017,"comment_status":"open","ping_status":"open","sticky":false,"template":"","format":"standard","meta":{"_et_pb_use_builder":"off","_et_pb_old_content":"","_et_gb_content_width":"","footnotes":""},"categories":[6,24],"tags":[],"class_list":["post-10516","post","type-post","status-publish","format-standard","has-post-thumbnail","hentry","category-actualite","category-annonces"],"_links":{"self":[{"href":"https:\/\/catholiques17.fr\/nieul\/wp-json\/wp\/v2\/posts\/10516","targetHints":{"allow":["GET"]}}],"collection":[{"href":"https:\/\/catholiques17.fr\/nieul\/wp-json\/wp\/v2\/posts"}],"about":[{"href":"https:\/\/catholiques17.fr\/nieul\/wp-json\/wp\/v2\/types\/post"}],"author":[{"embeddable":true,"href":"https:\/\/catholiques17.fr\/nieul\/wp-json\/wp\/v2\/users\/4"}],"replies":[{"embeddable":true,"href":"https:\/\/catholiques17.fr\/nieul\/wp-json\/wp\/v2\/comments?post=10516"}],"version-history":[{"count":3,"href":"https:\/\/catholiques17.fr\/nieul\/wp-json\/wp\/v2\/posts\/10516\/revisions"}],"predecessor-version":[{"id":10519,"href":"https:\/\/catholiques17.fr\/nieul\/wp-json\/wp\/v2\/posts\/10516\/revisions\/10519"}],"wp:featuredmedia":[{"embeddable":true,"href":"https:\/\/catholiques17.fr\/nieul\/wp-json\/wp\/v2\/media\/9017"}],"wp:attachment":[{"href":"https:\/\/catholiques17.fr\/nieul\/wp-json\/wp\/v2\/media?parent=10516"}],"wp:term":[{"taxonomy":"category","embeddable":true,"href":"https:\/\/catholiques17.fr\/nieul\/wp-json\/wp\/v2\/categories?post=10516"},{"taxonomy":"post_tag","embeddable":true,"href":"https:\/\/catholiques17.fr\/nieul\/wp-json\/wp\/v2\/tags?post=10516"}],"curies":[{"name":"wp","href":"https:\/\/api.w.org\/{rel}","templated":true}]}}