{"id":10505,"date":"2025-10-20T09:54:12","date_gmt":"2025-10-20T07:54:12","guid":{"rendered":"https:\/\/catholiques17.fr\/nieul\/?p=10505"},"modified":"2025-10-23T18:29:53","modified_gmt":"2025-10-23T16:29:53","slug":"holywin-pour-les-enfants-venez-feter-votre-saint-patron","status":"publish","type":"post","link":"https:\/\/catholiques17.fr\/nieul\/holywin-pour-les-enfants-venez-feter-votre-saint-patron\/","title":{"rendered":"Holywin pour les enfants : venez f\u00eater votre saint patron !"},"content":{"rendered":"[et_pb_section admin_label=\u00a0\u00bbsection\u00a0\u00bb]\n\t\t\t[et_pb_row admin_label=\u00a0\u00bbrow\u00a0\u00bb]\n\t\t\t\t[et_pb_column type=\u00a0\u00bb4_4&Prime;][et_pb_text admin_label=\u00a0\u00bbText\u00a0\u00bb]\n<div style=\"height:75px\" aria-hidden=\"true\" class=\"wp-block-spacer\"><\/div>\n\n\n\n<p>La Toussaint est la f\u00eate de l\u2019Eglise qui c\u00e9l\u00e8bre la saintet\u00e9 de tous les saints qui sont arriv\u00e9s au but de l\u2019appel de Dieu, l\u2019appel de la saintet\u00e9. Elle appelle chaque chr\u00e9tien \u00e0 se r\u00e9jouir d\u2019aimer Dieu et le prochain et d\u2019\u00eatre aim\u00e9 par Lui. Les saints ont t\u00e9moign\u00e9 par leur vie de saintet\u00e9 et nous aident \u00e0 r\u00e9pondre \u00e0 l\u2019appel de saintet\u00e9 de Dieu.<\/p>\n\n\n\n<p>Le 31 octobre, les enfants de la paroisse sont invit\u00e9s \u00e0 une apr\u00e8s-midi r\u00e9cr\u00e9ative en leur faisant d\u00e9couvrir la vie d\u2019un grand saint. Nous leur demandons de venir costum\u00e9s ou ayant avec eux un attribut de leur saint patron ou d\u2019un saint qu\u2019ils aiment.<\/p>\n\n\n\n<div style=\"height:46px\" aria-hidden=\"true\" class=\"wp-block-spacer\"><\/div>\n\n\n\n<figure class=\"wp-block-image aligncenter size-full\"><img loading=\"lazy\" decoding=\"async\" width=\"564\" height=\"800\" src=\"https:\/\/catholiques17.fr\/nieul\/wp-content\/uploads\/sites\/29\/2025\/10\/Holy-win.jpg\" alt=\"\" class=\"wp-image-10504\" srcset=\"https:\/\/catholiques17.fr\/nieul\/wp-content\/uploads\/sites\/29\/2025\/10\/Holy-win.jpg 564w, https:\/\/catholiques17.fr\/nieul\/wp-content\/uploads\/sites\/29\/2025\/10\/Holy-win-480x681.jpg 480w\" sizes=\"(min-width: 0px) and (max-width: 480px) 480px, (min-width: 481px) 564px, 100vw\" \/><\/figure>\n[\/et_pb_text][\/et_pb_column]\n\t\t\t[\/et_pb_row]\n\t\t[\/et_pb_section]","protected":false},"excerpt":{"rendered":"<p>La Toussaint est la f\u00eate de l\u2019Eglise qui c\u00e9l\u00e8bre la saintet\u00e9 de tous les saints qui sont arriv\u00e9s au but de l\u2019appel de Dieu, l\u2019appel de la saintet\u00e9. Elle appelle [&hellip;]<\/p>\n","protected":false},"author":4,"featured_media":10503,"comment_status":"open","ping_status":"open","sticky":false,"template":"","format":"standard","meta":{"_et_pb_use_builder":"on","_et_pb_old_content":"<!-- wp:spacer {\"height\":\"75px\"} -->\n<div style=\"height:75px\" aria-hidden=\"true\" class=\"wp-block-spacer\"><\/div>\n<!-- \/wp:spacer -->\n\n<!-- wp:paragraph -->\n<p>La Toussaint est la f\u00eate de l\u2019Eglise qui c\u00e9l\u00e8bre la saintet\u00e9 de tous les saints qui sont arriv\u00e9s au but de l\u2019appel de Dieu, l\u2019appel de la saintet\u00e9. Elle appelle chaque chr\u00e9tien \u00e0 se r\u00e9jouir d\u2019aimer Dieu et le prochain et d\u2019\u00eatre aim\u00e9 par Lui. Les saints ont t\u00e9moign\u00e9 par leur vie de saintet\u00e9 et nous aident \u00e0 r\u00e9pondre \u00e0 l\u2019appel de saintet\u00e9 de Dieu.<\/p>\n<!-- \/wp:paragraph -->\n\n<!-- wp:paragraph -->\n<p>Le 31 octobre, les enfants de la paroisse sont invit\u00e9s \u00e0 une apr\u00e8s-midi r\u00e9cr\u00e9ative en leur faisant d\u00e9couvrir la vie d\u2019un grand saint. Nous leur demandons de venir costum\u00e9s ou ayant avec eux un attribut de leur saint patron ou d\u2019un saint qu\u2019ils aiment.<\/p>\n<!-- \/wp:paragraph -->\n\n<!-- wp:spacer {\"height\":\"46px\"} -->\n<div style=\"height:46px\" aria-hidden=\"true\" class=\"wp-block-spacer\"><\/div>\n<!-- \/wp:spacer -->\n\n<!-- wp:image {\"id\":10504,\"sizeSlug\":\"full\",\"linkDestination\":\"none\",\"align\":\"center\"} -->\n<figure class=\"wp-block-image aligncenter size-full\"><img src=\"https:\/\/catholiques17.fr\/nieul\/wp-content\/uploads\/sites\/29\/2025\/10\/Holy-win.jpg\" alt=\"\" class=\"wp-image-10504\"\/><\/figure>\n<!-- \/wp:image -->","_et_gb_content_width":"","footnotes":""},"categories":[6,24,29,42,47],"tags":[],"class_list":["post-10505","post","type-post","status-publish","format-standard","has-post-thumbnail","hentry","category-actualite","category-annonces","category-cate","category-enfants","category-familles"],"_links":{"self":[{"href":"https:\/\/catholiques17.fr\/nieul\/wp-json\/wp\/v2\/posts\/10505","targetHints":{"allow":["GET"]}}],"collection":[{"href":"https:\/\/catholiques17.fr\/nieul\/wp-json\/wp\/v2\/posts"}],"about":[{"href":"https:\/\/catholiques17.fr\/nieul\/wp-json\/wp\/v2\/types\/post"}],"author":[{"embeddable":true,"href":"https:\/\/catholiques17.fr\/nieul\/wp-json\/wp\/v2\/users\/4"}],"replies":[{"embeddable":true,"href":"https:\/\/catholiques17.fr\/nieul\/wp-json\/wp\/v2\/comments?post=10505"}],"version-history":[{"count":2,"href":"https:\/\/catholiques17.fr\/nieul\/wp-json\/wp\/v2\/posts\/10505\/revisions"}],"predecessor-version":[{"id":10515,"href":"https:\/\/catholiques17.fr\/nieul\/wp-json\/wp\/v2\/posts\/10505\/revisions\/10515"}],"wp:featuredmedia":[{"embeddable":true,"href":"https:\/\/catholiques17.fr\/nieul\/wp-json\/wp\/v2\/media\/10503"}],"wp:attachment":[{"href":"https:\/\/catholiques17.fr\/nieul\/wp-json\/wp\/v2\/media?parent=10505"}],"wp:term":[{"taxonomy":"category","embeddable":true,"href":"https:\/\/catholiques17.fr\/nieul\/wp-json\/wp\/v2\/categories?post=10505"},{"taxonomy":"post_tag","embeddable":true,"href":"https:\/\/catholiques17.fr\/nieul\/wp-json\/wp\/v2\/tags?post=10505"}],"curies":[{"name":"wp","href":"https:\/\/api.w.org\/{rel}","templated":true}]}}