{"id":10501,"date":"2025-10-20T09:41:57","date_gmt":"2025-10-20T07:41:57","guid":{"rendered":"https:\/\/catholiques17.fr\/nieul\/?p=10501"},"modified":"2025-10-20T09:54:48","modified_gmt":"2025-10-20T07:54:48","slug":"annonces-paroissiales-semaine-du-20-au-26-octobre","status":"publish","type":"post","link":"https:\/\/catholiques17.fr\/nieul\/annonces-paroissiales-semaine-du-20-au-26-octobre\/","title":{"rendered":"Annonces paroissiales &#8211; Semaine du 20 au 26 octobre"},"content":{"rendered":"\n<div style=\"height:40px\" aria-hidden=\"true\" class=\"wp-block-spacer\"><\/div>\n\n\n\n<p><strong>Mardi 21 octobre<\/strong> : Obs\u00e8ques de Mme PERON Mauricette \u00e0 14h30 \u00e0 Nieul &#8211; Messe \u00e0 18h30 \u00e0 Lagord &#8211; Confession \u00e0 partir de 18h<br><strong>Jeudi 23 octobre<\/strong> : Messe SEM aux \u00ab\u00a0Jardins du G\u00f4 \u00a0\u00bb de Nieul \u00a0\u00e0 15h30 &#8211; Messe \u00e0 18h30 \u00e0 Lagord. Confession \u00e0 partir de 18h<\/p>\n\n\n\n<p><strong>Dimanche 26 octobre :<\/strong> Messe de pr\u00e9sentation du dioc\u00e8se, pr\u00e9sid\u00e9e par Mgr Bozo, \u00e0 15h30 \u00e0 la cath\u00e9drale Saint-Pierre de Saintes (c\u00e9l\u00e9bration ouverte \u00e0 tous)<\/p>\n\n\n\n<div style=\"height:63px\" aria-hidden=\"true\" class=\"wp-block-spacer\"><\/div>\n\n\n\n<p><strong>Dimanche 26 octobre 2025 <\/strong>&#8211; <strong>30\u00e8me DIMANCHE du TEMPS ORDINAIRE<\/strong><br>&#8211; Samedi 25\/10 : Messe anticip\u00e9e \u00e0 18h \u00e0 Nieul sur Mer.<br>&#8211; Dimanche 26\/10 : Messes \u00e0 9h30 \u00e0 Marsilly et \u00e0 11h \u00e0 Lagord<\/p>\n\n\n\n<div style=\"height:66px\" aria-hidden=\"true\" class=\"wp-block-spacer\"><\/div>\n","protected":false},"excerpt":{"rendered":"<p>Mardi 21 octobre : Obs\u00e8ques de Mme PERON Mauricette \u00e0 14h30 \u00e0 Nieul &#8211; Messe \u00e0 18h30 \u00e0 Lagord &#8211; Confession \u00e0 partir de 18hJeudi 23 octobre : Messe SEM [&hellip;]<\/p>\n","protected":false},"author":4,"featured_media":9017,"comment_status":"open","ping_status":"open","sticky":false,"template":"","format":"standard","meta":{"_et_pb_use_builder":"off","_et_pb_old_content":"","_et_gb_content_width":"","footnotes":""},"categories":[6,24],"tags":[],"class_list":["post-10501","post","type-post","status-publish","format-standard","has-post-thumbnail","hentry","category-actualite","category-annonces"],"_links":{"self":[{"href":"https:\/\/catholiques17.fr\/nieul\/wp-json\/wp\/v2\/posts\/10501","targetHints":{"allow":["GET"]}}],"collection":[{"href":"https:\/\/catholiques17.fr\/nieul\/wp-json\/wp\/v2\/posts"}],"about":[{"href":"https:\/\/catholiques17.fr\/nieul\/wp-json\/wp\/v2\/types\/post"}],"author":[{"embeddable":true,"href":"https:\/\/catholiques17.fr\/nieul\/wp-json\/wp\/v2\/users\/4"}],"replies":[{"embeddable":true,"href":"https:\/\/catholiques17.fr\/nieul\/wp-json\/wp\/v2\/comments?post=10501"}],"version-history":[{"count":1,"href":"https:\/\/catholiques17.fr\/nieul\/wp-json\/wp\/v2\/posts\/10501\/revisions"}],"predecessor-version":[{"id":10502,"href":"https:\/\/catholiques17.fr\/nieul\/wp-json\/wp\/v2\/posts\/10501\/revisions\/10502"}],"wp:featuredmedia":[{"embeddable":true,"href":"https:\/\/catholiques17.fr\/nieul\/wp-json\/wp\/v2\/media\/9017"}],"wp:attachment":[{"href":"https:\/\/catholiques17.fr\/nieul\/wp-json\/wp\/v2\/media?parent=10501"}],"wp:term":[{"taxonomy":"category","embeddable":true,"href":"https:\/\/catholiques17.fr\/nieul\/wp-json\/wp\/v2\/categories?post=10501"},{"taxonomy":"post_tag","embeddable":true,"href":"https:\/\/catholiques17.fr\/nieul\/wp-json\/wp\/v2\/tags?post=10501"}],"curies":[{"name":"wp","href":"https:\/\/api.w.org\/{rel}","templated":true}]}}