{"id":10494,"date":"2025-10-12T10:58:46","date_gmt":"2025-10-12T08:58:46","guid":{"rendered":"https:\/\/catholiques17.fr\/nieul\/?p=10494"},"modified":"2025-10-12T10:58:47","modified_gmt":"2025-10-12T08:58:47","slug":"decouvrez-lexhortation-apostolique-du-pape-leon-xiv","status":"publish","type":"post","link":"https:\/\/catholiques17.fr\/nieul\/decouvrez-lexhortation-apostolique-du-pape-leon-xiv\/","title":{"rendered":"D\u00e9couvrez l&rsquo;exhortation apostolique du Pape L\u00e9on XIV"},"content":{"rendered":"\n<div style=\"height:100px\" aria-hidden=\"true\" class=\"wp-block-spacer\"><\/div>\n\n\n\n<p>Dans son exhortation apostolique <em>Dilexi te<\/em> (\u00ab\u00a0Je t\u2019ai aim\u00e9\u00a0\u00bb, en fran\u00e7ais), publi\u00e9e jeudi 9\u00a0octobre 2025, le pape L\u00e9on\u00a0XIV appelle \u00e0 un changement de mentalit\u00e9 vis-\u00e0-vis des personnes marginalis\u00e9es, fustigeant le manque d\u2019\u00e9quit\u00e9 du syst\u00e8me \u00e9conomique mondial et <em>\u00ab\u00a0une culture qui rejette les autres\u00a0\u00bb<\/em>. Un texte qui s\u2019inscrit dans la continuit\u00e9 de son pr\u00e9d\u00e9cesseur. Cette exhortation apostolique, dont le titre reprend celui de <a href=\"https:\/\/www.la-croix.com\/religion\/texte-integral-dilexit-nos-encyclique-pape-francois-telechargez-sacre-coeur-20241024\">la derni\u00e8re encyclique de Fran\u00e7ois, <em>Dilexit nos <\/em><\/a>(\u00ab Il nous a aim\u00e9s\u00a0\u00bb), avait \u00e9t\u00e9 commenc\u00e9e par le pape argentin, d\u00e9c\u00e9d\u00e9 en avril apr\u00e8s douze ans de pontificat, a indiqu\u00e9 le Vatican, sans pr\u00e9ciser dans quelle proportion.<\/p>\n\n\n\n<p><em>Source : <a href=\"https:\/\/www.la-croix.com\">https:\/\/www.la-croix.com<\/a><\/em><\/p>\n\n\n\n<div style=\"height:100px\" aria-hidden=\"true\" class=\"wp-block-spacer\"><\/div>\n\n\n\n<div class=\"wp-block-buttons is-content-justification-center is-layout-flex wp-container-core-buttons-is-layout-16018d1d wp-block-buttons-is-layout-flex\">\n<div class=\"wp-block-button has-custom-width wp-block-button__width-50 is-style-outline is-style-outline--1\"><a class=\"wp-block-button__link has-vivid-red-color has-text-color has-link-color wp-element-button\" href=\"https:\/\/catholiques17.fr\/nieul\/wp-content\/uploads\/sites\/29\/2025\/10\/Dilexi-te-l-exhortation-apostolique-du-pape-Leon-XIV.pdf\" style=\"border-radius:10px\" target=\"_blank\" rel=\"noreferrer noopener\">Lire \/ T\u00e9l\u00e9charger l&rsquo;int\u00e9gralit\u00e9 du texte<\/a><\/div>\n<\/div>\n\n\n\n<div style=\"height:100px\" aria-hidden=\"true\" class=\"wp-block-spacer\"><\/div>\n","protected":false},"excerpt":{"rendered":"<p>Dans son exhortation apostolique Dilexi te (\u00ab\u00a0Je t\u2019ai aim\u00e9\u00a0\u00bb, en fran\u00e7ais), publi\u00e9e jeudi 9\u00a0octobre 2025, le pape L\u00e9on\u00a0XIV appelle \u00e0 un changement de mentalit\u00e9 vis-\u00e0-vis des personnes marginalis\u00e9es, fustigeant le [&hellip;]<\/p>\n","protected":false},"author":4,"featured_media":10495,"comment_status":"open","ping_status":"open","sticky":false,"template":"","format":"standard","meta":{"_et_pb_use_builder":"off","_et_pb_old_content":"","_et_gb_content_width":"","footnotes":""},"categories":[6,21,49],"tags":[],"class_list":["post-10494","post","type-post","status-publish","format-standard","has-post-thumbnail","hentry","category-actualite","category-eglise-universelle","category-pape"],"_links":{"self":[{"href":"https:\/\/catholiques17.fr\/nieul\/wp-json\/wp\/v2\/posts\/10494","targetHints":{"allow":["GET"]}}],"collection":[{"href":"https:\/\/catholiques17.fr\/nieul\/wp-json\/wp\/v2\/posts"}],"about":[{"href":"https:\/\/catholiques17.fr\/nieul\/wp-json\/wp\/v2\/types\/post"}],"author":[{"embeddable":true,"href":"https:\/\/catholiques17.fr\/nieul\/wp-json\/wp\/v2\/users\/4"}],"replies":[{"embeddable":true,"href":"https:\/\/catholiques17.fr\/nieul\/wp-json\/wp\/v2\/comments?post=10494"}],"version-history":[{"count":2,"href":"https:\/\/catholiques17.fr\/nieul\/wp-json\/wp\/v2\/posts\/10494\/revisions"}],"predecessor-version":[{"id":10498,"href":"https:\/\/catholiques17.fr\/nieul\/wp-json\/wp\/v2\/posts\/10494\/revisions\/10498"}],"wp:featuredmedia":[{"embeddable":true,"href":"https:\/\/catholiques17.fr\/nieul\/wp-json\/wp\/v2\/media\/10495"}],"wp:attachment":[{"href":"https:\/\/catholiques17.fr\/nieul\/wp-json\/wp\/v2\/media?parent=10494"}],"wp:term":[{"taxonomy":"category","embeddable":true,"href":"https:\/\/catholiques17.fr\/nieul\/wp-json\/wp\/v2\/categories?post=10494"},{"taxonomy":"post_tag","embeddable":true,"href":"https:\/\/catholiques17.fr\/nieul\/wp-json\/wp\/v2\/tags?post=10494"}],"curies":[{"name":"wp","href":"https:\/\/api.w.org\/{rel}","templated":true}]}}