{"id":10491,"date":"2025-10-12T10:49:43","date_gmt":"2025-10-12T08:49:43","guid":{"rendered":"https:\/\/catholiques17.fr\/nieul\/?p=10491"},"modified":"2025-10-12T10:49:44","modified_gmt":"2025-10-12T08:49:44","slug":"annonces-paroissiales-semaine-du-13-au-19-octobre","status":"publish","type":"post","link":"https:\/\/catholiques17.fr\/nieul\/annonces-paroissiales-semaine-du-13-au-19-octobre\/","title":{"rendered":"Annonces paroissiales &#8211; Semaine du 13 au 19 octobre"},"content":{"rendered":"\n<div style=\"height:51px\" aria-hidden=\"true\" class=\"wp-block-spacer\"><\/div>\n\n\n\n<p><strong>Lundi 13 octobre :<\/strong> Equipe pastorale \u00e0 18h30 \u00e0 Lagord<\/p>\n\n\n\n<p><strong>Mardi 14\u00a0octobre :<\/strong> Messe \u00e0 18h30 \u00e0 Lagord &#8211; Confession \u00e0 partir de 18h\u00a0<\/p>\n\n\n\n<p><strong>Jeudi 16\u00a0octobre :<\/strong> Messe SEM au \u00ab\u00a0Rayon d&rsquo;or\u00a0\u00bb de Lagord \u00e0 14h30 &#8211; Messe \u00e0 18h30 \u00e0 Lagord &#8211; Confession \u00e0 partir de 18h<\/p>\n\n\n\n<div style=\"height:50px\" aria-hidden=\"true\" class=\"wp-block-spacer\"><\/div>\n\n\n\n<p><strong>Dimanche 19 octobre 2025\u00a0:\u00a029\u00e8me DIMANCHE du TEMPS ORDINAIRE<\/strong><\/p>\n\n\n\n<ul class=\"wp-block-list\">\n<li>Samedi 18\/10 : Messe anticip\u00e9e \u00e0 18h \u00e0 Nieul sur Mer.\u00a0<\/li>\n<\/ul>\n\n\n\n<ul class=\"wp-block-list\">\n<li>Dimanche 19\/10 : Messes \u00e0 9h30 \u00e0 L&rsquo;Houmeau et \u00e0 11h \u00e0 Lagord<\/li>\n<\/ul>\n\n\n\n<div style=\"height:52px\" aria-hidden=\"true\" class=\"wp-block-spacer\"><\/div>\n\n\n\n<hr class=\"wp-block-separator has-text-color has-luminous-vivid-orange-color has-alpha-channel-opacity has-luminous-vivid-orange-background-color has-background is-style-wide\"\/>\n\n\n\n<div style=\"height:52px\" aria-hidden=\"true\" class=\"wp-block-spacer\"><\/div>\n\n\n\n<p class=\"has-text-align-center\"><strong>R\u00e9cemment nomm\u00e9 \u00e9v\u00eaque coadjuteur du dioc\u00e8se de Charente-Maritime, \u00a0<\/strong><\/p>\n\n\n\n<p class=\"has-text-align-center\"><strong>Mgr BOZO sera install\u00e9 et accueilli lors de 2 messes c\u00e9l\u00e9br\u00e9es\u00a0: <\/strong><\/p>\n\n\n\n<div style=\"height:52px\" aria-hidden=\"true\" class=\"wp-block-spacer\"><\/div>\n\n\n\n<ul class=\"wp-block-list\">\n<li><strong>le dimanche 19 octobre \u00e0 15h30 <\/strong>en la cath\u00e9drale Saint Louis de La Rochelle (d\u00e9l\u00e9gation paroissiale). Il sera possible de suivre cette c\u00e9l\u00e9bration gr\u00e2ce \u00e0 une retransmission en direct au Lyc\u00e9e F\u00e9nelon (distribution de la communion sur place), sur RCF, sur KTO et sur <a href=\"http:\/\/www.catholique17.fr\" target=\"_blank\" rel=\"noreferrer noopener\">www.catholique17.fr<\/a><\/li>\n<\/ul>\n\n\n\n<ul class=\"wp-block-list\">\n<li><strong>le<\/strong> <strong>dimanche 26 octobre \u00e0 15h30<\/strong> en la cath\u00e9drale Saint Pierre de Saintes\u00a0(messe de pr\u00e9sentation du dioc\u00e8se, ouverte \u00e0 tous)<\/li>\n<\/ul>\n\n\n\n<div style=\"height:52px\" aria-hidden=\"true\" class=\"wp-block-spacer\"><\/div>\n\n\n\n<div class=\"wp-block-buttons is-content-justification-center is-layout-flex wp-container-core-buttons-is-layout-16018d1d wp-block-buttons-is-layout-flex\">\n<div class=\"wp-block-button is-style-outline is-style-outline--1\"><a class=\"wp-block-button__link has-text-color has-link-color wp-element-button\" href=\"https:\/\/catholiques17.fr\/accueil-de-mgr-pierre-antoine-bozo\/\" style=\"color:#6d31a5\" target=\"_blank\" rel=\"noreferrer noopener\">Plus d&rsquo;informations<\/a><\/div>\n<\/div>\n\n\n\n<div style=\"height:52px\" aria-hidden=\"true\" class=\"wp-block-spacer\"><\/div>\n","protected":false},"excerpt":{"rendered":"<p>Lundi 13 octobre : Equipe pastorale \u00e0 18h30 \u00e0 Lagord Mardi 14\u00a0octobre : Messe \u00e0 18h30 \u00e0 Lagord &#8211; Confession \u00e0 partir de 18h\u00a0 Jeudi 16\u00a0octobre : Messe SEM au [&hellip;]<\/p>\n","protected":false},"author":4,"featured_media":9017,"comment_status":"open","ping_status":"open","sticky":false,"template":"","format":"standard","meta":{"_et_pb_use_builder":"off","_et_pb_old_content":"","_et_gb_content_width":"","footnotes":""},"categories":[6,24],"tags":[],"class_list":["post-10491","post","type-post","status-publish","format-standard","has-post-thumbnail","hentry","category-actualite","category-annonces"],"_links":{"self":[{"href":"https:\/\/catholiques17.fr\/nieul\/wp-json\/wp\/v2\/posts\/10491","targetHints":{"allow":["GET"]}}],"collection":[{"href":"https:\/\/catholiques17.fr\/nieul\/wp-json\/wp\/v2\/posts"}],"about":[{"href":"https:\/\/catholiques17.fr\/nieul\/wp-json\/wp\/v2\/types\/post"}],"author":[{"embeddable":true,"href":"https:\/\/catholiques17.fr\/nieul\/wp-json\/wp\/v2\/users\/4"}],"replies":[{"embeddable":true,"href":"https:\/\/catholiques17.fr\/nieul\/wp-json\/wp\/v2\/comments?post=10491"}],"version-history":[{"count":2,"href":"https:\/\/catholiques17.fr\/nieul\/wp-json\/wp\/v2\/posts\/10491\/revisions"}],"predecessor-version":[{"id":10493,"href":"https:\/\/catholiques17.fr\/nieul\/wp-json\/wp\/v2\/posts\/10491\/revisions\/10493"}],"wp:featuredmedia":[{"embeddable":true,"href":"https:\/\/catholiques17.fr\/nieul\/wp-json\/wp\/v2\/media\/9017"}],"wp:attachment":[{"href":"https:\/\/catholiques17.fr\/nieul\/wp-json\/wp\/v2\/media?parent=10491"}],"wp:term":[{"taxonomy":"category","embeddable":true,"href":"https:\/\/catholiques17.fr\/nieul\/wp-json\/wp\/v2\/categories?post=10491"},{"taxonomy":"post_tag","embeddable":true,"href":"https:\/\/catholiques17.fr\/nieul\/wp-json\/wp\/v2\/tags?post=10491"}],"curies":[{"name":"wp","href":"https:\/\/api.w.org\/{rel}","templated":true}]}}