{"id":10484,"date":"2025-10-06T09:08:58","date_gmt":"2025-10-06T07:08:58","guid":{"rendered":"https:\/\/catholiques17.fr\/nieul\/?p=10484"},"modified":"2025-10-12T10:59:33","modified_gmt":"2025-10-12T08:59:33","slug":"annonces-paroissiales-semaine-du-6-au-12-octobre","status":"publish","type":"post","link":"https:\/\/catholiques17.fr\/nieul\/annonces-paroissiales-semaine-du-6-au-12-octobre\/","title":{"rendered":"Annonces paroissiales &#8211; Semaine du 6 au 12 octobre"},"content":{"rendered":"\n<div style=\"height:58px\" aria-hidden=\"true\" class=\"wp-block-spacer\"><\/div>\n\n\n\n<p><strong>Lundi 6 octobre\u00a0:\u00a0<\/strong>Obs\u00e8ques de M. G\u00e9rard BLUTEAU \u00e0 10h \u00e0 Lagord &#8211; Groupe de la Parole \u00e0 14h30 au presbyt\u00e8re de Nieul sur Mer &#8211; Pr\u00e9paration au bapt\u00eame \u00e0 20h30 \u00e0 la salle Gaby Coll.<\/p>\n\n\n\n<p><strong>Mardi 7 octobre\u00a0:<\/strong> Obs\u00e8ques de Mme Christine LENART \u00e0 10h \u00e0 L\u2019Houmeau &#8211; Messe \u00e0 18h30 \u00e0 Lagord. Confession \u00e0 partir de 18h.<\/p>\n\n\n\n<p><strong>Jeudi 9 octobre\u00a0:<\/strong> Messe SEM au \u00ab\u00a0Bois d\u2019Hur\u00e9\u00a0\u00bb de Lagord \u00e0 15h &#8211; Pas de messe ce jeudi \u00e0 l\u2019\u00e9glise de Lagord<\/p>\n\n\n\n<div style=\"height:60px\" aria-hidden=\"true\" class=\"wp-block-spacer\"><\/div>\n\n\n\n<p><strong>Dimanche 12 octobre 2025\u00a0:\u00a028\u00e8me  dimanche du Temps Ordinaire<\/strong><\/p>\n\n\n\n<ul class=\"wp-block-list\">\n<li>Samedi 11\/10 : Messe anticip\u00e9e le samedi \u00e0 18h \u00e0 Nieul sur Mer.\u00a0<\/li>\n<\/ul>\n\n\n\n<ul class=\"wp-block-list\">\n<li>Dimanche 12\/10 : Messes \u00e0 9h30 \u00e0 Marsilly et \u00e0 11h \u00e0 Lagord<\/li>\n<\/ul>\n\n\n\n<div style=\"height:71px\" aria-hidden=\"true\" class=\"wp-block-spacer\"><\/div>\n\n\n\n<hr class=\"wp-block-separator has-text-color has-luminous-vivid-orange-color has-alpha-channel-opacity has-luminous-vivid-orange-background-color has-background is-style-wide\"\/>\n\n\n\n<div style=\"height:71px\" aria-hidden=\"true\" class=\"wp-block-spacer\"><\/div>\n\n\n\n<figure class=\"wp-block-image aligncenter size-medium\"><a href=\"https:\/\/catholiques17.fr\/nieul\/wp-content\/uploads\/sites\/29\/2025\/10\/Flyer-A5-Formation-Patisserie-Forme-Abstraite-Beige-et-Marron.jpg\"><img loading=\"lazy\" decoding=\"async\" width=\"212\" height=\"300\" src=\"https:\/\/catholiques17.fr\/nieul\/wp-content\/uploads\/sites\/29\/2025\/10\/Flyer-A5-Formation-Patisserie-Forme-Abstraite-Beige-et-Marron-212x300.jpg\" alt=\"\" class=\"wp-image-10481\"\/><\/a><\/figure>\n\n\n\n<div style=\"height:33px\" aria-hidden=\"true\" class=\"wp-block-spacer\"><\/div>\n\n\n\n<p class=\"has-text-align-center\">La paroisse et l\u2019\u00e9cole F\u00e9nelon Lagord proposent aux enfants de venir se retrouver le <strong>31 octobre<\/strong> de 16h \u00e0 19h, \u00e0 l\u2019\u00e9cole Fenelon Lagord (10 rue de la Comtesse de S\u00e9gur), pour vivre une animation \u00ab\u00a0Holywin\u00a0\u00bb. Chaque enfant pourra se d\u00e9guiser en saint ou sainte de son choix pour se pr\u00e9parer ainsi joyeusement \u00e0 f\u00eater la f\u00eate de la Toussaint. Au programme : Chants, animations et bonbons !!<\/p>\n\n\n\n<p class=\"has-text-align-center\"><strong>Inscription n\u00e9cessaire : 07 86 23 57 99 (par sms)<\/strong><\/p>\n\n\n\n<div style=\"height:48px\" aria-hidden=\"true\" class=\"wp-block-spacer\"><\/div>\n","protected":false},"excerpt":{"rendered":"<p>Lundi 6 octobre\u00a0:\u00a0Obs\u00e8ques de M. G\u00e9rard BLUTEAU \u00e0 10h \u00e0 Lagord &#8211; Groupe de la Parole \u00e0 14h30 au presbyt\u00e8re de Nieul sur Mer &#8211; Pr\u00e9paration au bapt\u00eame \u00e0 20h30 [&hellip;]<\/p>\n","protected":false},"author":4,"featured_media":9017,"comment_status":"open","ping_status":"open","sticky":false,"template":"","format":"standard","meta":{"_et_pb_use_builder":"off","_et_pb_old_content":"","_et_gb_content_width":"","footnotes":""},"categories":[6,24],"tags":[],"class_list":["post-10484","post","type-post","status-publish","format-standard","has-post-thumbnail","hentry","category-actualite","category-annonces"],"_links":{"self":[{"href":"https:\/\/catholiques17.fr\/nieul\/wp-json\/wp\/v2\/posts\/10484","targetHints":{"allow":["GET"]}}],"collection":[{"href":"https:\/\/catholiques17.fr\/nieul\/wp-json\/wp\/v2\/posts"}],"about":[{"href":"https:\/\/catholiques17.fr\/nieul\/wp-json\/wp\/v2\/types\/post"}],"author":[{"embeddable":true,"href":"https:\/\/catholiques17.fr\/nieul\/wp-json\/wp\/v2\/users\/4"}],"replies":[{"embeddable":true,"href":"https:\/\/catholiques17.fr\/nieul\/wp-json\/wp\/v2\/comments?post=10484"}],"version-history":[{"count":3,"href":"https:\/\/catholiques17.fr\/nieul\/wp-json\/wp\/v2\/posts\/10484\/revisions"}],"predecessor-version":[{"id":10499,"href":"https:\/\/catholiques17.fr\/nieul\/wp-json\/wp\/v2\/posts\/10484\/revisions\/10499"}],"wp:featuredmedia":[{"embeddable":true,"href":"https:\/\/catholiques17.fr\/nieul\/wp-json\/wp\/v2\/media\/9017"}],"wp:attachment":[{"href":"https:\/\/catholiques17.fr\/nieul\/wp-json\/wp\/v2\/media?parent=10484"}],"wp:term":[{"taxonomy":"category","embeddable":true,"href":"https:\/\/catholiques17.fr\/nieul\/wp-json\/wp\/v2\/categories?post=10484"},{"taxonomy":"post_tag","embeddable":true,"href":"https:\/\/catholiques17.fr\/nieul\/wp-json\/wp\/v2\/tags?post=10484"}],"curies":[{"name":"wp","href":"https:\/\/api.w.org\/{rel}","templated":true}]}}