{"id":10472,"date":"2025-09-29T09:09:38","date_gmt":"2025-09-29T07:09:38","guid":{"rendered":"https:\/\/catholiques17.fr\/nieul\/?p=10472"},"modified":"2025-10-06T09:10:49","modified_gmt":"2025-10-06T07:10:49","slug":"annonces-paroissiales-semaine-du-29-septembre-au-5-octobre","status":"publish","type":"post","link":"https:\/\/catholiques17.fr\/nieul\/annonces-paroissiales-semaine-du-29-septembre-au-5-octobre\/","title":{"rendered":"Annonces paroissiales &#8211; Semaine du 29 septembre au 5 octobre"},"content":{"rendered":"\n<div style=\"height:57px\" aria-hidden=\"true\" class=\"wp-block-spacer\"><\/div>\n\n\n\n<p><strong>Lundi\u00a029 septembre :<\/strong> Obs\u00e8ques de M. Dominique PACTON \u00e0 10h30 \u00e0 Marsilly<\/p>\n\n\n\n<p><strong>Mardi 30 septembre :<\/strong>\u00a0Messe \u00e0 18h30 \u00e0 Lagord. Confessions \u00e0 partir de 18h<\/p>\n\n\n\n<p><strong>Jeudi 2 Octobre : <\/strong>Messe SEM \u00e0 \u00ab\u00a0La Rose des Vents\u00a0\u00bb \u00e0 L&rsquo;Houmeau \u00e0 15h &#8211; Messe \u00e0 18h30 \u00e0 Lagord. Confession \u00e0 partir de 18h.<\/p>\n\n\n\n<p><strong>Dimanche 5 octobre :<\/strong> Spectacle le Dame de Pierre organis\u00e9e par l&rsquo;association paroissiale &#8211; Quelques places sont encore disponibles &#8211; Informations et r\u00e9servations <strong><span style=\"text-decoration: underline;\"><a href=\"https:\/\/catholiques17.fr\/nieul\/spectacle-musical-la-dame-de-pierre-au-zenith-de-nantes-avec-lassociation-paroissiale\/\" target=\"_blank\" rel=\"noreferrer noopener\">ici<\/a><\/span><\/strong><\/p>\n\n\n\n<p><\/p>\n\n\n\n<div style=\"height:55px\" aria-hidden=\"true\" class=\"wp-block-spacer\"><\/div>\n\n\n\n<p class=\"has-text-align-center\"><strong>Dimanche du 5 octobre 2025\u00a0:\u00a027\u00e8me DIMANCHE du TEMPS ORDINAIRE<\/strong><\/p>\n\n\n\n<ul class=\"wp-block-list\">\n<li>Samedi 04\/10 : Messe anticip\u00e9e \u00e0 18h \u00e0 Nieul sur Mer.\u00a0<\/li>\n<\/ul>\n\n\n\n<ul class=\"wp-block-list\">\n<li>Dimanche 05\/10 : Messe des familles \u00e0 11h \u00e0 Lagord (messe unique pour notre secteur ce jour l\u00e0) <\/li>\n<\/ul>\n\n\n\n<div style=\"height:55px\" aria-hidden=\"true\" class=\"wp-block-spacer\"><\/div>\n","protected":false},"excerpt":{"rendered":"<p>Lundi\u00a029 septembre : Obs\u00e8ques de M. Dominique PACTON \u00e0 10h30 \u00e0 Marsilly Mardi 30 septembre :\u00a0Messe \u00e0 18h30 \u00e0 Lagord. Confessions \u00e0 partir de 18h Jeudi 2 Octobre : Messe [&hellip;]<\/p>\n","protected":false},"author":4,"featured_media":9017,"comment_status":"open","ping_status":"open","sticky":false,"template":"","format":"standard","meta":{"_et_pb_use_builder":"off","_et_pb_old_content":"","_et_gb_content_width":"","footnotes":""},"categories":[6],"tags":[],"class_list":["post-10472","post","type-post","status-publish","format-standard","has-post-thumbnail","hentry","category-actualite"],"_links":{"self":[{"href":"https:\/\/catholiques17.fr\/nieul\/wp-json\/wp\/v2\/posts\/10472","targetHints":{"allow":["GET"]}}],"collection":[{"href":"https:\/\/catholiques17.fr\/nieul\/wp-json\/wp\/v2\/posts"}],"about":[{"href":"https:\/\/catholiques17.fr\/nieul\/wp-json\/wp\/v2\/types\/post"}],"author":[{"embeddable":true,"href":"https:\/\/catholiques17.fr\/nieul\/wp-json\/wp\/v2\/users\/4"}],"replies":[{"embeddable":true,"href":"https:\/\/catholiques17.fr\/nieul\/wp-json\/wp\/v2\/comments?post=10472"}],"version-history":[{"count":1,"href":"https:\/\/catholiques17.fr\/nieul\/wp-json\/wp\/v2\/posts\/10472\/revisions"}],"predecessor-version":[{"id":10473,"href":"https:\/\/catholiques17.fr\/nieul\/wp-json\/wp\/v2\/posts\/10472\/revisions\/10473"}],"wp:featuredmedia":[{"embeddable":true,"href":"https:\/\/catholiques17.fr\/nieul\/wp-json\/wp\/v2\/media\/9017"}],"wp:attachment":[{"href":"https:\/\/catholiques17.fr\/nieul\/wp-json\/wp\/v2\/media?parent=10472"}],"wp:term":[{"taxonomy":"category","embeddable":true,"href":"https:\/\/catholiques17.fr\/nieul\/wp-json\/wp\/v2\/categories?post=10472"},{"taxonomy":"post_tag","embeddable":true,"href":"https:\/\/catholiques17.fr\/nieul\/wp-json\/wp\/v2\/tags?post=10472"}],"curies":[{"name":"wp","href":"https:\/\/api.w.org\/{rel}","templated":true}]}}