{"id":10467,"date":"2025-09-25T09:47:22","date_gmt":"2025-09-25T07:47:22","guid":{"rendered":"https:\/\/catholiques17.fr\/nieul\/?p=10467"},"modified":"2025-09-25T09:47:23","modified_gmt":"2025-09-25T07:47:23","slug":"annonces-paroissiales-semaine-du-22-au-28-septembre","status":"publish","type":"post","link":"https:\/\/catholiques17.fr\/nieul\/annonces-paroissiales-semaine-du-22-au-28-septembre\/","title":{"rendered":"Annonces paroissiales &#8211; Semaine du 22 au 28 septembre"},"content":{"rendered":"\n<div style=\"height:59px\" aria-hidden=\"true\" class=\"wp-block-spacer\"><\/div>\n\n\n\n<p><strong>Lundi 22 septembre\u00a0:\u00a0<\/strong>Obs\u00e8ques de M. J\u00e9r\u00f4me VENEREAU \u00e0 14h30 \u00e0 Nieul.<\/p>\n\n\n\n<p><strong>Mardi 23 septembre\u00a0:\u00a0<\/strong>Messe \u00e0 18h30 \u00e0 Lagord. Confession \u00e0 partir de 18h.<\/p>\n\n\n\n<p><strong>Jeudi 25 septembre\u00a0:\u00a0<\/strong>Messe SEM au \u00ab\u00a0Jardin du G\u00f4\u00a0\u00bb de Nieul sur Mer \u00e0 15h30 &#8211; Messe \u00e0 18h30 \u00e0 Lagord. Confession \u00e0 partir de 18h.<\/p>\n\n\n\n<div style=\"height:38px\" aria-hidden=\"true\" class=\"wp-block-spacer\"><\/div>\n\n\n\n<p><strong><u>AUMONERIE COLLEGE-LYCEE<\/u><\/strong>\u00a0: Le vendredi soir, tous les 15 jours, en p\u00e9riode scolaire \u00e0 l&rsquo;\u00e9glise Sainte Jeanne d&rsquo;Arc de F\u00e9tilly (La Rochelle).  <strong><u>L&rsquo;aum\u00f4nerie commence le\u00a0vendredi 26 septembre 2025.<\/u><\/strong> <strong><u>Horaire :\u00a0Coll\u00e8ge : 17h30-20h, Lyc\u00e9e : 19h-21h30<\/u><\/strong><\/p>\n\n\n\n<p>Possibilit\u00e9 de covoiturage\u00a0pour l\u2019aller : d\u00e9part de l&rsquo;\u00e9glise de Nieul \u00e0 17h20 et ramassage \u00e0 l&rsquo;\u00e9glise de Lagord \u00e0 17h25.<\/p>\n\n\n\n<p><strong>Pour l\u2019inscription, envoyer un mail \u00e0&nbsp;<\/strong><a href=\"mailto:psaintgabriel.17@gmail.com\" target=\"_blank\" rel=\"noreferrer noopener\"><strong><u>psaintgabriel.17@gmail.com<\/u><\/strong><\/a><strong>, pr\u00e9cisant si vous avez besoin du covoiturage.<\/strong><\/p>\n\n\n\n<p><strong>Si vous pouvez aider au covoiturage, merci d\u2019appeler P. Luca au 06.62.22.77.67<\/strong><\/p>\n\n\n\n<div style=\"height:38px\" aria-hidden=\"true\" class=\"wp-block-spacer\"><\/div>\n\n\n\n<div style=\"height:38px\" aria-hidden=\"true\" class=\"wp-block-spacer\"><\/div>\n\n\n\n<p><\/p>\n\n\n\n<p class=\"has-text-align-center has-white-color has-luminous-vivid-orange-background-color has-text-color has-background has-link-color wp-elements-50033aa2c5d47c467b8cf87e53d73c63\">Il reste encore des places pour assister au spectacle musical \u00ab\u00a0la Dame de Pierre\u00a0\u00bb au z\u00e9nith de Nantes. <\/p>\n\n\n\n<p class=\"has-text-align-center has-white-color has-luminous-vivid-orange-background-color has-text-color has-background has-link-color wp-elements-5a1da09d71ce2d119c0f9b050f893776\">N&rsquo;h\u00e9sitez pas \u00e0 vous inscrire aupr\u00e8s de jo\u00ebl BONNEAU. Informations  et contact <strong><a href=\"https:\/\/catholiques17.fr\/nieul\/spectacle-musical-la-dame-de-pierre-au-zenith-de-nantes-avec-lassociation-paroissiale\/\" target=\"_blank\" rel=\"noreferrer noopener\">ici<\/a><\/strong><\/p>\n\n\n\n<p class=\"has-text-align-center has-luminous-vivid-orange-background-color has-background\"><\/p>\n\n\n\n<div style=\"height:100px\" aria-hidden=\"true\" class=\"wp-block-spacer\"><\/div>\n\n\n\n<p><strong>Dimanche 28 septembre 2025\u00a0:<\/strong> <strong>26\u00e8me dimanche du Temps Ordinaire<\/strong><\/p>\n\n\n\n<div style=\"height:31px\" aria-hidden=\"true\" class=\"wp-block-spacer\"><\/div>\n\n\n\n<ul class=\"wp-block-list\">\n<li>Samedi 27\/09 : Messe anticip\u00e9e le samedi \u00e0 18h \u00e0 Nieul sur Mer.<\/li>\n<\/ul>\n\n\n\n<ul class=\"wp-block-list\">\n<li>Dimanche 28\/09 : Messes \u00e0 9h30 \u00e0 Marsilly et \u00e0 11h \u00e0 Lagord<\/li>\n<\/ul>\n\n\n\n<div style=\"height:42px\" aria-hidden=\"true\" class=\"wp-block-spacer\"><\/div>\n","protected":false},"excerpt":{"rendered":"<p>Lundi 22 septembre\u00a0:\u00a0Obs\u00e8ques de M. J\u00e9r\u00f4me VENEREAU \u00e0 14h30 \u00e0 Nieul. Mardi 23 septembre\u00a0:\u00a0Messe \u00e0 18h30 \u00e0 Lagord. Confession \u00e0 partir de 18h. Jeudi 25 septembre\u00a0:\u00a0Messe SEM au \u00ab\u00a0Jardin du [&hellip;]<\/p>\n","protected":false},"author":4,"featured_media":9017,"comment_status":"open","ping_status":"open","sticky":false,"template":"","format":"standard","meta":{"_et_pb_use_builder":"off","_et_pb_old_content":"","_et_gb_content_width":"","footnotes":""},"categories":[6,24],"tags":[],"class_list":["post-10467","post","type-post","status-publish","format-standard","has-post-thumbnail","hentry","category-actualite","category-annonces"],"_links":{"self":[{"href":"https:\/\/catholiques17.fr\/nieul\/wp-json\/wp\/v2\/posts\/10467","targetHints":{"allow":["GET"]}}],"collection":[{"href":"https:\/\/catholiques17.fr\/nieul\/wp-json\/wp\/v2\/posts"}],"about":[{"href":"https:\/\/catholiques17.fr\/nieul\/wp-json\/wp\/v2\/types\/post"}],"author":[{"embeddable":true,"href":"https:\/\/catholiques17.fr\/nieul\/wp-json\/wp\/v2\/users\/4"}],"replies":[{"embeddable":true,"href":"https:\/\/catholiques17.fr\/nieul\/wp-json\/wp\/v2\/comments?post=10467"}],"version-history":[{"count":4,"href":"https:\/\/catholiques17.fr\/nieul\/wp-json\/wp\/v2\/posts\/10467\/revisions"}],"predecessor-version":[{"id":10471,"href":"https:\/\/catholiques17.fr\/nieul\/wp-json\/wp\/v2\/posts\/10467\/revisions\/10471"}],"wp:featuredmedia":[{"embeddable":true,"href":"https:\/\/catholiques17.fr\/nieul\/wp-json\/wp\/v2\/media\/9017"}],"wp:attachment":[{"href":"https:\/\/catholiques17.fr\/nieul\/wp-json\/wp\/v2\/media?parent=10467"}],"wp:term":[{"taxonomy":"category","embeddable":true,"href":"https:\/\/catholiques17.fr\/nieul\/wp-json\/wp\/v2\/categories?post=10467"},{"taxonomy":"post_tag","embeddable":true,"href":"https:\/\/catholiques17.fr\/nieul\/wp-json\/wp\/v2\/tags?post=10467"}],"curies":[{"name":"wp","href":"https:\/\/api.w.org\/{rel}","templated":true}]}}