{"id":10444,"date":"2025-09-15T08:13:53","date_gmt":"2025-09-15T06:13:53","guid":{"rendered":"https:\/\/catholiques17.fr\/nieul\/?p=10444"},"modified":"2025-09-15T08:13:54","modified_gmt":"2025-09-15T06:13:54","slug":"annonces-paroissiales-semaine-du-15-au-21-septembre","status":"publish","type":"post","link":"https:\/\/catholiques17.fr\/nieul\/annonces-paroissiales-semaine-du-15-au-21-septembre\/","title":{"rendered":"Annonces paroissiales &#8211; Semaine du 15 au 21 septembre"},"content":{"rendered":"\n<div style=\"height:65px\" aria-hidden=\"true\" class=\"wp-block-spacer\"><\/div>\n\n\n\n<p><strong>Mardi 16 septembre : <\/strong>Messe \u00e0 18h30 \u00e0 Lagord. Confession \u00e0 partir de 18h.<\/p>\n\n\n\n<p><strong>Mercredi 17 septembre :\u00a0<\/strong>Rencontre des cat\u00e9chistes \u00e0 10h30 au Presbyt\u00e8re de Nieul<\/p>\n\n\n\n<p>\u00a0<strong>Jeudi 18 septembre :\u00a0<\/strong>Obs\u00e8ques de M. Olivier LEVRAUD \u00e0 10h \u00e0 Nieul &#8211; Obs\u00e8ques de Mme Danielle DEMARTEAU \u00e0 14h \u00e0 l&rsquo;Houmeau &#8211; Messe \u00e0 18h30 \u00e0 Lagord &#8211; Confession \u00e0 partir de 18h<\/p>\n\n\n\n<p><strong>Vendredi 19 septembre :<\/strong> Messe SEM au \u00ab\u00a0Rayon d&rsquo;Or\u00a0\u00bb de Lagord \u00e0 14h30\u00a0<\/p>\n\n\n\n<p><strong>Samedi 20 septembre :<\/strong> Bapt\u00eame de Luka DOUMERC \u00e0 11h \u00e0 Nieul sur Mer &#8211; Mariage de J.Michel CIBILIA et de Marion GAUTIER \u00e0 h \u00e0 Lagord<\/p>\n\n\n\n<div style=\"height:64px\" aria-hidden=\"true\" class=\"wp-block-spacer\"><\/div>\n\n\n\n<p><strong>Dimanche 21 septembre 2025\u00a0:\u00a025\u00e8me Dimanche du Temps Ordinaire<\/strong><\/p>\n\n\n\n<ul class=\"wp-block-list\">\n<li>Samedi 20\/09 : Messe anticip\u00e9e le samedi \u00e0 18h \u00e0 Nieul sur Mer.\u00a0<\/li>\n<\/ul>\n\n\n\n<ul class=\"wp-block-list\">\n<li>Dimanche 21\/09 : Messes \u00e0 9h30 \u00e0 L&rsquo;Houmeau \u00a0et \u00e0 11h \u00e0 Lagord<\/li>\n<\/ul>\n\n\n\n<div style=\"height:76px\" aria-hidden=\"true\" class=\"wp-block-spacer\"><\/div>\n","protected":false},"excerpt":{"rendered":"<p>Mardi 16 septembre : Messe \u00e0 18h30 \u00e0 Lagord. Confession \u00e0 partir de 18h. Mercredi 17 septembre :\u00a0Rencontre des cat\u00e9chistes \u00e0 10h30 au Presbyt\u00e8re de Nieul \u00a0Jeudi 18 septembre :\u00a0Obs\u00e8ques [&hellip;]<\/p>\n","protected":false},"author":4,"featured_media":9017,"comment_status":"open","ping_status":"open","sticky":false,"template":"","format":"standard","meta":{"_et_pb_use_builder":"off","_et_pb_old_content":"","_et_gb_content_width":"","footnotes":""},"categories":[6,24],"tags":[],"class_list":["post-10444","post","type-post","status-publish","format-standard","has-post-thumbnail","hentry","category-actualite","category-annonces"],"_links":{"self":[{"href":"https:\/\/catholiques17.fr\/nieul\/wp-json\/wp\/v2\/posts\/10444","targetHints":{"allow":["GET"]}}],"collection":[{"href":"https:\/\/catholiques17.fr\/nieul\/wp-json\/wp\/v2\/posts"}],"about":[{"href":"https:\/\/catholiques17.fr\/nieul\/wp-json\/wp\/v2\/types\/post"}],"author":[{"embeddable":true,"href":"https:\/\/catholiques17.fr\/nieul\/wp-json\/wp\/v2\/users\/4"}],"replies":[{"embeddable":true,"href":"https:\/\/catholiques17.fr\/nieul\/wp-json\/wp\/v2\/comments?post=10444"}],"version-history":[{"count":1,"href":"https:\/\/catholiques17.fr\/nieul\/wp-json\/wp\/v2\/posts\/10444\/revisions"}],"predecessor-version":[{"id":10445,"href":"https:\/\/catholiques17.fr\/nieul\/wp-json\/wp\/v2\/posts\/10444\/revisions\/10445"}],"wp:featuredmedia":[{"embeddable":true,"href":"https:\/\/catholiques17.fr\/nieul\/wp-json\/wp\/v2\/media\/9017"}],"wp:attachment":[{"href":"https:\/\/catholiques17.fr\/nieul\/wp-json\/wp\/v2\/media?parent=10444"}],"wp:term":[{"taxonomy":"category","embeddable":true,"href":"https:\/\/catholiques17.fr\/nieul\/wp-json\/wp\/v2\/categories?post=10444"},{"taxonomy":"post_tag","embeddable":true,"href":"https:\/\/catholiques17.fr\/nieul\/wp-json\/wp\/v2\/tags?post=10444"}],"curies":[{"name":"wp","href":"https:\/\/api.w.org\/{rel}","templated":true}]}}