{"id":10427,"date":"2025-09-01T09:09:51","date_gmt":"2025-09-01T07:09:51","guid":{"rendered":"https:\/\/catholiques17.fr\/nieul\/?p=10427"},"modified":"2025-10-06T09:10:35","modified_gmt":"2025-10-06T07:10:35","slug":"intention-de-priere-du-pape-pour-le-mois-de-septembre-3","status":"publish","type":"post","link":"https:\/\/catholiques17.fr\/nieul\/intention-de-priere-du-pape-pour-le-mois-de-septembre-3\/","title":{"rendered":"Intention de pri\u00e8re du Pape pour le mois de Septembre"},"content":{"rendered":"\n<div style=\"height:58px\" aria-hidden=\"true\" class=\"wp-block-spacer\"><\/div>\n\n\n\n<p>L\u2019intention de ce mois de septembre nous d\u00e9passe, nous exc\u00e8de : elle vise la relation de chacun avec toutes les cr\u00e9atures. Et pourtant, nous avons bien chacun notre invocation propre \u00e0 formuler, notre geste particulier d\u2019attestation \u00e0 poser. Mais avant tout cela, chacun de nous est appel\u00e9 \u00e0 faire l\u2019exp\u00e9rience, d\u2019une fa\u00e7on particuli\u00e8re, de l\u2019interd\u00e9pendance entre toutes les cr\u00e9atures !<\/p>\n\n\n\n<div style=\"height:16px\" aria-hidden=\"true\" class=\"wp-block-spacer\"><\/div>\n\n\n\n<blockquote class=\"wp-block-quote is-layout-flow wp-block-quote-is-layout-flow\">\n<p><strong>Prions pour que, inspir\u00e9s par saint Fran\u00e7ois, nous fassions l\u2019exp\u00e9rience de notre interd\u00e9pendance avec toutes les cr\u00e9atures, aim\u00e9es de Dieu et dignes d\u2019amour et de respect.<\/strong><\/p>\n<\/blockquote>\n\n\n\n<div style=\"height:16px\" aria-hidden=\"true\" class=\"wp-block-spacer\"><\/div>\n\n\n\n<figure class=\"wp-block-embed aligncenter is-type-video is-provider-youtube wp-block-embed-youtube wp-embed-aspect-16-9 wp-has-aspect-ratio\"><div class=\"wp-block-embed__wrapper\">\n<iframe loading=\"lazy\" title=\"Pour notre relation avec toute la Cr\u00e9ation \u2013 La Vid\u00e9o du Pape \u2013 Septembre 2025\" width=\"1080\" height=\"608\" src=\"https:\/\/www.youtube.com\/embed\/JLNJUq3Qy3I?feature=oembed\"  allow=\"accelerometer; autoplay; clipboard-write; encrypted-media; gyroscope; picture-in-picture; web-share\" referrerpolicy=\"strict-origin-when-cross-origin\" allowfullscreen><\/iframe>\n<\/div><\/figure>\n\n\n\n<div style=\"height:16px\" aria-hidden=\"true\" class=\"wp-block-spacer\"><\/div>\n\n\n\n<p>En son myst\u00e8re pl\u00e9nier, la vie est ainsi constitu\u00e9e. Jamais l\u2019un ne peut \u00eatre sans l\u2019autre : pas de jour, sans nuit, pas de chaleur, sans froidure, sans int\u00e9riorit\u00e9 pas d\u2019ext\u00e9riorit\u00e9\u2026&nbsp;<strong>L\u2019interd\u00e9pendance, la relation r\u00e9ciproque est l\u2019\u00e2me de la vie.<\/strong>&nbsp;Mais nous, humains, \u00e0 la fois corporels et libres, nous sommes appel\u00e9s \u00e0 vivre cette interd\u00e9pendance corporellement, consciemment et librement. Pour cela, nous devons percevoir cet enjeu, y consentir et contribuer \u00e0 ce que cette interd\u00e9pendance se vive de plus en plus, en tout lieu et pour tout \u00eatre. Ne sommes-nous pas appel\u00e9s \u00e0 r\u00e9gner sur la Cr\u00e9ation, lui donner d\u2019\u00eatre encore plus elle-m\u00eame, d\u2019exprimer toute sa promesse par l\u2019interd\u00e9pendance entre tous?<\/p>\n\n\n\n<p>Cet appel, nous ne pouvons l\u2019entendre, \u00e0 vrai dire, qu\u2019en \u00e9tant confront\u00e9s \u00e0 un d\u00e9s\u00e9quilibre au sein de notre propre existence. Enfant, \u00e0 la fin des ann\u00e9es 1950, j\u2019ai v\u00e9cu la \u00ab&nbsp;saga pour l\u2019eau disponible&nbsp;\u00bb, \u00e0 la ferme de mes grands-parents en Aveyron. Au bas de la maison, depuis toujours, il y avait un puits dont l\u2019eau tir\u00e9e servait pour nous et tous les animaux de la ferme. L\u2019eau devait \u00eatre puis\u00e9e \u00e0 la force des bras, mont\u00e9e \u00e0 la maison, apport\u00e9e en divers endroits de la ferme. Cela repr\u00e9sentait un gros effort et chacun y contribuait \u00e0 la mesure de ses forces. Le principe d\u2019\u00e9conomie reposait sur notre capacit\u00e9 physique, pas plus d\u2019eau \u00e0 tirer que n\u00e9cessaire.<\/p>\n\n\n\n<p>Et un jour, le motopompe est arriv\u00e9, l\u2019eau arrivait toute seule au-dessus de l\u2019\u00e9vier, disponible. Le puits continuait \u00e0 \u00eatre utilis\u00e9, mais uniquement pour surveiller la quantit\u00e9 d\u2019eau. Nous pouvions mesurer la disponible en fonction de la profondeur \u00e0 laquelle devait descendre le seau t\u00e9moin. Quelques ann\u00e9es apr\u00e8s, le puits n\u2019avait plus aucune utilit\u00e9 si ce n\u2019est sa dimension esth\u00e9tique dans la cour. L\u2019eau qui venait du r\u00e9seau collectif coulait \u00e0 flot, toujours disponible, sans aucune entrave, jusqu\u2019au jour o\u00f9 nous avons \u00e9t\u00e9 astreints, collectivement, \u00e0 des restrictions de consommation.<\/p>\n\n\n\n<p>Au travers de ces restrictions, la relation \u00e0 l\u2019eau s\u2019est r\u00e9\u00e9quilibr\u00e9e dans la r\u00e9gion. La consommation ne peut \u00eatre sans frein. L\u2019eau nous apporte la possibilit\u00e9 de vivre mais nous ne pouvons pas la gaspiller sans limite, sans consid\u00e9ration. L\u2019eau cesse alors d\u2019\u00eatre une ressource et elle devient une s\u0153ur qui m\u2019aide \u00e0 vivre, une amie que j\u2019\u00e9conomise, que je consid\u00e8re et que je chante m\u00eame.&nbsp;<strong>Plus que d\u2019assurer ma subsistance, elle m\u2019ouvre \u00e0 la louange.<\/strong>&nbsp;Je peux rejoindre Fran\u00e7ois et son chant&nbsp;:<\/p>\n\n\n\n<p class=\"has-text-align-center\"><em>\u00ab&nbsp;Lou\u00e9 sois-tu, Seigneur, pour notre s\u0153ur Eau,<br><\/em><em>qui est tr\u00e8s utile et tr\u00e8s humble,<br><\/em><em>pr\u00e9cieuse et chaste.&nbsp;\u00bb<\/em><\/p>\n\n\n\n<p>\u00c0 chacun son histoire\u2026 Et vous, quelle est la v\u00f4tre&nbsp;?<\/p>\n\n\n\n<div style=\"height:27px\" aria-hidden=\"true\" class=\"wp-block-spacer\"><\/div>\n\n\n\n<p class=\"has-text-align-right\">Jean Luc Fabre sj.<br>directeur du R\u00e9seau Mondial de Pri\u00e8re du Pape France<\/p>\n\n\n\n<div style=\"height:66px\" aria-hidden=\"true\" class=\"wp-block-spacer\"><\/div>\n\n\n\n<div class=\"wp-block-buttons is-content-justification-center is-layout-flex wp-container-core-buttons-is-layout-16018d1d wp-block-buttons-is-layout-flex\">\n<div class=\"wp-block-button is-style-outline is-style-outline--1\"><a class=\"wp-block-button__link has-text-color has-link-color wp-element-button\" href=\"https:\/\/eglise.catholique.fr\/sengager-dans-la-societe\/ecologie-integrale\/temps-pour-la-creation\/\" style=\"color:#1c8961\" target=\"_blank\" rel=\"noreferrer noopener\">D\u00e9couvrir toutes propositions nationales  \u00ab\u00a0pour le Temps de la Cr\u00e9ations\u00a0\u00bb<\/a><\/div>\n<\/div>\n\n\n\n<div style=\"height:66px\" aria-hidden=\"true\" class=\"wp-block-spacer\"><\/div>\n\n\n\n<div style=\"height:0px\" aria-hidden=\"true\" class=\"wp-block-spacer\"><\/div>\n","protected":false},"excerpt":{"rendered":"<p>L\u2019intention de ce mois de septembre nous d\u00e9passe, nous exc\u00e8de : elle vise la relation de chacun avec toutes les cr\u00e9atures. Et pourtant, nous avons bien chacun notre invocation propre [&hellip;]<\/p>\n","protected":false},"author":4,"featured_media":10428,"comment_status":"open","ping_status":"open","sticky":false,"template":"","format":"standard","meta":{"_et_pb_use_builder":"off","_et_pb_old_content":"","_et_gb_content_width":"","footnotes":""},"categories":[6,49],"tags":[],"class_list":["post-10427","post","type-post","status-publish","format-standard","has-post-thumbnail","hentry","category-actualite","category-pape"],"_links":{"self":[{"href":"https:\/\/catholiques17.fr\/nieul\/wp-json\/wp\/v2\/posts\/10427","targetHints":{"allow":["GET"]}}],"collection":[{"href":"https:\/\/catholiques17.fr\/nieul\/wp-json\/wp\/v2\/posts"}],"about":[{"href":"https:\/\/catholiques17.fr\/nieul\/wp-json\/wp\/v2\/types\/post"}],"author":[{"embeddable":true,"href":"https:\/\/catholiques17.fr\/nieul\/wp-json\/wp\/v2\/users\/4"}],"replies":[{"embeddable":true,"href":"https:\/\/catholiques17.fr\/nieul\/wp-json\/wp\/v2\/comments?post=10427"}],"version-history":[{"count":1,"href":"https:\/\/catholiques17.fr\/nieul\/wp-json\/wp\/v2\/posts\/10427\/revisions"}],"predecessor-version":[{"id":10429,"href":"https:\/\/catholiques17.fr\/nieul\/wp-json\/wp\/v2\/posts\/10427\/revisions\/10429"}],"wp:featuredmedia":[{"embeddable":true,"href":"https:\/\/catholiques17.fr\/nieul\/wp-json\/wp\/v2\/media\/10428"}],"wp:attachment":[{"href":"https:\/\/catholiques17.fr\/nieul\/wp-json\/wp\/v2\/media?parent=10427"}],"wp:term":[{"taxonomy":"category","embeddable":true,"href":"https:\/\/catholiques17.fr\/nieul\/wp-json\/wp\/v2\/categories?post=10427"},{"taxonomy":"post_tag","embeddable":true,"href":"https:\/\/catholiques17.fr\/nieul\/wp-json\/wp\/v2\/tags?post=10427"}],"curies":[{"name":"wp","href":"https:\/\/api.w.org\/{rel}","templated":true}]}}