{"id":10418,"date":"2025-08-26T09:37:54","date_gmt":"2025-08-26T07:37:54","guid":{"rendered":"https:\/\/catholiques17.fr\/nieul\/?p=10418"},"modified":"2025-09-15T08:15:08","modified_gmt":"2025-09-15T06:15:08","slug":"annonces-paroissiales-semaine-du-1er-au-7-septembre","status":"publish","type":"post","link":"https:\/\/catholiques17.fr\/nieul\/annonces-paroissiales-semaine-du-1er-au-7-septembre\/","title":{"rendered":"Annonces paroissiales &#8211; Semaine du 1er au 7 septembre"},"content":{"rendered":"\n<div style=\"height:100px\" aria-hidden=\"true\" class=\"wp-block-spacer\"><\/div>\n\n\n\n<p><strong>Mardi 2 septembre\u00a0: <\/strong>Obs\u00e8ques de Mme Roseline CHAVALIER \u00e0 10h30 \u00e0 Lagord &#8211; Messe \u00e0 18h30 \u00e0 Lagord. Confession \u00e0 partir de 18h.<\/p>\n\n\n\n<p><strong>Jeudi 4 septembre\u00a0: <\/strong>Messe SEM \u00e0 \u00ab\u00a0La Rose des Vents\u00a0\u00bb de L\u2019Houmeau \u00e0 15h &#8211; Messe \u00e0 18h30 \u00e0 Lagord. Confession \u00e0 partir de 18h.<\/p>\n\n\n\n<p><strong>Dimanche 7 septembre&nbsp;: <\/strong>Collecte pour le Caf\u00e9 Causette aux fonds des \u00e9glises.<\/p>\n\n\n\n<p>Bapt\u00eame de Suzanne BARRAT et Jos\u00e9phine DEMAUREY pendant la messe de 11h \u00e0 Lagord<br>Grand vide grenier de l&rsquo;association paroissiale : Possibilit\u00e9 de r\u00e9server votre stand jusqu&rsquo;au vendredi 5 septembre. Buvette et restauration sur place. Toutes les infos \u00e0 retrouver<a href=\"https:\/\/saint-gabriel.info\/vide-grenier-de-septembre\/\" target=\"_blank\" rel=\"noreferrer noopener\"><strong> ici<\/strong><\/a><\/p>\n\n\n\n<div style=\"height:67px\" aria-hidden=\"true\" class=\"wp-block-spacer\"><\/div>\n\n\n\n<p><strong>Dimanche 7 septembre 2025\u00a0:<\/strong> <strong>23\u00e8me<\/strong><strong> dimanche du Temps Ordinaire<\/strong><\/p>\n\n\n\n<ul class=\"wp-block-list\">\n<li>Samedi 06\/09 : Messe anticip\u00e9e \u00e0 18h \u00e0 Nieul sur Mer.<\/li>\n<\/ul>\n\n\n\n<ul class=\"wp-block-list\">\n<li>Dimanche 07\/09 : Messe \u00e0 9h30 \u00e0 L\u2019Houmeau et \u00e0 11h \u00e0 Lagord<\/li>\n<\/ul>\n\n\n\n<div style=\"height:67px\" aria-hidden=\"true\" class=\"wp-block-spacer\"><\/div>\n\n\n\n<hr class=\"wp-block-separator has-text-color has-luminous-vivid-orange-color has-alpha-channel-opacity has-luminous-vivid-orange-background-color has-background is-style-wide\"\/>\n\n\n\n<div style=\"height:67px\" aria-hidden=\"true\" class=\"wp-block-spacer\"><\/div>\n\n\n\n<p><strong>Inscription pour le cat\u00e9<\/strong> : Vous pouvez inscrire vos enfants (CE2-CM1-CM2) en cliquant<strong><a href=\"https:\/\/docs.google.com\/forms\/d\/1uUWT4gLEjEH6H7nyxp9cFaCLWiZJ-eaRZqSQfXJzajM\/viewform?edit_requested=true\" target=\"_blank\" rel=\"noreferrer noopener\"> ici<\/a><\/strong><\/p>\n\n\n\n<p><\/p>\n\n\n\n<p><\/p>\n\n\n\n<p><strong>Groupe de la Parole<\/strong><\/p>\n\n\n\n<p>Le groupe de la Parole vous propose cette ann\u00e9e de r\u00e9fl\u00e9chir sur le th\u00e8me de l\u2019esp\u00e9rance \u00e0 partir du texte du Pape Fran\u00e7ois. La premi\u00e8re rencontre, ouverte \u00e0 tous, est pr\u00e9vue le 8 septembre 2025 \u00e0 14h30 au monast\u00e8re de Nieul sur Mer.<\/p>\n\n\n\n<p>Pour plus d\u2019informations, merci de contacter Anne-Marie Thomazeau 06.89.94.56.03<\/p>\n\n\n\n<div style=\"height:61px\" aria-hidden=\"true\" class=\"wp-block-spacer\"><\/div>\n","protected":false},"excerpt":{"rendered":"<p>Mardi 2 septembre\u00a0: Obs\u00e8ques de Mme Roseline CHAVALIER \u00e0 10h30 \u00e0 Lagord &#8211; Messe \u00e0 18h30 \u00e0 Lagord. Confession \u00e0 partir de 18h. Jeudi 4 septembre\u00a0: Messe SEM \u00e0 \u00ab\u00a0La [&hellip;]<\/p>\n","protected":false},"author":4,"featured_media":9017,"comment_status":"open","ping_status":"open","sticky":false,"template":"","format":"standard","meta":{"_et_pb_use_builder":"off","_et_pb_old_content":"","_et_gb_content_width":"","footnotes":""},"categories":[6,24],"tags":[],"class_list":["post-10418","post","type-post","status-publish","format-standard","has-post-thumbnail","hentry","category-actualite","category-annonces"],"_links":{"self":[{"href":"https:\/\/catholiques17.fr\/nieul\/wp-json\/wp\/v2\/posts\/10418","targetHints":{"allow":["GET"]}}],"collection":[{"href":"https:\/\/catholiques17.fr\/nieul\/wp-json\/wp\/v2\/posts"}],"about":[{"href":"https:\/\/catholiques17.fr\/nieul\/wp-json\/wp\/v2\/types\/post"}],"author":[{"embeddable":true,"href":"https:\/\/catholiques17.fr\/nieul\/wp-json\/wp\/v2\/users\/4"}],"replies":[{"embeddable":true,"href":"https:\/\/catholiques17.fr\/nieul\/wp-json\/wp\/v2\/comments?post=10418"}],"version-history":[{"count":1,"href":"https:\/\/catholiques17.fr\/nieul\/wp-json\/wp\/v2\/posts\/10418\/revisions"}],"predecessor-version":[{"id":10419,"href":"https:\/\/catholiques17.fr\/nieul\/wp-json\/wp\/v2\/posts\/10418\/revisions\/10419"}],"wp:featuredmedia":[{"embeddable":true,"href":"https:\/\/catholiques17.fr\/nieul\/wp-json\/wp\/v2\/media\/9017"}],"wp:attachment":[{"href":"https:\/\/catholiques17.fr\/nieul\/wp-json\/wp\/v2\/media?parent=10418"}],"wp:term":[{"taxonomy":"category","embeddable":true,"href":"https:\/\/catholiques17.fr\/nieul\/wp-json\/wp\/v2\/categories?post=10418"},{"taxonomy":"post_tag","embeddable":true,"href":"https:\/\/catholiques17.fr\/nieul\/wp-json\/wp\/v2\/tags?post=10418"}],"curies":[{"name":"wp","href":"https:\/\/api.w.org\/{rel}","templated":true}]}}