{"id":10410,"date":"2025-08-27T15:50:42","date_gmt":"2025-08-27T13:50:42","guid":{"rendered":"https:\/\/catholiques17.fr\/nieul\/?p=10410"},"modified":"2025-08-27T15:50:46","modified_gmt":"2025-08-27T13:50:46","slug":"spectacle-musical-la-dame-de-pierre-au-zenith-de-nantes-avec-lassociation-paroissiale","status":"publish","type":"post","link":"https:\/\/catholiques17.fr\/nieul\/spectacle-musical-la-dame-de-pierre-au-zenith-de-nantes-avec-lassociation-paroissiale\/","title":{"rendered":"Spectacle musical \u00ab\u00a0La Dame de Pierre\u00a0\u00bb au z\u00e9nith de Nantes avec l&rsquo;Association paroissiale"},"content":{"rendered":"\n<div style=\"height:100px\" aria-hidden=\"true\" class=\"wp-block-spacer\"><\/div>\n\n\n\n<h2 class=\"wp-block-heading has-text-align-center\">Suivez le P\u00e8lerin \u00e0 la d\u00e9couverte des origines<\/h2>\n\n\n\n<h2 class=\"wp-block-heading has-text-align-center\">de Notre-Dame de Paris<\/h2>\n\n\n\n<div style=\"height:38px\" aria-hidden=\"true\" class=\"wp-block-spacer\"><\/div>\n\n\n\n<p class=\"has-text-align-center has-medium-font-size\">Remontez le temps pour assister aux grandes heures de la cath\u00e9drale la plus visit\u00e9e au monde :<\/p>\n\n\n\n<p>Le grand chantier lanc\u00e9 par Maurice de Sully au XIIe si\u00e8cle et ses b\u00e2tisseurs, Louis IX, dit le Saint, d\u00e9posant la Couronne d\u2019\u00c9pines, Le V\u0153u de Louis XIII et la Piet\u00e0 de Coustou, La R\u00e9volution fran\u00e7aise et ses contestations, Victor Hugo et son roman salvateur, La restauration par Viollet-le-Duc et la construction du Grand orgue par Cavaill\u00e9-Coll, La Po\u00e9sie de Paul Claudel entrant dans Notre-Dame de Paris \u00e0 No\u00ebl, Le <em>Te Deum<\/em> de la Lib\u00e9ration en pr\u00e9sence du G\u00e9n\u00e9ral de Gaulle, L\u2019incendie du 15 avril 2019, et le sauvetage par les Sapeurs-Pompiers de Paris, Le chantier de restauration brillamment men\u00e9 par les nouveaux b\u00e2tisseurs, \u2026<\/p>\n\n\n\n<div style=\"height:55px\" aria-hidden=\"true\" class=\"wp-block-spacer\"><\/div>\n\n\n\n<p><\/p>\n\n\n\n<h2 class=\"wp-block-heading has-text-align-center has-white-color has-luminous-vivid-orange-background-color has-text-color has-background has-link-color wp-elements-ce03dccdcfe6afe85e77e0178f0ddce4\">L\u2019association paroissiale vous propose cette sortie<\/h2>\n\n\n\n<h2 class=\"wp-block-heading has-text-align-center has-white-color has-luminous-vivid-orange-background-color has-text-color has-background has-link-color wp-elements-f22130fa9226fb9381a3fb7ed386b0a9\">le dimanche 5 octobre 2025<\/h2>\n\n\n\n<div style=\"height:43px\" aria-hidden=\"true\" class=\"wp-block-spacer\"><\/div>\n\n\n\n<p><strong>Spectacle \u00e0 18h00<\/strong> (dur\u00e9e 1h30)<br><strong>Rendez vous 14h30<\/strong> pour un d\u00e9part \u00e0 14h45, parking salle polyvalente de Nieul sur mer (espace Michel CREPEAU). <strong>Retour vers 23h30<\/strong>. Pr\u00e9voir un en-cas pour le soir.<\/p>\n\n\n\n<p><br><strong>Prix : 60 \u20ac<\/strong> (transport+place en 1ere cat\u00e9gorie)<\/p>\n\n\n\n<p>Ch\u00e8ques \u00e0 libeller \u00e0 l\u2019ordre de : Association Paroissiale et envoyer \u00e0 : Association Paroissiale, 40 rue d\u2019Aquitaine, 17137 Nieul sur mer.<\/p>\n\n\n\n<p><br><strong>Renseignements et r\u00e9servations<\/strong> uniquement par SMS au 0617362451 ou messagerie <a href=\"mailto:j.bonneau59@yahoo.fr\">j.bonneau59@yahoo.fr<\/a><\/p>\n\n\n\n<p><\/p>\n\n\n\n<div style=\"height:80px\" aria-hidden=\"true\" class=\"wp-block-spacer\"><\/div>\n\n\n\n<figure class=\"wp-block-embed alignwide is-type-video is-provider-youtube wp-block-embed-youtube wp-embed-aspect-16-9 wp-has-aspect-ratio\"><div class=\"wp-block-embed__wrapper\">\n<iframe loading=\"lazy\" title=\"La Gen\u00e8se du Spectacle - La Dame de Pierre\" width=\"1080\" height=\"608\" src=\"https:\/\/www.youtube.com\/embed\/SsBJ0lUFLNc?feature=oembed\"  allow=\"accelerometer; autoplay; clipboard-write; encrypted-media; gyroscope; picture-in-picture; web-share\" referrerpolicy=\"strict-origin-when-cross-origin\" allowfullscreen><\/iframe>\n<\/div><\/figure>\n","protected":false},"excerpt":{"rendered":"<p>Suivez le P\u00e8lerin \u00e0 la d\u00e9couverte des origines de Notre-Dame de Paris Remontez le temps pour assister aux grandes heures de la cath\u00e9drale la plus visit\u00e9e au monde : Le [&hellip;]<\/p>\n","protected":false},"author":4,"featured_media":10411,"comment_status":"open","ping_status":"open","sticky":false,"template":"","format":"standard","meta":{"_et_pb_use_builder":"off","_et_pb_old_content":"","_et_gb_content_width":"","footnotes":""},"categories":[6,20],"tags":[],"class_list":["post-10410","post","type-post","status-publish","format-standard","has-post-thumbnail","hentry","category-actualite","category-association-paroissiale"],"_links":{"self":[{"href":"https:\/\/catholiques17.fr\/nieul\/wp-json\/wp\/v2\/posts\/10410","targetHints":{"allow":["GET"]}}],"collection":[{"href":"https:\/\/catholiques17.fr\/nieul\/wp-json\/wp\/v2\/posts"}],"about":[{"href":"https:\/\/catholiques17.fr\/nieul\/wp-json\/wp\/v2\/types\/post"}],"author":[{"embeddable":true,"href":"https:\/\/catholiques17.fr\/nieul\/wp-json\/wp\/v2\/users\/4"}],"replies":[{"embeddable":true,"href":"https:\/\/catholiques17.fr\/nieul\/wp-json\/wp\/v2\/comments?post=10410"}],"version-history":[{"count":2,"href":"https:\/\/catholiques17.fr\/nieul\/wp-json\/wp\/v2\/posts\/10410\/revisions"}],"predecessor-version":[{"id":10413,"href":"https:\/\/catholiques17.fr\/nieul\/wp-json\/wp\/v2\/posts\/10410\/revisions\/10413"}],"wp:featuredmedia":[{"embeddable":true,"href":"https:\/\/catholiques17.fr\/nieul\/wp-json\/wp\/v2\/media\/10411"}],"wp:attachment":[{"href":"https:\/\/catholiques17.fr\/nieul\/wp-json\/wp\/v2\/media?parent=10410"}],"wp:term":[{"taxonomy":"category","embeddable":true,"href":"https:\/\/catholiques17.fr\/nieul\/wp-json\/wp\/v2\/categories?post=10410"},{"taxonomy":"post_tag","embeddable":true,"href":"https:\/\/catholiques17.fr\/nieul\/wp-json\/wp\/v2\/tags?post=10410"}],"curies":[{"name":"wp","href":"https:\/\/api.w.org\/{rel}","templated":true}]}}