{"id":10404,"date":"2025-08-14T10:02:19","date_gmt":"2025-08-14T08:02:19","guid":{"rendered":"https:\/\/catholiques17.fr\/nieul\/?p=10404"},"modified":"2025-09-03T15:28:52","modified_gmt":"2025-09-03T13:28:52","slug":"annonces-paroissiales-semaine-du-25-au-31-aout","status":"publish","type":"post","link":"https:\/\/catholiques17.fr\/nieul\/annonces-paroissiales-semaine-du-25-au-31-aout\/","title":{"rendered":"Annonces paroissiales &#8211; Semaine du 25 au 31 ao\u00fbt"},"content":{"rendered":"\n<div style=\"height:56px\" aria-hidden=\"true\" class=\"wp-block-spacer\"><\/div>\n\n\n\n<p><strong>Lundi 25 ao\u00fbt <\/strong>: Obs\u00e8ques de Mme Marie-Colette DEROY \u00e0 10h \u00e0 Lagord.<\/p>\n\n\n\n<p><strong>Jeudi 28 ao\u00fbt <\/strong>: Messe SEM aux \u00ab\u00a0Jardins du G\u00f4\u00a0\u00bb de Nieul \u00e0 15h30<\/p>\n\n\n\n<p><strong>Dimanche 31 ao\u00fbt : MESSE de RENTREE PASTORALE \u00e0 11h \u00e0 LAGORD.<\/strong> A l&rsquo;issue de la messe, un repas partag\u00e9 style auberge espagnole\u00a0vous est propos\u00e9. \u00a0Vous y \u00eates tous invit\u00e9s.<\/p>\n\n\n\n<div style=\"height:30px\" aria-hidden=\"true\" class=\"wp-block-spacer\"><\/div>\n\n\n\n<p><em>Pendant tout le mois d&rsquo;ao\u00fbt, il n&rsquo;y aura pas de messe en semaine les mardis et jeudis<\/em><\/p>\n\n\n\n<div style=\"height:59px\" aria-hidden=\"true\" class=\"wp-block-spacer\"><\/div>\n\n\n\n<p><strong>Dimanche 31 ao\u00fbt 2025 :<\/strong> <strong>22\u00e8me dimanche du Temps Ordinaire<\/strong><\/p>\n\n\n\n<p><\/p>\n\n\n\n<ul class=\"wp-block-list\">\n<li>Samedi 30\/08 : Messe anticip\u00e9e \u00e0 18h \u00e0 Nieul sur Mer<\/li>\n<\/ul>\n\n\n\n<ul class=\"wp-block-list\">\n<li>Dimanche 31\/08 : Messe de rentr\u00e9e pastorale \u00e0 11h \u00e0 Lagord (Messe unique ce jour l\u00e0)<\/li>\n<\/ul>\n\n\n\n<div style=\"height:48px\" aria-hidden=\"true\" class=\"wp-block-spacer\"><\/div>\n\n\n\n<hr class=\"wp-block-separator has-text-color has-luminous-vivid-orange-color has-alpha-channel-opacity has-luminous-vivid-orange-background-color has-background is-style-wide\"\/>\n\n\n\n<div style=\"height:48px\" aria-hidden=\"true\" class=\"wp-block-spacer\"><\/div>\n\n\n\n<p class=\"has-text-align-center\"><strong>Grand vide grenier de l&rsquo;association paroissiale le dimanche 7 septembre dans le parc autour de l&rsquo;\u00e9glise de Lagord : <\/strong><\/p>\n\n\n\n<p class=\"has-text-align-center\"><strong>pensez \u00e0 <a href=\"https:\/\/saint-gabriel.info\/vide-grenier-de-septembre\/\" target=\"_blank\" rel=\"noreferrer noopener\">r\u00e9server votre emplacement<\/a> !<\/strong><\/p>\n\n\n\n<p class=\"has-text-align-center\"><strong><br>Possibilit\u00e9 de d\u00e9jeuner dans le parc : l&rsquo;\u00e9quipe cuisine de l&rsquo;association vous concoctera de bons petits plats, <\/strong><\/p>\n\n\n\n<p class=\"has-text-align-center\"><strong>la buvette sera \u00e9galement au rendez-vous !<\/strong><\/p>\n\n\n\n<p><\/p>\n\n\n\n<figure class=\"wp-block-image aligncenter size-full\"><img loading=\"lazy\" decoding=\"async\" width=\"566\" height=\"800\" src=\"https:\/\/catholiques17.fr\/nieul\/wp-content\/uploads\/sites\/29\/2025\/06\/Vide-grenier-affiche-2025_1.jpg\" alt=\"\" class=\"wp-image-10291\" srcset=\"https:\/\/catholiques17.fr\/nieul\/wp-content\/uploads\/sites\/29\/2025\/06\/Vide-grenier-affiche-2025_1.jpg 566w, https:\/\/catholiques17.fr\/nieul\/wp-content\/uploads\/sites\/29\/2025\/06\/Vide-grenier-affiche-2025_1-480x678.jpg 480w\" sizes=\"(min-width: 0px) and (max-width: 480px) 480px, (min-width: 481px) 566px, 100vw\" \/><\/figure>\n","protected":false},"excerpt":{"rendered":"<p>Lundi 25 ao\u00fbt : Obs\u00e8ques de Mme Marie-Colette DEROY \u00e0 10h \u00e0 Lagord. Jeudi 28 ao\u00fbt : Messe SEM aux \u00ab\u00a0Jardins du G\u00f4\u00a0\u00bb de Nieul \u00e0 15h30 Dimanche 31 ao\u00fbt [&hellip;]<\/p>\n","protected":false},"author":4,"featured_media":9017,"comment_status":"open","ping_status":"open","sticky":false,"template":"","format":"standard","meta":{"_et_pb_use_builder":"off","_et_pb_old_content":"","_et_gb_content_width":"","footnotes":""},"categories":[6],"tags":[],"class_list":["post-10404","post","type-post","status-publish","format-standard","has-post-thumbnail","hentry","category-actualite"],"_links":{"self":[{"href":"https:\/\/catholiques17.fr\/nieul\/wp-json\/wp\/v2\/posts\/10404","targetHints":{"allow":["GET"]}}],"collection":[{"href":"https:\/\/catholiques17.fr\/nieul\/wp-json\/wp\/v2\/posts"}],"about":[{"href":"https:\/\/catholiques17.fr\/nieul\/wp-json\/wp\/v2\/types\/post"}],"author":[{"embeddable":true,"href":"https:\/\/catholiques17.fr\/nieul\/wp-json\/wp\/v2\/users\/4"}],"replies":[{"embeddable":true,"href":"https:\/\/catholiques17.fr\/nieul\/wp-json\/wp\/v2\/comments?post=10404"}],"version-history":[{"count":4,"href":"https:\/\/catholiques17.fr\/nieul\/wp-json\/wp\/v2\/posts\/10404\/revisions"}],"predecessor-version":[{"id":10409,"href":"https:\/\/catholiques17.fr\/nieul\/wp-json\/wp\/v2\/posts\/10404\/revisions\/10409"}],"wp:featuredmedia":[{"embeddable":true,"href":"https:\/\/catholiques17.fr\/nieul\/wp-json\/wp\/v2\/media\/9017"}],"wp:attachment":[{"href":"https:\/\/catholiques17.fr\/nieul\/wp-json\/wp\/v2\/media?parent=10404"}],"wp:term":[{"taxonomy":"category","embeddable":true,"href":"https:\/\/catholiques17.fr\/nieul\/wp-json\/wp\/v2\/categories?post=10404"},{"taxonomy":"post_tag","embeddable":true,"href":"https:\/\/catholiques17.fr\/nieul\/wp-json\/wp\/v2\/tags?post=10404"}],"curies":[{"name":"wp","href":"https:\/\/api.w.org\/{rel}","templated":true}]}}