{"id":10397,"date":"2025-08-19T16:50:37","date_gmt":"2025-08-19T14:50:37","guid":{"rendered":"https:\/\/catholiques17.fr\/nieul\/?p=10397"},"modified":"2025-08-19T16:51:41","modified_gmt":"2025-08-19T14:51:41","slug":"mgr-pierre-antoine-bozo-nomme-eveque-coadjuteur-de-la-rochelle","status":"publish","type":"post","link":"https:\/\/catholiques17.fr\/nieul\/mgr-pierre-antoine-bozo-nomme-eveque-coadjuteur-de-la-rochelle\/","title":{"rendered":"Mgr Pierre-Antoine Bozo, nomm\u00e9 \u00e9v\u00eaque coadjuteur de la Rochelle"},"content":{"rendered":"\n<div style=\"height:67px\" aria-hidden=\"true\" class=\"wp-block-spacer\"><\/div>\n\n\n\n<p class=\"has-text-align-center has-medium-font-size\"><strong>Le pape L\u00e9on XIV\u00a0a nomm\u00e9 ce mardi 19 ao\u00fbt,\u00a0\u00e9v\u00eaque coadjuteur de La Rochelle,\u00a0<\/strong><\/p>\n\n\n\n<p class=\"has-text-align-center has-medium-font-size\"><strong>Monseigneur Pierre-Antoine Bozo.<\/strong><\/p>\n\n\n\n<p class=\"has-text-align-center\"><strong>Il lui a conf\u00e9r\u00e9 les facult\u00e9s sp\u00e9ciales qui consistent en la m\u00eame juridiction que celle qui appartient \u00e0 l\u2019Ev\u00eaque dioc\u00e9sain, selon le Can. 381 CIC.<\/strong> <\/p>\n\n\n\n<p class=\"has-text-align-center\"><strong>Monseigneur Pierre-Antoine Bozo<\/strong> <strong>\u00e9tait depuis 2017 \u00e9v\u00eaque du\u00a0<a href=\"https:\/\/www.diocese-limoges.fr\/\">dioc\u00e8se de Limoges<\/a>.<\/strong><\/p>\n\n\n\n<p class=\"has-text-align-center\"><strong>La prise de fonction aura lieu le 19 octobre 2025 apr\u00e8s-midi en la cath\u00e9drale de La Rochelle.<\/strong><\/p>\n\n\n\n<div style=\"height:64px\" aria-hidden=\"true\" class=\"wp-block-spacer\"><\/div>\n\n\n\n<div class=\"wp-block-buttons is-content-justification-center is-layout-flex wp-container-core-buttons-is-layout-16018d1d wp-block-buttons-is-layout-flex\">\n<div class=\"wp-block-button is-style-outline is-style-outline--1\"><a class=\"wp-block-button__link has-luminous-vivid-orange-color has-white-background-color has-text-color has-background has-link-color wp-element-button\" href=\"https:\/\/catholiques17.fr\/message-de-mgr-pierre-antoine-bozo-aux-diocesains-de-la-rochelle\/\" style=\"border-radius:11px\" target=\"_blank\" rel=\"noreferrer noopener\">Message de Mgr Bozo<\/a><\/div>\n\n\n\n<div class=\"wp-block-button is-style-outline is-style-outline--2\"><a class=\"wp-block-button__link has-luminous-vivid-orange-color has-white-background-color has-text-color has-background has-link-color wp-element-button\" href=\"https:\/\/catholiques17.fr\/message-de-mgr-georges-colomb-2\/\" style=\"border-radius:11px\" target=\"_blank\" rel=\"noreferrer noopener\">Message de Mgr Colomb<\/a><\/div>\n\n\n\n<div class=\"wp-block-button is-style-outline is-style-outline--3\"><a class=\"wp-block-button__link has-luminous-vivid-orange-color has-white-background-color has-text-color has-background has-link-color wp-element-button\" href=\"https:\/\/catholiques17.fr\/quest-ce-quun-eveque-coadjuteur\/\" style=\"border-radius:11px\" target=\"_blank\" rel=\"noreferrer noopener\">Qu&rsquo;est-ce qu&rsquo;un \u00e9v\u00eaque coadjuteur ?<\/a><\/div>\n<\/div>\n\n\n\n<div style=\"height:64px\" aria-hidden=\"true\" class=\"wp-block-spacer\"><\/div>\n","protected":false},"excerpt":{"rendered":"<p>Le pape L\u00e9on XIV\u00a0a nomm\u00e9 ce mardi 19 ao\u00fbt,\u00a0\u00e9v\u00eaque coadjuteur de La Rochelle,\u00a0 Monseigneur Pierre-Antoine Bozo. Il lui a conf\u00e9r\u00e9 les facult\u00e9s sp\u00e9ciales qui consistent en la m\u00eame juridiction que [&hellip;]<\/p>\n","protected":false},"author":4,"featured_media":10398,"comment_status":"open","ping_status":"open","sticky":false,"template":"","format":"standard","meta":{"_et_pb_use_builder":"off","_et_pb_old_content":"","_et_gb_content_width":"","footnotes":""},"categories":[6,23],"tags":[],"class_list":["post-10397","post","type-post","status-publish","format-standard","has-post-thumbnail","hentry","category-actualite","category-diocese"],"_links":{"self":[{"href":"https:\/\/catholiques17.fr\/nieul\/wp-json\/wp\/v2\/posts\/10397","targetHints":{"allow":["GET"]}}],"collection":[{"href":"https:\/\/catholiques17.fr\/nieul\/wp-json\/wp\/v2\/posts"}],"about":[{"href":"https:\/\/catholiques17.fr\/nieul\/wp-json\/wp\/v2\/types\/post"}],"author":[{"embeddable":true,"href":"https:\/\/catholiques17.fr\/nieul\/wp-json\/wp\/v2\/users\/4"}],"replies":[{"embeddable":true,"href":"https:\/\/catholiques17.fr\/nieul\/wp-json\/wp\/v2\/comments?post=10397"}],"version-history":[{"count":4,"href":"https:\/\/catholiques17.fr\/nieul\/wp-json\/wp\/v2\/posts\/10397\/revisions"}],"predecessor-version":[{"id":10402,"href":"https:\/\/catholiques17.fr\/nieul\/wp-json\/wp\/v2\/posts\/10397\/revisions\/10402"}],"wp:featuredmedia":[{"embeddable":true,"href":"https:\/\/catholiques17.fr\/nieul\/wp-json\/wp\/v2\/media\/10398"}],"wp:attachment":[{"href":"https:\/\/catholiques17.fr\/nieul\/wp-json\/wp\/v2\/media?parent=10397"}],"wp:term":[{"taxonomy":"category","embeddable":true,"href":"https:\/\/catholiques17.fr\/nieul\/wp-json\/wp\/v2\/categories?post=10397"},{"taxonomy":"post_tag","embeddable":true,"href":"https:\/\/catholiques17.fr\/nieul\/wp-json\/wp\/v2\/tags?post=10397"}],"curies":[{"name":"wp","href":"https:\/\/api.w.org\/{rel}","templated":true}]}}