{"id":10394,"date":"2025-08-13T09:06:31","date_gmt":"2025-08-13T07:06:31","guid":{"rendered":"https:\/\/catholiques17.fr\/nieul\/?p=10394"},"modified":"2025-09-03T15:29:04","modified_gmt":"2025-09-03T13:29:04","slug":"annonces-paroissiales-semaine-du-18-au-24-aout","status":"publish","type":"post","link":"https:\/\/catholiques17.fr\/nieul\/annonces-paroissiales-semaine-du-18-au-24-aout\/","title":{"rendered":"Annonces paroissiales &#8211; Semaine du 18 au 24 ao\u00fbt"},"content":{"rendered":"\n<div style=\"height:100px\" aria-hidden=\"true\" class=\"wp-block-spacer\"><\/div>\n\n\n\n<p><strong>Mardi 19 ao\u00fbt : <\/strong>Obs\u00e8ques de Mme Nicole PETIT \u00e0 10h \u00e0 Lagord<\/p>\n\n\n\n<p><strong>Jeudi 21 ao\u00fbt\u00a0: <\/strong>Messe SEM au \u00ab\u00a0Rayon d\u2019Or\u00a0\u00bb \u00e0 Lagord \u00e0 14h30<\/p>\n\n\n\n<p><strong>Vendredi 22 ao\u00fbt :<\/strong> P\u00e8lerinage dioc\u00e9sain \u00e0 l&rsquo;Ile Madame &#8211; Programme<a href=\"https:\/\/catholiques17.fr\/nieul\/pelerinage-diocesain-a-lile-madame\/\" target=\"_blank\" rel=\"noreferrer noopener\"><strong> ici<\/strong><\/a><\/p>\n\n\n\n<p><em>Pendant tout le mois d\u2019ao\u00fbt, il n\u2019y aura pas de messe en semaine les mardis et les jeudis.<\/em><\/p>\n\n\n\n<div style=\"height:55px\" aria-hidden=\"true\" class=\"wp-block-spacer\"><\/div>\n\n\n\n<p>Dimanche 24 ao\u00fbt 2025\u00a0: 21\u00e8me dimanche du Temps Ordinaire<\/p>\n\n\n\n<ul class=\"wp-block-list\">\n<li>Samedi 23.08 : Messe anticip\u00e9e \u00e0 18h \u00e0 Nieul sur Mer.<\/li>\n<\/ul>\n\n\n\n<ul class=\"wp-block-list\">\n<li>Dimanche 24.08 : Messes \u00e0 9h30 \u00e0 Marsilly et \u00e0 11h \u00e0 Lagord.<\/li>\n<\/ul>\n\n\n\n<p><\/p>\n\n\n\n<p><\/p>\n","protected":false},"excerpt":{"rendered":"<p>Mardi 19 ao\u00fbt : Obs\u00e8ques de Mme Nicole PETIT \u00e0 10h \u00e0 Lagord Jeudi 21 ao\u00fbt\u00a0: Messe SEM au \u00ab\u00a0Rayon d\u2019Or\u00a0\u00bb \u00e0 Lagord \u00e0 14h30 Vendredi 22 ao\u00fbt : P\u00e8lerinage [&hellip;]<\/p>\n","protected":false},"author":4,"featured_media":9017,"comment_status":"open","ping_status":"open","sticky":false,"template":"","format":"standard","meta":{"_et_pb_use_builder":"off","_et_pb_old_content":"","_et_gb_content_width":"","footnotes":""},"categories":[6,24],"tags":[],"class_list":["post-10394","post","type-post","status-publish","format-standard","has-post-thumbnail","hentry","category-actualite","category-annonces"],"_links":{"self":[{"href":"https:\/\/catholiques17.fr\/nieul\/wp-json\/wp\/v2\/posts\/10394","targetHints":{"allow":["GET"]}}],"collection":[{"href":"https:\/\/catholiques17.fr\/nieul\/wp-json\/wp\/v2\/posts"}],"about":[{"href":"https:\/\/catholiques17.fr\/nieul\/wp-json\/wp\/v2\/types\/post"}],"author":[{"embeddable":true,"href":"https:\/\/catholiques17.fr\/nieul\/wp-json\/wp\/v2\/users\/4"}],"replies":[{"embeddable":true,"href":"https:\/\/catholiques17.fr\/nieul\/wp-json\/wp\/v2\/comments?post=10394"}],"version-history":[{"count":2,"href":"https:\/\/catholiques17.fr\/nieul\/wp-json\/wp\/v2\/posts\/10394\/revisions"}],"predecessor-version":[{"id":10396,"href":"https:\/\/catholiques17.fr\/nieul\/wp-json\/wp\/v2\/posts\/10394\/revisions\/10396"}],"wp:featuredmedia":[{"embeddable":true,"href":"https:\/\/catholiques17.fr\/nieul\/wp-json\/wp\/v2\/media\/9017"}],"wp:attachment":[{"href":"https:\/\/catholiques17.fr\/nieul\/wp-json\/wp\/v2\/media?parent=10394"}],"wp:term":[{"taxonomy":"category","embeddable":true,"href":"https:\/\/catholiques17.fr\/nieul\/wp-json\/wp\/v2\/categories?post=10394"},{"taxonomy":"post_tag","embeddable":true,"href":"https:\/\/catholiques17.fr\/nieul\/wp-json\/wp\/v2\/tags?post=10394"}],"curies":[{"name":"wp","href":"https:\/\/api.w.org\/{rel}","templated":true}]}}