{"id":10388,"date":"2025-08-12T09:27:07","date_gmt":"2025-08-12T07:27:07","guid":{"rendered":"https:\/\/catholiques17.fr\/nieul\/?p=10388"},"modified":"2025-08-12T09:27:08","modified_gmt":"2025-08-12T07:27:08","slug":"annonces-paroissiales-semaine-du-11-au-17-aout","status":"publish","type":"post","link":"https:\/\/catholiques17.fr\/nieul\/annonces-paroissiales-semaine-du-11-au-17-aout\/","title":{"rendered":"Annonces paroissiales &#8211; Semaine du 11 au 17 ao\u00fbt"},"content":{"rendered":"\n<div style=\"height:100px\" aria-hidden=\"true\" class=\"wp-block-spacer\"><\/div>\n\n\n\n<p><strong>Jeudi 14 ao\u00fbt\u00a0: <\/strong>Messe SEM au \u00ab\u00a0Bois d\u2019Hur\u00e9\u00a0\u00bb \u00e0 Lagord \u00e0 15h<\/p>\n\n\n\n<p><strong>Vendredi 15 ao\u00fbt 2025\u00a0:<\/strong> <strong>Solennit\u00e9 de l\u2019Assomption de la Vierge Marie<\/strong><\/p>\n\n\n\n<p>Messe \u00e0 11h \u00e0 Lagord. <em>A cause des travaux \u00e0 la chapelle<\/em> <em>cette ann\u00e9e, il n\u2019y aura ni de messe ni de procession \u00e0 Lauzi\u00e8res.<\/em><\/p>\n\n\n\n<p><strong>Samedi 16 ao\u00fbt\u00a0: <\/strong>Bapt\u00eame de L\u00e9on Ducourt \u00e0 Nieul \u00e0 11h<\/p>\n\n\n\n<div style=\"height:59px\" aria-hidden=\"true\" class=\"wp-block-spacer\"><\/div>\n\n\n\n<p><strong>Dimanche 17 ao\u00fbt 2025\u00a0:\u00a020\u00e8me dimanche du Temps Ordinaire<\/strong><\/p>\n\n\n\n<ul class=\"wp-block-list\">\n<li>Samedi 16\/08 : Messe anticip\u00e9e \u00e0 18h \u00e0 Nieul sur Mer<\/li>\n\n\n\n<li>Dimanche 17\/08 : Messes \u00e0 9h30 \u00e0 L\u2019Houmeau et \u00e0 11h \u00e0 Lagord<\/li>\n<\/ul>\n\n\n\n<div style=\"height:100px\" aria-hidden=\"true\" class=\"wp-block-spacer\"><\/div>\n","protected":false},"excerpt":{"rendered":"<p>Jeudi 14 ao\u00fbt\u00a0: Messe SEM au \u00ab\u00a0Bois d\u2019Hur\u00e9\u00a0\u00bb \u00e0 Lagord \u00e0 15h Vendredi 15 ao\u00fbt 2025\u00a0: Solennit\u00e9 de l\u2019Assomption de la Vierge Marie Messe \u00e0 11h \u00e0 Lagord. A cause [&hellip;]<\/p>\n","protected":false},"author":4,"featured_media":9017,"comment_status":"open","ping_status":"open","sticky":false,"template":"","format":"standard","meta":{"_et_pb_use_builder":"off","_et_pb_old_content":"","_et_gb_content_width":"","footnotes":""},"categories":[6,24],"tags":[],"class_list":["post-10388","post","type-post","status-publish","format-standard","has-post-thumbnail","hentry","category-actualite","category-annonces"],"_links":{"self":[{"href":"https:\/\/catholiques17.fr\/nieul\/wp-json\/wp\/v2\/posts\/10388","targetHints":{"allow":["GET"]}}],"collection":[{"href":"https:\/\/catholiques17.fr\/nieul\/wp-json\/wp\/v2\/posts"}],"about":[{"href":"https:\/\/catholiques17.fr\/nieul\/wp-json\/wp\/v2\/types\/post"}],"author":[{"embeddable":true,"href":"https:\/\/catholiques17.fr\/nieul\/wp-json\/wp\/v2\/users\/4"}],"replies":[{"embeddable":true,"href":"https:\/\/catholiques17.fr\/nieul\/wp-json\/wp\/v2\/comments?post=10388"}],"version-history":[{"count":2,"href":"https:\/\/catholiques17.fr\/nieul\/wp-json\/wp\/v2\/posts\/10388\/revisions"}],"predecessor-version":[{"id":10390,"href":"https:\/\/catholiques17.fr\/nieul\/wp-json\/wp\/v2\/posts\/10388\/revisions\/10390"}],"wp:featuredmedia":[{"embeddable":true,"href":"https:\/\/catholiques17.fr\/nieul\/wp-json\/wp\/v2\/media\/9017"}],"wp:attachment":[{"href":"https:\/\/catholiques17.fr\/nieul\/wp-json\/wp\/v2\/media?parent=10388"}],"wp:term":[{"taxonomy":"category","embeddable":true,"href":"https:\/\/catholiques17.fr\/nieul\/wp-json\/wp\/v2\/categories?post=10388"},{"taxonomy":"post_tag","embeddable":true,"href":"https:\/\/catholiques17.fr\/nieul\/wp-json\/wp\/v2\/tags?post=10388"}],"curies":[{"name":"wp","href":"https:\/\/api.w.org\/{rel}","templated":true}]}}