{"id":10313,"date":"2025-06-22T18:30:23","date_gmt":"2025-06-22T16:30:23","guid":{"rendered":"https:\/\/catholiques17.fr\/nieul\/?p=10313"},"modified":"2025-06-24T18:30:48","modified_gmt":"2025-06-24T16:30:48","slug":"connaissez-vous-le-conseil-paroissial","status":"publish","type":"post","link":"https:\/\/catholiques17.fr\/nieul\/connaissez-vous-le-conseil-paroissial\/","title":{"rendered":"Connaissez-vous le conseil paroissial ?"},"content":{"rendered":"\n<div style=\"height:55px\" aria-hidden=\"true\" class=\"wp-block-spacer\"><\/div>\n\n\n\n<p>Pr\u00e9sid\u00e9 par le cur\u00e9 de la paroisse, le conseil paroissial est un\u00a0<strong>conseil\u00a0<\/strong>constitu\u00e9 des pr\u00eatres, de l\u2019\u00e9quipe d\u2019animation pastorale (EAP) et de la\u00efcs appel\u00e9s pour des mandats de 3 ans, qui se r\u00e9unissent pour favoriser l\u2019activit\u00e9 de toute la communaut\u00e9 paroissiale et pour l\u2019aider \u00e0 \u00eatre une v\u00e9ritable communaut\u00e9 chr\u00e9tienne, fid\u00e8le \u00e0 l\u2019\u00c9vangile et f\u00e9conde dans la charit\u00e9. Le conseil paroissial est au service de la communaut\u00e9 chr\u00e9tienne pour permettre \u00e0 tous ses membres de r\u00e9aliser leur mission.<\/p>\n\n\n\n<div style=\"height:37px\" aria-hidden=\"true\" class=\"wp-block-spacer\"><\/div>\n\n\n\n<p class=\"has-text-align-center\"><strong>Son r\u00f4le est triple : \u00e9tudier ce qui touche l\u2019activit\u00e9 pastorale, l\u2019\u00e9valuer et proposer des solutions pratiques.<\/strong><\/p>\n\n\n\n<p>La paroisse \u00e9tant une communaut\u00e9 chr\u00e9tienne parmi d\u2019autres dans le secteur pastoral, ce conseil est en lien \u00e9troit avec l\u2019EAP afin d\u2019effectuer un v\u00e9ritable travail pastoral de secteur.<\/p>\n\n\n\n<p><strong>Le conseil paroissial est un lieu de r\u00e9flexion missionnaire<\/strong>\u00a0: il se met \u00e0 l\u2019\u00e9coute de la vie des hommes, il recueille les id\u00e9es et les suggestions de la communaut\u00e9, il est attentif aux besoins nouveaux qui peuvent na\u00eetre dans la communaut\u00e9, aux questions d\u2019actualit\u00e9 qui interpellent une partie ou l\u2019ensemble de la communaut\u00e9. Il bouscule la communaut\u00e9 afin qu\u2019elle prenne ses responsabilit\u00e9 dans la mission de l\u2019\u00c9glise. Toute la vie apport\u00e9e au CPP est examin\u00e9e \u00e0 la lumi\u00e8re de l\u2019Evangile.<\/p>\n\n\n\n<p><strong>Il sait \u00eatre aussi une force de proposition<\/strong>\u00a0: \u00e0 partir de son travail de r\u00e9flexion et d\u2019analyse, le conseil paroissial propose des orientations, met en place des projets pour dynamiser la vie de la communaut\u00e9. Il rend compte de son travail \u00e0 la communaut\u00e9 par \u00e9crit, au moyen des compte-rendus de r\u00e9union.<\/p>\n\n\n\n<div style=\"height:61px\" aria-hidden=\"true\" class=\"wp-block-spacer\"><\/div>\n\n\n\n<div class=\"wp-block-columns is-layout-flex wp-container-core-columns-is-layout-9d6595d7 wp-block-columns-is-layout-flex\">\n<div class=\"wp-block-column is-layout-flow wp-block-column-is-layout-flow\">\n<div class=\"wp-block-buttons is-content-justification-center is-layout-flex wp-container-core-buttons-is-layout-16018d1d wp-block-buttons-is-layout-flex\">\n<div class=\"wp-block-button is-style-outline is-style-outline--1\"><a class=\"wp-block-button__link has-luminous-vivid-orange-color has-text-color has-link-color wp-element-button\" href=\"https:\/\/catholiques17.fr\/nieul\/la-paroisse\/le-conseil-paroissial\/\" target=\"_blank\" rel=\"noreferrer noopener\">Le conseil paroissial \u00e0 St Gabriel<\/a><\/div>\n<\/div>\n<\/div>\n\n\n\n<div class=\"wp-block-column is-layout-flow wp-block-column-is-layout-flow\">\n<div class=\"wp-block-buttons is-layout-flex wp-block-buttons-is-layout-flex\">\n<div class=\"wp-block-button is-style-outline is-style-outline--2\"><a class=\"wp-block-button__link has-white-background-color has-text-color has-background has-link-color wp-element-button\" href=\"https:\/\/catholiques17.fr\/nieul\/wp-content\/uploads\/sites\/29\/2025\/06\/CR-Conseil-paroissial-18_06_2025.pdf\" style=\"color:#226b95\" target=\"_blank\" rel=\"noreferrer noopener\">Lire le compte-rendu de la r\u00e9union du 18\/06\/2025<\/a><\/div>\n<\/div>\n<\/div>\n<\/div>\n\n\n\n<div style=\"height:103px\" aria-hidden=\"true\" class=\"wp-block-spacer\"><\/div>\n","protected":false},"excerpt":{"rendered":"<p>Pr\u00e9sid\u00e9 par le cur\u00e9 de la paroisse, le conseil paroissial est un\u00a0conseil\u00a0constitu\u00e9 des pr\u00eatres, de l\u2019\u00e9quipe d\u2019animation pastorale (EAP) et de la\u00efcs appel\u00e9s pour des mandats de 3 ans, qui [&hellip;]<\/p>\n","protected":false},"author":4,"featured_media":8276,"comment_status":"open","ping_status":"open","sticky":false,"template":"","format":"standard","meta":{"_et_pb_use_builder":"off","_et_pb_old_content":"","_et_gb_content_width":"","footnotes":""},"categories":[6,26],"tags":[],"class_list":["post-10313","post","type-post","status-publish","format-standard","has-post-thumbnail","hentry","category-actualite","category-informations"],"_links":{"self":[{"href":"https:\/\/catholiques17.fr\/nieul\/wp-json\/wp\/v2\/posts\/10313","targetHints":{"allow":["GET"]}}],"collection":[{"href":"https:\/\/catholiques17.fr\/nieul\/wp-json\/wp\/v2\/posts"}],"about":[{"href":"https:\/\/catholiques17.fr\/nieul\/wp-json\/wp\/v2\/types\/post"}],"author":[{"embeddable":true,"href":"https:\/\/catholiques17.fr\/nieul\/wp-json\/wp\/v2\/users\/4"}],"replies":[{"embeddable":true,"href":"https:\/\/catholiques17.fr\/nieul\/wp-json\/wp\/v2\/comments?post=10313"}],"version-history":[{"count":3,"href":"https:\/\/catholiques17.fr\/nieul\/wp-json\/wp\/v2\/posts\/10313\/revisions"}],"predecessor-version":[{"id":10316,"href":"https:\/\/catholiques17.fr\/nieul\/wp-json\/wp\/v2\/posts\/10313\/revisions\/10316"}],"wp:featuredmedia":[{"embeddable":true,"href":"https:\/\/catholiques17.fr\/nieul\/wp-json\/wp\/v2\/media\/8276"}],"wp:attachment":[{"href":"https:\/\/catholiques17.fr\/nieul\/wp-json\/wp\/v2\/media?parent=10313"}],"wp:term":[{"taxonomy":"category","embeddable":true,"href":"https:\/\/catholiques17.fr\/nieul\/wp-json\/wp\/v2\/categories?post=10313"},{"taxonomy":"post_tag","embeddable":true,"href":"https:\/\/catholiques17.fr\/nieul\/wp-json\/wp\/v2\/tags?post=10313"}],"curies":[{"name":"wp","href":"https:\/\/api.w.org\/{rel}","templated":true}]}}