{"id":10253,"date":"2025-05-05T08:13:32","date_gmt":"2025-05-05T06:13:32","guid":{"rendered":"https:\/\/catholiques17.fr\/nieul\/?p=10253"},"modified":"2025-05-05T08:13:33","modified_gmt":"2025-05-05T06:13:33","slug":"les-finances-de-notre-paroisse","status":"publish","type":"post","link":"https:\/\/catholiques17.fr\/nieul\/les-finances-de-notre-paroisse\/","title":{"rendered":"Les finances de notre paroisse"},"content":{"rendered":"\n<div style=\"height:71px\" aria-hidden=\"true\" class=\"wp-block-spacer\"><\/div>\n\n\n\n<p>Parler argent n&rsquo;est pas un tabou ; c&rsquo;est au contraire un gage de transparence vis \u00e0 vis de chacun d&rsquo;entre vous, donateurs occasionnels ou r\u00e9guliers, afin que vous sachiez quelles sont les r\u00e9alit\u00e9s \u00e9conomiques de notre paroisse.<br>C&rsquo;est dans cet esprit que nous avons r\u00e9alis\u00e9 cette ann\u00e9e un prospectus, distribu\u00e9 \u00e0 la sortie des messes depuis le mois de mai, ou que vous trouverez au fond des \u00e9glises, ou au secr\u00e9tariat du presbyt\u00e8re.<\/p>\n\n\n\n<div style=\"height:46px\" aria-hidden=\"true\" class=\"wp-block-spacer\"><\/div>\n\n\n\n<div class=\"wp-block-columns is-layout-flex wp-container-core-columns-is-layout-9d6595d7 wp-block-columns-is-layout-flex\">\n<div class=\"wp-block-column is-layout-flow wp-block-column-is-layout-flow\">\n<figure class=\"wp-block-image size-full\"><a href=\"https:\/\/catholiques17.fr\/nieul\/wp-content\/uploads\/sites\/29\/2025\/05\/PAROISSE-SAINT-GABRIEL.png\" target=\"_blank\" rel=\" noreferrer noopener\"><img loading=\"lazy\" decoding=\"async\" width=\"566\" height=\"800\" src=\"https:\/\/catholiques17.fr\/nieul\/wp-content\/uploads\/sites\/29\/2025\/05\/PAROISSE-SAINT-GABRIEL.png\" alt=\"\" class=\"wp-image-10252\" srcset=\"https:\/\/catholiques17.fr\/nieul\/wp-content\/uploads\/sites\/29\/2025\/05\/PAROISSE-SAINT-GABRIEL.png 566w, https:\/\/catholiques17.fr\/nieul\/wp-content\/uploads\/sites\/29\/2025\/05\/PAROISSE-SAINT-GABRIEL-480x678.png 480w\" sizes=\"(min-width: 0px) and (max-width: 480px) 480px, (min-width: 481px) 566px, 100vw\" \/><\/a><\/figure>\n<\/div>\n\n\n\n<div class=\"wp-block-column is-layout-flow wp-block-column-is-layout-flow\">\n<figure class=\"wp-block-image size-full\"><a href=\"https:\/\/catholiques17.fr\/nieul\/wp-content\/uploads\/sites\/29\/2025\/05\/2-3.png\" target=\"_blank\" rel=\" noreferrer noopener\"><img loading=\"lazy\" decoding=\"async\" width=\"566\" height=\"800\" src=\"https:\/\/catholiques17.fr\/nieul\/wp-content\/uploads\/sites\/29\/2025\/05\/2-3.png\" alt=\"\" class=\"wp-image-10249\" srcset=\"https:\/\/catholiques17.fr\/nieul\/wp-content\/uploads\/sites\/29\/2025\/05\/2-3.png 566w, https:\/\/catholiques17.fr\/nieul\/wp-content\/uploads\/sites\/29\/2025\/05\/2-3-480x678.png 480w\" sizes=\"(min-width: 0px) and (max-width: 480px) 480px, (min-width: 481px) 566px, 100vw\" \/><\/a><\/figure>\n<\/div>\n<\/div>\n\n\n\n<div class=\"wp-block-columns is-layout-flex wp-container-core-columns-is-layout-9d6595d7 wp-block-columns-is-layout-flex\">\n<div class=\"wp-block-column is-layout-flow wp-block-column-is-layout-flow\">\n<figure class=\"wp-block-image size-full\"><a href=\"https:\/\/catholiques17.fr\/nieul\/wp-content\/uploads\/sites\/29\/2025\/05\/3-3.png\" target=\"_blank\" rel=\" noreferrer noopener\"><img loading=\"lazy\" decoding=\"async\" width=\"566\" height=\"800\" src=\"https:\/\/catholiques17.fr\/nieul\/wp-content\/uploads\/sites\/29\/2025\/05\/3-3.png\" alt=\"\" class=\"wp-image-10250\" srcset=\"https:\/\/catholiques17.fr\/nieul\/wp-content\/uploads\/sites\/29\/2025\/05\/3-3.png 566w, https:\/\/catholiques17.fr\/nieul\/wp-content\/uploads\/sites\/29\/2025\/05\/3-3-480x678.png 480w\" sizes=\"(min-width: 0px) and (max-width: 480px) 480px, (min-width: 481px) 566px, 100vw\" \/><\/a><\/figure>\n<\/div>\n\n\n\n<div class=\"wp-block-column is-layout-flow wp-block-column-is-layout-flow\">\n<figure class=\"wp-block-image size-full\"><a href=\"https:\/\/catholiques17.fr\/nieul\/wp-content\/uploads\/sites\/29\/2025\/05\/4-2.png\" target=\"_blank\" rel=\" noreferrer noopener\"><img loading=\"lazy\" decoding=\"async\" width=\"566\" height=\"800\" src=\"https:\/\/catholiques17.fr\/nieul\/wp-content\/uploads\/sites\/29\/2025\/05\/4-2.png\" alt=\"\" class=\"wp-image-10251\" srcset=\"https:\/\/catholiques17.fr\/nieul\/wp-content\/uploads\/sites\/29\/2025\/05\/4-2.png 566w, https:\/\/catholiques17.fr\/nieul\/wp-content\/uploads\/sites\/29\/2025\/05\/4-2-480x678.png 480w\" sizes=\"(min-width: 0px) and (max-width: 480px) 480px, (min-width: 481px) 566px, 100vw\" \/><\/a><\/figure>\n<\/div>\n<\/div>\n\n\n\n<div style=\"height:46px\" aria-hidden=\"true\" class=\"wp-block-spacer\"><\/div>\n\n\n\n<div class=\"wp-block-buttons is-content-justification-center is-layout-flex wp-container-core-buttons-is-layout-16018d1d wp-block-buttons-is-layout-flex\">\n<div class=\"wp-block-button is-style-outline is-style-outline--1\"><a class=\"wp-block-button__link has-text-color has-link-color wp-element-button\" href=\"https:\/\/catholiques17.fr\/nieul\/wp-content\/uploads\/sites\/29\/2025\/05\/PAROISSE-SAINT-GABRIEL.pdf\" style=\"color:#35617a\" target=\"_blank\" rel=\"noreferrer noopener\">Je t\u00e9l\u00e9charge \/ J&rsquo;imprime le prospectus<\/a><\/div>\n<\/div>\n\n\n\n<div style=\"height:94px\" aria-hidden=\"true\" class=\"wp-block-spacer\"><\/div>\n\n\n\n<p><strong>N&rsquo;h\u00e9sitez pas \u00e0 faire conna\u00eetre autour de vous les r\u00e9alit\u00e9s \u00e9conomiques de notre paroisse, ce d\u00e9pliant est destin\u00e9 \u00e0 \u00eatre connu du plus grand monde afin d&rsquo;\u00e9largir le cercle des donateurs. C&rsquo;est ainsi que la mission de l&rsquo;Eglise pourra perdurer dans nos villages, et plus largement dans le dioc\u00e8se. Merci \u00e0 chacun d&rsquo;entre vous.<\/strong><\/p>\n\n\n\n<div style=\"height:34px\" aria-hidden=\"true\" class=\"wp-block-spacer\"><\/div>\n","protected":false},"excerpt":{"rendered":"<p>Parler argent n&rsquo;est pas un tabou ; c&rsquo;est au contraire un gage de transparence vis \u00e0 vis de chacun d&rsquo;entre vous, donateurs occasionnels ou r\u00e9guliers, afin que vous sachiez quelles [&hellip;]<\/p>\n","protected":false},"author":4,"featured_media":10247,"comment_status":"open","ping_status":"open","sticky":false,"template":"","format":"standard","meta":{"_et_pb_use_builder":"off","_et_pb_old_content":"","_et_gb_content_width":"","footnotes":""},"categories":[6,26],"tags":[],"class_list":["post-10253","post","type-post","status-publish","format-standard","has-post-thumbnail","hentry","category-actualite","category-informations"],"_links":{"self":[{"href":"https:\/\/catholiques17.fr\/nieul\/wp-json\/wp\/v2\/posts\/10253","targetHints":{"allow":["GET"]}}],"collection":[{"href":"https:\/\/catholiques17.fr\/nieul\/wp-json\/wp\/v2\/posts"}],"about":[{"href":"https:\/\/catholiques17.fr\/nieul\/wp-json\/wp\/v2\/types\/post"}],"author":[{"embeddable":true,"href":"https:\/\/catholiques17.fr\/nieul\/wp-json\/wp\/v2\/users\/4"}],"replies":[{"embeddable":true,"href":"https:\/\/catholiques17.fr\/nieul\/wp-json\/wp\/v2\/comments?post=10253"}],"version-history":[{"count":2,"href":"https:\/\/catholiques17.fr\/nieul\/wp-json\/wp\/v2\/posts\/10253\/revisions"}],"predecessor-version":[{"id":10255,"href":"https:\/\/catholiques17.fr\/nieul\/wp-json\/wp\/v2\/posts\/10253\/revisions\/10255"}],"wp:featuredmedia":[{"embeddable":true,"href":"https:\/\/catholiques17.fr\/nieul\/wp-json\/wp\/v2\/media\/10247"}],"wp:attachment":[{"href":"https:\/\/catholiques17.fr\/nieul\/wp-json\/wp\/v2\/media?parent=10253"}],"wp:term":[{"taxonomy":"category","embeddable":true,"href":"https:\/\/catholiques17.fr\/nieul\/wp-json\/wp\/v2\/categories?post=10253"},{"taxonomy":"post_tag","embeddable":true,"href":"https:\/\/catholiques17.fr\/nieul\/wp-json\/wp\/v2\/tags?post=10253"}],"curies":[{"name":"wp","href":"https:\/\/api.w.org\/{rel}","templated":true}]}}