{"id":10214,"date":"2025-04-21T10:50:08","date_gmt":"2025-04-21T08:50:08","guid":{"rendered":"https:\/\/catholiques17.fr\/nieul\/?p=10214"},"modified":"2025-04-21T11:38:18","modified_gmt":"2025-04-21T09:38:18","slug":"mort-du-pape-francois","status":"publish","type":"post","link":"https:\/\/catholiques17.fr\/nieul\/mort-du-pape-francois\/","title":{"rendered":"Mort du Pape Fran\u00e7ois"},"content":{"rendered":"\n<div style=\"height:53px\" aria-hidden=\"true\" class=\"wp-block-spacer\"><\/div>\n\n\n\n<p>Jorge Mario Bergoglio, le pape Fran\u00e7ois de 2013 \u00e0 2025, est d\u00e9c\u00e9d\u00e9 au Vatican le 21 avril 2025. En union avec toute l\u2019Eglise et avec le monde entier, nous prions le Seigneur de l\u2019accueillir aupr\u00e8s de Lui.<\/p>\n\n\n\n<div style=\"height:44px\" aria-hidden=\"true\" class=\"wp-block-spacer\"><\/div>\n\n\n\n<div class=\"wp-block-buttons is-content-justification-center is-layout-flex wp-container-core-buttons-is-layout-16018d1d wp-block-buttons-is-layout-flex\">\n<div class=\"wp-block-button is-style-outline is-style-outline--1\"><a class=\"wp-block-button__link has-text-color has-link-color wp-element-button\" href=\"https:\/\/catholiques17.fr\/biographie-du-pape-francois\/\" style=\"color:#196e9f\">Biographie du Pape Fran\u00e7ois<\/a><\/div>\n<\/div>\n\n\n\n<div style=\"height:44px\" aria-hidden=\"true\" class=\"wp-block-spacer\"><\/div>\n\n\n\n<h2 class=\"wp-block-heading has-text-align-center has-white-color has-text-color has-background has-link-color wp-elements-b3be1dd9fda16efbd1f1d883cfdee495\" style=\"background-color:#137ab6\">Messes pour le Pape<\/h2>\n\n\n\n<p class=\"has-text-align-center has-white-color has-text-color has-background has-link-color wp-elements-2791e4c6169fece3e7c0cb5fca6fb9b8\" style=\"background-color:#137ab6\">Lundi de P\u00e2ques 21 avril, v\u00eapres (18h) et messe (18h30) \u00e0 la cath\u00e9drale Saint-Louis de La Rochelle.<\/p>\n\n\n\n<p class=\"has-text-align-center has-white-color has-text-color has-background has-link-color wp-elements-ce2d91aac56a724a3422736497c2d517\" style=\"background-color:#137ab6\">Mercredi de P\u00e2ques, 23 avril, la messe (18h30) \u00e0 l\u2019\u00e9glise Saint-Vivien de Saintes.<\/p>\n\n\n\n<div style=\"height:44px\" aria-hidden=\"true\" class=\"wp-block-spacer\"><\/div>\n\n\n\n<hr class=\"wp-block-separator has-text-color has-alpha-channel-opacity has-background is-style-wide\" style=\"background-color:#196896;color:#196896\"\/>\n\n\n\n<div style=\"height:44px\" aria-hidden=\"true\" class=\"wp-block-spacer\"><\/div>\n\n\n\n<p>Paris, le 21 avril 2025,<\/p>\n\n\n\n<blockquote class=\"wp-block-quote is-layout-flow wp-block-quote-is-layout-flow\">\n<h2 class=\"wp-block-heading\">D\u00e9c\u00e8s du pape Fran\u00e7ois : d\u00e9claration de Mgr Eric de Moulins Beaufort, pr\u00e9sident de la CEF<\/h2>\n<\/blockquote>\n\n\n\n<blockquote class=\"wp-block-quote is-layout-flow wp-block-quote-is-layout-flow\">\n<p>En ce lundi de P\u00e2ques, en tenue de service, sans doute comme il le d\u00e9sirait, le pape Fran\u00e7ois est mort.<\/p>\n\n\n\n<p>Depuis sa premi\u00e8re apparition au balcon de Saint-Pierre, il demandait, \u00e0 la fin de toute rencontre, que l\u2019on prie pour lui : \u00ab Et surtout, priez pour moi \u00bb. En ce jour, de tout c\u0153ur, nous le lui disons : \u00ab Tr\u00e8s Saint-P\u00e8re, nous prions pour vous, nous catholiques, mais aussi beaucoup d\u2019hommes et de femmes \u00e0 travers le monde qui ont entendu dans votre voix une voix de la conscience de l\u2019humanit\u00e9 \u00bb.<\/p>\n\n\n\n<p>Inlassablement, le pape Fran\u00e7ois a agi pour que l\u2019\u00c9glise soit plus synodale, d\u00e9barrass\u00e9e de tout cl\u00e9ricalisme, en mouvement vers les p\u00e9riph\u00e9ries, les p\u00e9riph\u00e9ries de l\u2019\u00c9glise et celles de nos soci\u00e9t\u00e9s, porteuse de la joie de l\u2019\u00c9vangile du Christ J\u00e9sus. Il a donn\u00e9 aux catholiques le go\u00fbt d\u2019\u00eatre des disciples-missionnaires. Avec opini\u00e2tret\u00e9, il a appel\u00e9 l\u2019humanit\u00e9 \u00e0 croire en la fraternit\u00e9, notamment en s\u2019appuyant sur le dialogue entre les religions, et \u00e0 prendre en compte en priorit\u00e9 les besoins et les attentes des personnes pauvres ou en pr\u00e9carit\u00e9. Face \u00e0 la crise \u00e9cologique, il a renouvel\u00e9 la r\u00e9flexion en invitant \u00e0 soigner \u00ab la maison commune \u00bb, \u00e0 louer le Cr\u00e9ateur, \u00e0 unir attention \u00e0 l\u2019environnement et attention aux personnes victimes des injustices sociales. Il a \u00e9t\u00e9 le pape de l\u2019ann\u00e9e sainte de la mis\u00e9ricorde et du jubil\u00e9 de l\u2019esp\u00e9rance.<\/p>\n\n\n\n<p>Nous, Fran\u00e7ais, rendons gr\u00e2ce tout sp\u00e9cialement pour la venue du pape Fran\u00e7ois \u00e0 Strasbourg (novembre 2014) mais surtout \u00e0 Marseille en septembre 2023 et \u00e0 Ajaccio en d\u00e9cembre dernier. Nous gardons en m\u00e9moire son appel plein de gravit\u00e9 et d\u2019\u00e9motion \u00e0 ce que notre pays et les autres pays europ\u00e9ens ne perdent pas leur \u00e2me en se fermant aux migrants qui viennent chercher la possibilit\u00e9 d\u2019une vie meilleure pour eux et les leurs. Nous ressentons encore la vibrante ovation qu\u2019il a re\u00e7ue au Stade V\u00e9lodrome : \u00ab Bonjour, Marseille ; bonjour, la France \u00bb et la fiert\u00e9 joyeuse qui parcourait les rues d\u2019Ajaccio et les chants fervents de l\u2019assembl\u00e9e du Casone. Nous m\u00e9ditons encore sur le tressaillement de Marie qu\u2019il a \u00e9voqu\u00e9 dans son hom\u00e9lie de Marseille.<\/p>\n\n\n\n<p>Les fruits de ce pontificat seront \u00e0 d\u00e9couvrir dans les ann\u00e9es qui viennent. Il a marqu\u00e9 assur\u00e9ment la pratique pastorale de l\u2019\u00c9glise par son style simple, encourageant, sa r\u00e9f\u00e9rence constante \u00e0 la mis\u00e9ricorde de Dieu, sa volont\u00e9 que les sacrements soient accessibles \u00e0 tous ceux qui les demandent, et son rappel pers\u00e9v\u00e9rant de la croix du Christ J\u00e9sus sans laquelle l\u2019\u00c9glise ne serait qu\u2019une ONG de plus. Elle est le signe effectif de l\u2019amour de Celui qui \u00ab d\u00e9sire d\u2019un grand d\u00e9sir \u00bb le salut de tous.<\/p>\n\n\n\n<p>Des messes et des veill\u00e9es seront organis\u00e9es par toute la France pour prier pour le pape Fran\u00e7ois. La Conf\u00e9rence des \u00e9v\u00eaques remercie tous ceux et celles qui s\u2019y joindront ou s\u2019y associeront. Elle remercie tous ceux et celles de toute religion ou sans religion qui expriment en ces jours leur gratitude. Le pape Fran\u00e7ois a voulu \u00eatre un \u00ab compagnon de J\u00e9sus \u00bb. Que le Seigneur l\u2019accueille dans sa compagnie \u00e9ternelle, pr\u00e8s du P\u00e8re. Merci, pape Fran\u00e7ois. Plus que jamais, priez pour nous.<\/p>\n\n\n\n<p><strong>Mgr Eric de Moulins Beaufort<\/strong><\/p>\n<\/blockquote>\n\n\n\n<div style=\"height:61px\" aria-hidden=\"true\" class=\"wp-block-spacer\"><\/div>\n\n\n\n<figure class=\"wp-block-embed aligncenter is-type-video is-provider-youtube wp-block-embed-youtube wp-embed-aspect-16-9 wp-has-aspect-ratio\"><div class=\"wp-block-embed__wrapper\">\n<iframe loading=\"lazy\" title=\"Highlights  Easter Sunday- Urbi et Orbi- April 20 2025\" width=\"1080\" height=\"608\" src=\"https:\/\/www.youtube.com\/embed\/YVtjQGWHoE4?feature=oembed\"  allow=\"accelerometer; autoplay; clipboard-write; encrypted-media; gyroscope; picture-in-picture; web-share\" referrerpolicy=\"strict-origin-when-cross-origin\" allowfullscreen><\/iframe>\n<\/div><\/figure>\n\n\n\n<div style=\"height:61px\" aria-hidden=\"true\" class=\"wp-block-spacer\"><\/div>\n","protected":false},"excerpt":{"rendered":"<p>Jorge Mario Bergoglio, le pape Fran\u00e7ois de 2013 \u00e0 2025, est d\u00e9c\u00e9d\u00e9 au Vatican le 21 avril 2025. En union avec toute l\u2019Eglise et avec le monde entier, nous prions [&hellip;]<\/p>\n","protected":false},"author":4,"featured_media":10215,"comment_status":"open","ping_status":"open","sticky":false,"template":"","format":"standard","meta":{"_et_pb_use_builder":"off","_et_pb_old_content":"","_et_gb_content_width":"","footnotes":""},"categories":[6,22],"tags":[],"class_list":["post-10214","post","type-post","status-publish","format-standard","has-post-thumbnail","hentry","category-actualite","category-pape-francois"],"_links":{"self":[{"href":"https:\/\/catholiques17.fr\/nieul\/wp-json\/wp\/v2\/posts\/10214","targetHints":{"allow":["GET"]}}],"collection":[{"href":"https:\/\/catholiques17.fr\/nieul\/wp-json\/wp\/v2\/posts"}],"about":[{"href":"https:\/\/catholiques17.fr\/nieul\/wp-json\/wp\/v2\/types\/post"}],"author":[{"embeddable":true,"href":"https:\/\/catholiques17.fr\/nieul\/wp-json\/wp\/v2\/users\/4"}],"replies":[{"embeddable":true,"href":"https:\/\/catholiques17.fr\/nieul\/wp-json\/wp\/v2\/comments?post=10214"}],"version-history":[{"count":3,"href":"https:\/\/catholiques17.fr\/nieul\/wp-json\/wp\/v2\/posts\/10214\/revisions"}],"predecessor-version":[{"id":10220,"href":"https:\/\/catholiques17.fr\/nieul\/wp-json\/wp\/v2\/posts\/10214\/revisions\/10220"}],"wp:featuredmedia":[{"embeddable":true,"href":"https:\/\/catholiques17.fr\/nieul\/wp-json\/wp\/v2\/media\/10215"}],"wp:attachment":[{"href":"https:\/\/catholiques17.fr\/nieul\/wp-json\/wp\/v2\/media?parent=10214"}],"wp:term":[{"taxonomy":"category","embeddable":true,"href":"https:\/\/catholiques17.fr\/nieul\/wp-json\/wp\/v2\/categories?post=10214"},{"taxonomy":"post_tag","embeddable":true,"href":"https:\/\/catholiques17.fr\/nieul\/wp-json\/wp\/v2\/tags?post=10214"}],"curies":[{"name":"wp","href":"https:\/\/api.w.org\/{rel}","templated":true}]}}