{"id":10187,"date":"2025-04-19T11:49:50","date_gmt":"2025-04-19T09:49:50","guid":{"rendered":"https:\/\/catholiques17.fr\/nieul\/?p=10187"},"modified":"2025-04-19T17:39:57","modified_gmt":"2025-04-19T15:39:57","slug":"meta-nais-et-rachel-ont-vecu-les-derniers-rites-preparatoires-ce-samedi-saint","status":"publish","type":"post","link":"https:\/\/catholiques17.fr\/nieul\/meta-nais-et-rachel-ont-vecu-les-derniers-rites-preparatoires-ce-samedi-saint\/","title":{"rendered":"M\u00e9ta, Na\u00efs et Rachel ont v\u00e9cu les derniers rites pr\u00e9paratoires ce samedi saint"},"content":{"rendered":"\n<div style=\"height:100px\" aria-hidden=\"true\" class=\"wp-block-spacer\"><\/div>\n\n\n\n<p>Dans quelques heures, au cours de la veill\u00e9e pascale \u00e0 20h30 \u00e0 Marsilly, M\u00e9ta, Na\u00efs et Rachel recevront les sacrements de l\u2019initiation chr\u00e9tienne : le bapt\u00eame, la confirmation et l\u2019eucharistie.<br>Le samedi saint, l\u2019\u00c9glise conseille de consacrer la journ\u00e9e \u00e0 la pri\u00e8re et au recueillement, dans une sorte de retraite spirituelle. Nos trois&nbsp; cat\u00e9chum\u00e8nes, les p\u00e8res Luca et Danijel et quelques accompagnateurs se sont r\u00e9unis pour un temps de pri\u00e8re pendant lequel les derniers rites pr\u00e9paratoires ont \u00e9t\u00e9 c\u00e9l\u00e9br\u00e9s.<\/p>\n\n\n\n<div style=\"height:49px\" aria-hidden=\"true\" class=\"wp-block-spacer\"><\/div>\n\n\n\n<h4 class=\"wp-block-heading\">Le rite de l\u2019<em>Effetah<\/em><\/h4>\n\n\n\n<p>Ce geste a \u00e9t\u00e9 accompli par J\u00e9sus lui-m\u00eame : il a gu\u00e9ri un sourd-b\u00e8gue (Mc <strong>7<\/strong>, 31-37). Par son symbolisme propre, il exprime la n\u00e9cessit\u00e9 de la gr\u00e2ce pour entendre la parole de Dieu et la proclamer pour le salut. Il signifie que l\u2019homme r\u00e9pond aux appels du Seigneur en s\u2019ouvrant \u00e0 lui de tout son \u00eatre. De son pouce, le pr\u00eatre touche les oreilles et les l\u00e8vres de chacun des cat\u00e9chum\u00e8nes en disant&nbsp;:<\/p>\n\n\n\n<p><em>\u00ab&nbsp;Effetah (c\u2019est-\u00e0-dire)&nbsp;: ouvre-toi, afin que tu proclames la foi que tu as entendue pour la louange et la gloire de Dieu&nbsp;\u00bb.&nbsp;<\/em><\/p>\n\n\n\n<div style=\"height:49px\" aria-hidden=\"true\" class=\"wp-block-spacer\"><\/div>\n\n\n\n<div class=\"wp-block-columns is-layout-flex wp-container-core-columns-is-layout-9d6595d7 wp-block-columns-is-layout-flex\">\n<div class=\"wp-block-column is-layout-flow wp-block-column-is-layout-flow\">\n<figure class=\"wp-block-image size-full\"><a href=\"https:\/\/catholiques17.fr\/nieul\/wp-content\/uploads\/sites\/29\/2025\/04\/P1020263_1.jpg\"><img loading=\"lazy\" decoding=\"async\" width=\"800\" height=\"600\" src=\"https:\/\/catholiques17.fr\/nieul\/wp-content\/uploads\/sites\/29\/2025\/04\/P1020263_1.jpg\" alt=\"\" class=\"wp-image-10170\" srcset=\"https:\/\/catholiques17.fr\/nieul\/wp-content\/uploads\/sites\/29\/2025\/04\/P1020263_1.jpg 800w, https:\/\/catholiques17.fr\/nieul\/wp-content\/uploads\/sites\/29\/2025\/04\/P1020263_1-480x360.jpg 480w\" sizes=\"(min-width: 0px) and (max-width: 480px) 480px, (min-width: 481px) 800px, 100vw\" \/><\/a><\/figure>\n<\/div>\n\n\n\n<div class=\"wp-block-column is-layout-flow wp-block-column-is-layout-flow\">\n<figure class=\"wp-block-image size-full\"><a href=\"https:\/\/catholiques17.fr\/nieul\/wp-content\/uploads\/sites\/29\/2025\/04\/P1020267_1.jpg\"><img loading=\"lazy\" decoding=\"async\" width=\"800\" height=\"600\" src=\"https:\/\/catholiques17.fr\/nieul\/wp-content\/uploads\/sites\/29\/2025\/04\/P1020267_1.jpg\" alt=\"\" class=\"wp-image-10172\" srcset=\"https:\/\/catholiques17.fr\/nieul\/wp-content\/uploads\/sites\/29\/2025\/04\/P1020267_1.jpg 800w, https:\/\/catholiques17.fr\/nieul\/wp-content\/uploads\/sites\/29\/2025\/04\/P1020267_1-480x360.jpg 480w\" sizes=\"(min-width: 0px) and (max-width: 480px) 480px, (min-width: 481px) 800px, 100vw\" \/><\/a><\/figure>\n<\/div>\n\n\n\n<div class=\"wp-block-column is-layout-flow wp-block-column-is-layout-flow\">\n<figure class=\"wp-block-image size-full\"><a href=\"https:\/\/catholiques17.fr\/nieul\/wp-content\/uploads\/sites\/29\/2025\/04\/P1020271_1.jpg\"><img loading=\"lazy\" decoding=\"async\" width=\"800\" height=\"600\" src=\"https:\/\/catholiques17.fr\/nieul\/wp-content\/uploads\/sites\/29\/2025\/04\/P1020271_1.jpg\" alt=\"\" class=\"wp-image-10173\" srcset=\"https:\/\/catholiques17.fr\/nieul\/wp-content\/uploads\/sites\/29\/2025\/04\/P1020271_1.jpg 800w, https:\/\/catholiques17.fr\/nieul\/wp-content\/uploads\/sites\/29\/2025\/04\/P1020271_1-480x360.jpg 480w\" sizes=\"(min-width: 0px) and (max-width: 480px) 480px, (min-width: 481px) 800px, 100vw\" \/><\/a><\/figure>\n<\/div>\n<\/div>\n\n\n\n<div style=\"height:49px\" aria-hidden=\"true\" class=\"wp-block-spacer\"><\/div>\n\n\n\n<h4 class=\"wp-block-heading\">L\u2019onction d\u2019huile des cat\u00e9chum\u00e8nes<\/h4>\n\n\n\n<p>Elle a pour but de fortifier le courage des futurs baptis\u00e9s, elle signifie \u00e0 ceux qui vont recevoir les sacrements de P\u00e2ques que la force du Christ agira dans leur faiblesse pour lutter contre le mal. Le c\u00e9l\u00e9brant fait l\u2019onction avec l\u2019huile des cat\u00e9chum\u00e8nes, consacr\u00e9e par l\u2019\u00e9v\u00eaque \u00e0 l\u2019occasion de la messe chrismale.<\/p>\n\n\n\n<div style=\"height:43px\" aria-hidden=\"true\" class=\"wp-block-spacer\"><\/div>\n\n\n\n<div class=\"wp-block-columns is-layout-flex wp-container-core-columns-is-layout-9d6595d7 wp-block-columns-is-layout-flex\">\n<div class=\"wp-block-column is-layout-flow wp-block-column-is-layout-flow\">\n<figure class=\"wp-block-image size-full\"><a href=\"https:\/\/catholiques17.fr\/nieul\/wp-content\/uploads\/sites\/29\/2025\/04\/P1020286_1.jpg\"><img loading=\"lazy\" decoding=\"async\" width=\"600\" height=\"800\" src=\"https:\/\/catholiques17.fr\/nieul\/wp-content\/uploads\/sites\/29\/2025\/04\/P1020286_1.jpg\" alt=\"\" class=\"wp-image-10179\" srcset=\"https:\/\/catholiques17.fr\/nieul\/wp-content\/uploads\/sites\/29\/2025\/04\/P1020286_1.jpg 600w, https:\/\/catholiques17.fr\/nieul\/wp-content\/uploads\/sites\/29\/2025\/04\/P1020286_1-480x640.jpg 480w\" sizes=\"(min-width: 0px) and (max-width: 480px) 480px, (min-width: 481px) 600px, 100vw\" \/><\/a><\/figure>\n<\/div>\n\n\n\n<div class=\"wp-block-column is-layout-flow wp-block-column-is-layout-flow\">\n<figure class=\"wp-block-image size-full\"><a href=\"https:\/\/catholiques17.fr\/nieul\/wp-content\/uploads\/sites\/29\/2025\/04\/P1020294_1.jpg\"><img loading=\"lazy\" decoding=\"async\" width=\"600\" height=\"800\" src=\"https:\/\/catholiques17.fr\/nieul\/wp-content\/uploads\/sites\/29\/2025\/04\/P1020294_1.jpg\" alt=\"\" class=\"wp-image-10181\" srcset=\"https:\/\/catholiques17.fr\/nieul\/wp-content\/uploads\/sites\/29\/2025\/04\/P1020294_1.jpg 600w, https:\/\/catholiques17.fr\/nieul\/wp-content\/uploads\/sites\/29\/2025\/04\/P1020294_1-480x640.jpg 480w\" sizes=\"(min-width: 0px) and (max-width: 480px) 480px, (min-width: 481px) 600px, 100vw\" \/><\/a><\/figure>\n<\/div>\n\n\n\n<div class=\"wp-block-column is-layout-flow wp-block-column-is-layout-flow\">\n<figure class=\"wp-block-image size-full\"><a href=\"https:\/\/catholiques17.fr\/nieul\/wp-content\/uploads\/sites\/29\/2025\/04\/P1020298_1.jpg\"><img loading=\"lazy\" decoding=\"async\" width=\"600\" height=\"800\" src=\"https:\/\/catholiques17.fr\/nieul\/wp-content\/uploads\/sites\/29\/2025\/04\/P1020298_1.jpg\" alt=\"\" class=\"wp-image-10182\" srcset=\"https:\/\/catholiques17.fr\/nieul\/wp-content\/uploads\/sites\/29\/2025\/04\/P1020298_1.jpg 600w, https:\/\/catholiques17.fr\/nieul\/wp-content\/uploads\/sites\/29\/2025\/04\/P1020298_1-480x640.jpg 480w\" sizes=\"(min-width: 0px) and (max-width: 480px) 480px, (min-width: 481px) 600px, 100vw\" \/><\/a><\/figure>\n<\/div>\n<\/div>\n\n\n\n<div class=\"wp-block-columns is-layout-flex wp-container-core-columns-is-layout-9d6595d7 wp-block-columns-is-layout-flex\">\n<div class=\"wp-block-column is-layout-flow wp-block-column-is-layout-flow\">\n<figure class=\"wp-block-image size-full\"><a href=\"https:\/\/catholiques17.fr\/nieul\/wp-content\/uploads\/sites\/29\/2025\/04\/P1020303_1.jpg\"><img loading=\"lazy\" decoding=\"async\" width=\"600\" height=\"800\" src=\"https:\/\/catholiques17.fr\/nieul\/wp-content\/uploads\/sites\/29\/2025\/04\/P1020303_1.jpg\" alt=\"\" class=\"wp-image-10184\" srcset=\"https:\/\/catholiques17.fr\/nieul\/wp-content\/uploads\/sites\/29\/2025\/04\/P1020303_1.jpg 600w, https:\/\/catholiques17.fr\/nieul\/wp-content\/uploads\/sites\/29\/2025\/04\/P1020303_1-480x640.jpg 480w\" sizes=\"(min-width: 0px) and (max-width: 480px) 480px, (min-width: 481px) 600px, 100vw\" \/><\/a><\/figure>\n<\/div>\n\n\n\n<div class=\"wp-block-column is-layout-flow wp-block-column-is-layout-flow\">\n<figure class=\"wp-block-image size-full\"><a href=\"https:\/\/catholiques17.fr\/nieul\/wp-content\/uploads\/sites\/29\/2025\/04\/P1020285_1.jpg\"><img loading=\"lazy\" decoding=\"async\" width=\"600\" height=\"800\" src=\"https:\/\/catholiques17.fr\/nieul\/wp-content\/uploads\/sites\/29\/2025\/04\/P1020285_1.jpg\" alt=\"\" class=\"wp-image-10178\" srcset=\"https:\/\/catholiques17.fr\/nieul\/wp-content\/uploads\/sites\/29\/2025\/04\/P1020285_1.jpg 600w, https:\/\/catholiques17.fr\/nieul\/wp-content\/uploads\/sites\/29\/2025\/04\/P1020285_1-480x640.jpg 480w\" sizes=\"(min-width: 0px) and (max-width: 480px) 480px, (min-width: 481px) 600px, 100vw\" \/><\/a><\/figure>\n<\/div>\n<\/div>\n\n\n\n<div style=\"height:43px\" aria-hidden=\"true\" class=\"wp-block-spacer\"><\/div>\n\n\n\n<div class=\"wp-block-buttons is-content-justification-center is-layout-flex wp-container-core-buttons-is-layout-16018d1d wp-block-buttons-is-layout-flex\">\n<div class=\"wp-block-button has-custom-font-size is-style-outline has-medium-font-size is-style-outline--1\"><a class=\"wp-block-button__link has-luminous-vivid-orange-color has-text-color has-link-color wp-element-button\" href=\"https:\/\/photos.app.goo.gl\/sCBok6aEeksKiYR99\" style=\"border-radius:47px\" target=\"_blank\" rel=\"noreferrer noopener\">Retrouvez l&rsquo;ensemble des photos dans l&rsquo;album d\u00e9di\u00e9<\/a><\/div>\n<\/div>\n","protected":false},"excerpt":{"rendered":"<p>Dans quelques heures, au cours de la veill\u00e9e pascale \u00e0 20h30 \u00e0 Marsilly, M\u00e9ta, Na\u00efs et Rachel recevront les sacrements de l\u2019initiation chr\u00e9tienne : le bapt\u00eame, la confirmation et l\u2019eucharistie.Le [&hellip;]<\/p>\n","protected":false},"author":4,"featured_media":10166,"comment_status":"open","ping_status":"open","sticky":false,"template":"","format":"standard","meta":{"_et_pb_use_builder":"off","_et_pb_old_content":"","_et_gb_content_width":"","footnotes":""},"categories":[6,32],"tags":[],"class_list":["post-10187","post","type-post","status-publish","format-standard","has-post-thumbnail","hentry","category-actualite","category-catechumenat"],"_links":{"self":[{"href":"https:\/\/catholiques17.fr\/nieul\/wp-json\/wp\/v2\/posts\/10187","targetHints":{"allow":["GET"]}}],"collection":[{"href":"https:\/\/catholiques17.fr\/nieul\/wp-json\/wp\/v2\/posts"}],"about":[{"href":"https:\/\/catholiques17.fr\/nieul\/wp-json\/wp\/v2\/types\/post"}],"author":[{"embeddable":true,"href":"https:\/\/catholiques17.fr\/nieul\/wp-json\/wp\/v2\/users\/4"}],"replies":[{"embeddable":true,"href":"https:\/\/catholiques17.fr\/nieul\/wp-json\/wp\/v2\/comments?post=10187"}],"version-history":[{"count":4,"href":"https:\/\/catholiques17.fr\/nieul\/wp-json\/wp\/v2\/posts\/10187\/revisions"}],"predecessor-version":[{"id":10203,"href":"https:\/\/catholiques17.fr\/nieul\/wp-json\/wp\/v2\/posts\/10187\/revisions\/10203"}],"wp:featuredmedia":[{"embeddable":true,"href":"https:\/\/catholiques17.fr\/nieul\/wp-json\/wp\/v2\/media\/10166"}],"wp:attachment":[{"href":"https:\/\/catholiques17.fr\/nieul\/wp-json\/wp\/v2\/media?parent=10187"}],"wp:term":[{"taxonomy":"category","embeddable":true,"href":"https:\/\/catholiques17.fr\/nieul\/wp-json\/wp\/v2\/categories?post=10187"},{"taxonomy":"post_tag","embeddable":true,"href":"https:\/\/catholiques17.fr\/nieul\/wp-json\/wp\/v2\/tags?post=10187"}],"curies":[{"name":"wp","href":"https:\/\/api.w.org\/{rel}","templated":true}]}}