{"id":7357,"date":"2026-04-20T11:03:37","date_gmt":"2026-04-20T09:03:37","guid":{"rendered":"https:\/\/catholiques17.fr\/montlieu\/?p=7357"},"modified":"2026-04-21T11:32:52","modified_gmt":"2026-04-21T09:32:52","slug":"infos-paroisse","status":"publish","type":"post","link":"https:\/\/catholiques17.fr\/montlieu\/2026\/04\/20\/infos-paroisse\/","title":{"rendered":"Infos paroisse"},"content":{"rendered":"\n<p class=\"has-black-color has-light-green-cyan-background-color has-text-color has-background has-link-color has-medium-font-size wp-elements-d8323d21217ca325429382d4269ee14c\"><strong>A la messe dominicale la paroisse accueillera une partie des Hospitaliers de Lourdes dudioc\u00e8se<br>\u00e9glise de Montlieu le dimanche 26 avril 10h30<\/strong><em><br><\/em>un ap\u00e9ritif sera offert \u00e0 la sortie de la messe<\/p>\n\n\n\n<p class=\"has-black-color has-luminous-vivid-amber-background-color has-text-color has-background has-link-color has-medium-font-size wp-elements-3a5d76549d88c6014305ca77ee1c9b5f\"><strong>Rendez-vous avec l&rsquo;Esprit Saint<br>Moment de louange et de pri\u00e8re<br>\u00e9glise St Pierre de Montandre : dimanche 3 mai \u00e0 15h30<\/strong><\/p>\n","protected":false},"excerpt":{"rendered":"<p>A la messe dominicale la paroisse accueillera une partie des Hospitaliers de Lourdes dudioc\u00e8se\u00e9glise de Montlieu le dimanche 26 avril 10h30un ap\u00e9ritif sera offert \u00e0 la sortie de la messe [&hellip;]<\/p>\n","protected":false},"author":31,"featured_media":0,"comment_status":"open","ping_status":"open","sticky":false,"template":"","format":"standard","meta":{"_et_pb_use_builder":"off","_et_pb_old_content":"","_et_gb_content_width":"","footnotes":""},"categories":[6,42,48],"tags":[],"class_list":["post-7357","post","type-post","status-publish","format-standard","hentry","category-actualite","category-paroisse-ste-therese","category-prier"],"_links":{"self":[{"href":"https:\/\/catholiques17.fr\/montlieu\/wp-json\/wp\/v2\/posts\/7357","targetHints":{"allow":["GET"]}}],"collection":[{"href":"https:\/\/catholiques17.fr\/montlieu\/wp-json\/wp\/v2\/posts"}],"about":[{"href":"https:\/\/catholiques17.fr\/montlieu\/wp-json\/wp\/v2\/types\/post"}],"author":[{"embeddable":true,"href":"https:\/\/catholiques17.fr\/montlieu\/wp-json\/wp\/v2\/users\/31"}],"replies":[{"embeddable":true,"href":"https:\/\/catholiques17.fr\/montlieu\/wp-json\/wp\/v2\/comments?post=7357"}],"version-history":[{"count":5,"href":"https:\/\/catholiques17.fr\/montlieu\/wp-json\/wp\/v2\/posts\/7357\/revisions"}],"predecessor-version":[{"id":7366,"href":"https:\/\/catholiques17.fr\/montlieu\/wp-json\/wp\/v2\/posts\/7357\/revisions\/7366"}],"wp:attachment":[{"href":"https:\/\/catholiques17.fr\/montlieu\/wp-json\/wp\/v2\/media?parent=7357"}],"wp:term":[{"taxonomy":"category","embeddable":true,"href":"https:\/\/catholiques17.fr\/montlieu\/wp-json\/wp\/v2\/categories?post=7357"},{"taxonomy":"post_tag","embeddable":true,"href":"https:\/\/catholiques17.fr\/montlieu\/wp-json\/wp\/v2\/tags?post=7357"}],"curies":[{"name":"wp","href":"https:\/\/api.w.org\/{rel}","templated":true}]}}