{"id":7263,"date":"2026-02-18T12:58:52","date_gmt":"2026-02-18T11:58:52","guid":{"rendered":"https:\/\/catholiques17.fr\/montlieu\/?p=7263"},"modified":"2026-02-18T12:58:53","modified_gmt":"2026-02-18T11:58:53","slug":"lectures-pour-le-mercredi-des-cendres","status":"publish","type":"post","link":"https:\/\/catholiques17.fr\/montlieu\/2026\/02\/18\/lectures-pour-le-mercredi-des-cendres\/","title":{"rendered":"Lectures pour le mercredi des Cendres"},"content":{"rendered":"\n<p class=\"has-medium-font-size\">Pri\u00e8re<\/p>\n\n\n\n<p class=\"has-medium-font-size\">Seigneur J\u00e9sus,<br>Tu es n\u00e9 dans la pauvret\u00e9, fais-toi proche aujourd\u2019hui de tous ceux qui vivent dans la rue, soutiens-les dans les moments difficiles, donne leur l\u2019esp\u00e9rance que Tu es toujours avec eux.<br>Tu as rencontr\u00e9 tout au long de ta vie ceux qui \u00e9taient rejet\u00e9s, soutiens aujourd\u2019hui les femmes et les hommes qui leur portent assistance et qui \u0153uvrent pour am\u00e9liorer leurs conditions de vie.<br>Tu es venu en aide \u00e0 ceux qui souffraient, donne \u00e0 tous les chr\u00e9tiens d\u2019aujourd\u2019hui de s\u2019engager concr\u00e8tement au service des plus pauvres et de voir en eux des fr\u00e8res, des s\u0153urs.<br>Fais de nous des bons samaritains pour notre temps, s\u2019engageant sans compter pour un monde plus juste.<br>Amen.<\/p>\n\n\n\n<p class=\"has-medium-font-size\">Il est n\u00e9cessaire que tous nous nous laissions \u00e9vang\u00e9liser<\/p>\n\n\n\n<p class=\"has-medium-font-size\">Dans cette perspective, il appara\u00eet clairement qu\u2019&nbsp;\u00ab&nbsp;il est n\u00e9cessaire que tous nous nous laissions \u00e9vang\u00e9liser \u00bb par les pauvres, et que nous reconnaissions tous \u00ab la myst\u00e9rieuse sagesse que Dieu veut nous communiquer \u00e0 travers eux \u00bb. Ayant grandi dans une extr\u00eame pr\u00e9carit\u00e9, apprenant \u00e0 survivre dans les conditions les plus d\u00e9favorables, faisant confiance \u00e0 Dieu avec la certitude que personne d\u2019autre ne les prend au s\u00e9rieux, s\u2019aidant mutuellement dans les moments les plus sombres, les pauvres ont appris beaucoup de choses qu\u2019ils gardent dans le myst\u00e8re de leur c\u0153ur. Ceux d\u2019entre nous qui n\u2019ont pas connu les exp\u00e9riences similaires d\u2019une vie v\u00e9cue \u00e0 la limite ont certainement beaucoup \u00e0 recevoir de cette source de sagesse qu\u2019est l\u2019exp\u00e9rience des pauvres. Ce n\u2019est qu\u2019en mettant en relation nos plaintes avec leurs souffrances et leurs privations que nous pouvons recevoir une r\u00e9primande qui nous invite \u00e0 simplifier notre vie.<\/p>\n\n\n\n<p class=\"has-medium-font-size\">L\u00e9on XIV, \u00a7102<\/p>\n","protected":false},"excerpt":{"rendered":"<p>Pri\u00e8re Seigneur J\u00e9sus,Tu es n\u00e9 dans la pauvret\u00e9, fais-toi proche aujourd\u2019hui de tous ceux qui vivent dans la rue, soutiens-les dans les moments difficiles, donne leur l\u2019esp\u00e9rance que Tu es [&hellip;]<\/p>\n","protected":false},"author":31,"featured_media":0,"comment_status":"open","ping_status":"open","sticky":false,"template":"","format":"standard","meta":{"_et_pb_use_builder":"off","_et_pb_old_content":"","_et_gb_content_width":"","footnotes":""},"categories":[57,42,48],"tags":[],"class_list":["post-7263","post","type-post","status-publish","format-standard","hentry","category-careme","category-paroisse-ste-therese","category-prier"],"_links":{"self":[{"href":"https:\/\/catholiques17.fr\/montlieu\/wp-json\/wp\/v2\/posts\/7263","targetHints":{"allow":["GET"]}}],"collection":[{"href":"https:\/\/catholiques17.fr\/montlieu\/wp-json\/wp\/v2\/posts"}],"about":[{"href":"https:\/\/catholiques17.fr\/montlieu\/wp-json\/wp\/v2\/types\/post"}],"author":[{"embeddable":true,"href":"https:\/\/catholiques17.fr\/montlieu\/wp-json\/wp\/v2\/users\/31"}],"replies":[{"embeddable":true,"href":"https:\/\/catholiques17.fr\/montlieu\/wp-json\/wp\/v2\/comments?post=7263"}],"version-history":[{"count":1,"href":"https:\/\/catholiques17.fr\/montlieu\/wp-json\/wp\/v2\/posts\/7263\/revisions"}],"predecessor-version":[{"id":7264,"href":"https:\/\/catholiques17.fr\/montlieu\/wp-json\/wp\/v2\/posts\/7263\/revisions\/7264"}],"wp:attachment":[{"href":"https:\/\/catholiques17.fr\/montlieu\/wp-json\/wp\/v2\/media?parent=7263"}],"wp:term":[{"taxonomy":"category","embeddable":true,"href":"https:\/\/catholiques17.fr\/montlieu\/wp-json\/wp\/v2\/categories?post=7263"},{"taxonomy":"post_tag","embeddable":true,"href":"https:\/\/catholiques17.fr\/montlieu\/wp-json\/wp\/v2\/tags?post=7263"}],"curies":[{"name":"wp","href":"https:\/\/api.w.org\/{rel}","templated":true}]}}