{"id":6543,"date":"2024-02-20T16:37:14","date_gmt":"2024-02-20T15:37:14","guid":{"rendered":"https:\/\/catholiques17.fr\/montlieu\/?p=6543"},"modified":"2024-03-19T13:48:58","modified_gmt":"2024-03-19T12:48:58","slug":"conferences-du-pere-remi","status":"publish","type":"post","link":"https:\/\/catholiques17.fr\/montlieu\/2024\/02\/20\/conferences-du-pere-remi\/","title":{"rendered":"Car\u00eame 2024. Th\u00e8me : la Charit\u00e9"},"content":{"rendered":"\n<p><strong>Chaque dimanche, <strong>avant la messe dominicale <\/strong>le P\u00e8re R\u00e9mi fait une conf\u00e9rence pour nous aider dans notre Car\u00eame.<\/strong><\/p>\n\n\n\n<p><\/p>\n\n\n\n<ul class=\"wp-block-list\">\n<li style=\"font-size:14px\">1er dimanche de Car\u00eame 18 f\u00e9vrier 2024 : Qu&rsquo;est-ce que la Charit\u00e9 ? <strong>\u00c9couter la conf\u00e9rence : <a href=\"https:\/\/drive.google.com\/file\/d\/14EFTIBmxKf_OS-KG7HK38BwEZb1aR-I5\/view?usp=sharing\" target=\"_blank\" rel=\"noreferrer noopener\">ici<\/a><\/strong><\/li>\n\n\n\n<li>2\u00e8me dimanche de Car\u00eame 25 f\u00e9vrier 2024 : La Charit\u00e9 et Ste Th\u00e9r\u00e8se. <strong>\u00c9couter la conf\u00e9rence :<\/strong><a href=\"https:\/\/drive.google.com\/file\/d\/1mSdUxtp-ucAgv9KzbqtyfeWOv2EfwKgE\/view?usp=drive_link\" data-type=\"link\" data-id=\"https:\/\/drive.google.com\/file\/d\/1mSdUxtp-ucAgv9KzbqtyfeWOv2EfwKgE\/view?usp=drive_link\" target=\"_blank\" rel=\"noreferrer noopener\"> <strong>ici<\/strong><\/a><\/li>\n\n\n\n<li>3\u00e8me dimanche de Car\u00eame 3 mars 2024 : Charit\u00e9, Pr\u00e9sence de Dieu. <strong>\u00c9couter la conf\u00e9rence :<\/strong><a href=\"https:\/\/drive.google.com\/file\/d\/1-0lDZZum5_ebPbZObL6-21K2DZ81Nt3t\/view?usp=sharing\" data-type=\"link\" data-id=\"https:\/\/drive.google.com\/file\/d\/1-0lDZZum5_ebPbZObL6-21K2DZ81Nt3t\/view?usp=sharing\" target=\"_blank\" rel=\"noreferrer noopener\"> <strong>ici<\/strong><\/a><\/li>\n\n\n\n<li>4\u00e8me dimanche de Car\u00eame  10 mars 2024 : Les exemples de Charit\u00e9. <strong>\u00c9couter la conf\u00e9rence :<\/strong><a href=\"https:\/\/drive.google.com\/file\/d\/1e1rT3GSvaoB77q1-BypToLzPRrb9j7Yw\/view?usp=drive_link\" data-type=\"link\" data-id=\"https:\/\/drive.google.com\/file\/d\/1e1rT3GSvaoB77q1-BypToLzPRrb9j7Yw\/view?usp=drive_link\" target=\"_blank\" rel=\"noreferrer noopener\"> <strong>ici<\/strong><\/a><\/li>\n\n\n\n<li>5\u00e8me dimanche de Car\u00eame 17 mars 2024 : La croissance de la Charit\u00e9. <strong>\u00c9couter la conf\u00e9rence :<\/strong><a href=\"https:\/\/drive.google.com\/file\/d\/1GVT5pIbFpYQ6dVTpImStcQNqDK7IsPjm\/view?usp=sharing\" data-type=\"link\" data-id=\"https:\/\/drive.google.com\/file\/d\/1GVT5pIbFpYQ6dVTpImStcQNqDK7IsPjm\/view?usp=sharing\" target=\"_blank\" rel=\"noreferrer noopener\"> <strong>ici<\/strong><\/a><\/li>\n<\/ul>\n","protected":false},"excerpt":{"rendered":"<p>Chaque dimanche, avant la messe dominicale le P\u00e8re R\u00e9mi fait une conf\u00e9rence pour nous aider dans notre Car\u00eame.<\/p>\n","protected":false},"author":31,"featured_media":6556,"comment_status":"open","ping_status":"open","sticky":false,"template":"","format":"standard","meta":{"_et_pb_use_builder":"off","_et_pb_old_content":"","_et_gb_content_width":"","footnotes":""},"categories":[6,57,40,42,48,47],"tags":[],"class_list":["post-6543","post","type-post","status-publish","format-standard","has-post-thumbnail","hentry","category-actualite","category-careme","category-famille","category-paroisse-ste-therese","category-prier","category-reflexion"],"_links":{"self":[{"href":"https:\/\/catholiques17.fr\/montlieu\/wp-json\/wp\/v2\/posts\/6543","targetHints":{"allow":["GET"]}}],"collection":[{"href":"https:\/\/catholiques17.fr\/montlieu\/wp-json\/wp\/v2\/posts"}],"about":[{"href":"https:\/\/catholiques17.fr\/montlieu\/wp-json\/wp\/v2\/types\/post"}],"author":[{"embeddable":true,"href":"https:\/\/catholiques17.fr\/montlieu\/wp-json\/wp\/v2\/users\/31"}],"replies":[{"embeddable":true,"href":"https:\/\/catholiques17.fr\/montlieu\/wp-json\/wp\/v2\/comments?post=6543"}],"version-history":[{"count":14,"href":"https:\/\/catholiques17.fr\/montlieu\/wp-json\/wp\/v2\/posts\/6543\/revisions"}],"predecessor-version":[{"id":6588,"href":"https:\/\/catholiques17.fr\/montlieu\/wp-json\/wp\/v2\/posts\/6543\/revisions\/6588"}],"wp:featuredmedia":[{"embeddable":true,"href":"https:\/\/catholiques17.fr\/montlieu\/wp-json\/wp\/v2\/media\/6556"}],"wp:attachment":[{"href":"https:\/\/catholiques17.fr\/montlieu\/wp-json\/wp\/v2\/media?parent=6543"}],"wp:term":[{"taxonomy":"category","embeddable":true,"href":"https:\/\/catholiques17.fr\/montlieu\/wp-json\/wp\/v2\/categories?post=6543"},{"taxonomy":"post_tag","embeddable":true,"href":"https:\/\/catholiques17.fr\/montlieu\/wp-json\/wp\/v2\/tags?post=6543"}],"curies":[{"name":"wp","href":"https:\/\/api.w.org\/{rel}","templated":true}]}}