{"id":4946,"date":"2021-04-25T11:49:22","date_gmt":"2021-04-25T09:49:22","guid":{"rendered":"https:\/\/catholiques17.fr\/montlieu\/?p=4946"},"modified":"2021-04-25T12:40:06","modified_gmt":"2021-04-25T10:40:06","slug":"4946","status":"publish","type":"post","link":"https:\/\/catholiques17.fr\/montlieu\/2021\/04\/25\/4946\/","title":{"rendered":"\u00ab Moi, je suis le bon pasteur ; je connais mes brebis et mes brebis me connaissent \u00bb(Jean 10, 11-18)"},"content":{"rendered":"\n<p>Chaque ann\u00e9e, au quatri\u00e8me dimanche de P\u00e2ques, l\u2019Eglise nous interpelle sur nos diff\u00e9rentes vocations, de la\u00efcs, de baptis\u00e9s, de pr\u00eatres, au sein de l\u2019Eglise et au c\u0153ur du monde d\u2019aujourd\u2019hui\u2026C\u2019est notre bapt\u00eame qui nous d\u00e9signe comme \u00ab&nbsp;pasteur-e&nbsp;\u00bb&nbsp;; oui, \u00e0 notre bapt\u00eame, nous avons tous et toutes \u00e9t\u00e9 invit\u00e9-es \u00e0 r\u00e9pondre \u00e0 cet appel du Christ&nbsp;: \u00ab&nbsp;Ne voudrais-tu pas, toi aussi, comme je l\u2019ai fait, \u00eatre l\u2019ap\u00f4tre de l\u2019Amour du P\u00e8re aupr\u00e8s de tes fr\u00e8res et s\u0153urs en humanit\u00e9\u2026pour les conduire sur des chemins de paix?&nbsp;\u00bb Pour mieux nous faire comprendre aussi ce que le Christ attend de nous, l\u2019Eglise nous donne ce tr\u00e8s beau texte de Jean qui nous parle du pasteur et de ses brebis. Le pasteur, c\u2019est un \u00eatre humain, une brebis, c\u2019est un animal&nbsp;: ils ne sont pas de la m\u00eame chair comme le sont Adam et Eve, et pourtant, J\u00e9sus nous dit qu\u2019il y a entre eux une relation extr\u00eamement profonde&nbsp;: une relation qui nous fait penser \u00e0 l\u2019amour&nbsp;: entre le pasteur et les brebis, il y a une profonde communion&nbsp;; aussi, nous percevons bien, chez le pasteur, le d\u00e9sir de n\u2019oublier aucune brebis, de ne perdre personne, de n\u2019exclure personne de l\u2019amour du P\u00e8re, quelles que soient les conditions de vie de chacun-e pour les conduire les unes apr\u00e8s les autres vers le bonheur\u2026.Nous savons par exp\u00e9rience que c\u2019est l\u00e0 une mission surhumaine, et qu\u2019il nous faut beaucoup de forces int\u00e9rieures pour vivre cette mission, qu\u2019il nous faut avoir le sens de l\u2019autre, et avoir le sens de Dieu, notre P\u00e8re \u00e0 tous. C\u2019est ensemble, en communion les uns avec les autres que nous pourrons vivre cette mission extr\u00eamement complexe aupr\u00e8s de nos fr\u00e8res et s\u0153urs en humanit\u00e9&nbsp;: c\u2019est en Eglise que chacun, chacune de nous, unis par les liens de notre bapt\u00eame, que nous deviendrons, au nom du Christ lui-m\u00eame, les bergers de nos fr\u00e8res et s\u0153urs en recherche de paix.<\/p>\n\n\n\n<p>Le pasteur et les brebis ont chacun et chacune besoin l\u2019un de l\u2019autre&nbsp;: un pasteur ne peut pas exister sans ses brebis&nbsp;: un simple regard suffit pour \u00eatre rassur\u00e9, une simple petite attention \u00e0 l\u2019autre redonne confiance\u2026 Chacun est habitu\u00e9 aux mani\u00e8res de faire de l\u2019autre, parce que l\u2019on a appris \u00e0 s\u2019\u00e9couter, \u00e0 se comprendre par le v\u00e9cu de chaque jour\u2026Personne ne veut \u00e9craser l\u2019autre, ou vivre sans lui, sans elle. Entre le Pasteur et la Brebis, r\u00e8gne une v\u00e9ritable <strong>confiance mutuelle&nbsp;:<\/strong> moi, en tant que brebis je peux compter sur mon berger et inversement\u2026 je suis accueilli-e tel-le que je suis, sans jamais qu\u2019on me force la main, parce que chacun a pris le temps d\u2019\u00e9couter l\u2019autre\u2026 Avec toi, je me sens prot\u00e9g\u00e9-e\u2026rassur\u00e9-e\u2026&nbsp;; je me sens en s\u00e9curit\u00e9, aim\u00e9-e, m\u00eame si tu es diff\u00e9rent de moi en tout point\u2026.<\/p>\n\n\n\n<p>La Brebis qui met sa confiance dans son Pasteur a besoin de sentir que tout ce que fait le pasteur, c&rsquo;est <strong>par amour<\/strong> pour elle qu\u2019il le fait et non pas par simple devoir, ou par int\u00e9r\u00eat, ou encore par conformit\u00e9 \u00e0 une tradition. Faire confiance c\u2019est <strong>croire en l\u2019autre, c\u2019est l\u2019esp\u00e9rer<\/strong>\u2026 c\u2019est le croire capable de faire un pas, de se mettre en route et de se d\u00e9passer. Pour un pasteur, c\u2019est croire que les brebis, \u00e0 leur place, ont aussi leur mot \u00e0 dire\u2026Pour une brebis, c\u2019est croire que son pasteur est l\u00e0 pour elle et qu\u2019il sait \u00e9couter. Cette confiance lib\u00e8re des peurs et des violences\u2026 et elle permet d\u2019accueillir l\u2019autre comme un fr\u00e8re ou une s\u0153ur qui ont leur propre place dans la cr\u00e9ation, qui ont leur histoire propre et leurs d\u00e9sirs. Chacun, chacune esp\u00e8re l\u2019autre\u2026et veut son bonheur\u2026. Conduire l\u2019autre sur de frais p\u00e2turages&nbsp;!<\/p>\n\n\n\n<p>Dans notre vie quotidienne, nous les baptis\u00e9s, nous sommes \u00e0 la fois berger et brebis&nbsp;: nos deux \u00e9tats de vie et nos deux missions s\u2019entrem\u00ealent. Deux missions qui se d\u00e9ploient par l\u2019\u00e9coute, le respect de nos diff\u00e9rences, l\u2019accueil de l\u2019autre en tant que fr\u00e8re et s\u0153ur dont je suis profond\u00e9ment solidaire.<\/p>\n\n\n\n<p>Aidons-nous les uns les autres \u00e0 vivre notre vocation de baptis\u00e9s, c&rsquo;est-\u00e0-dire notre vocation de brebis, notre vocation de&nbsp;pasteurs-es\u2026 en Eglise, mais aussi au c\u0153ur d\u2019un monde tr\u00e8s complexe et pourtant plein d\u2019esp\u00e9rance !&nbsp;&nbsp;&nbsp;&nbsp;&nbsp;&nbsp;&nbsp;&nbsp;&nbsp;&nbsp;&nbsp;&nbsp;&nbsp;&nbsp;&nbsp;&nbsp;&nbsp;&nbsp;&nbsp;&nbsp;&nbsp;&nbsp;&nbsp;&nbsp;&nbsp;&nbsp;&nbsp;&nbsp;&nbsp;&nbsp;&nbsp;&nbsp;&nbsp;&nbsp;&nbsp;&nbsp;&nbsp;&nbsp;&nbsp;&nbsp;&nbsp;&nbsp;&nbsp;&nbsp;&nbsp;&nbsp;&nbsp;&nbsp;&nbsp;&nbsp;&nbsp;&nbsp;&nbsp;&nbsp;&nbsp;&nbsp;&nbsp;&nbsp;&nbsp;&nbsp;&nbsp;&nbsp;&nbsp;&nbsp;&nbsp;&nbsp;&nbsp;&nbsp;&nbsp;&nbsp;&nbsp;&nbsp;&nbsp;&nbsp;&nbsp;&nbsp;&nbsp;&nbsp;&nbsp;&nbsp;&nbsp;&nbsp;&nbsp;&nbsp;&nbsp;&nbsp;&nbsp;&nbsp;&nbsp;&nbsp;&nbsp;&nbsp;&nbsp;&nbsp;&nbsp;<\/p>\n\n\n\n<p>Louis Morandeau<\/p>\n","protected":false},"excerpt":{"rendered":"<p>Chaque ann\u00e9e, au quatri\u00e8me dimanche de P\u00e2ques, l\u2019Eglise nous interpelle sur nos diff\u00e9rentes vocations, de la\u00efcs, de baptis\u00e9s, de pr\u00eatres, au sein de l\u2019Eglise et au c\u0153ur du monde d\u2019aujourd\u2019hui\u2026C\u2019est [&hellip;]<\/p>\n","protected":false},"author":31,"featured_media":0,"comment_status":"open","ping_status":"open","sticky":false,"template":"","format":"standard","meta":{"_et_pb_use_builder":"off","_et_pb_old_content":"<!-- wp:paragraph -->\n<p>Chaque ann\u00e9e, au quatri\u00e8me dimanche de P\u00e2ques, l\u2019Eglise nous interpelle sur nos diff\u00e9rentes vocations, de la\u00efcs, de baptis\u00e9s, de pr\u00eatres, au sein de l\u2019Eglise et au c\u0153ur du monde d\u2019aujourd\u2019hui\u2026C\u2019est notre bapt\u00eame qui nous d\u00e9signe comme \u00ab&nbsp;pasteur-e&nbsp;\u00bb&nbsp;; oui, \u00e0 notre bapt\u00eame, nous avons tous et toutes \u00e9t\u00e9 invit\u00e9-es \u00e0 r\u00e9pondre \u00e0 cet appel du Christ&nbsp;: \u00ab&nbsp;Ne voudrais-tu pas, toi aussi, comme je l\u2019ai fait, \u00eatre l\u2019ap\u00f4tre de l\u2019Amour du P\u00e8re aupr\u00e8s de tes fr\u00e8res et s\u0153urs en humanit\u00e9\u2026pour les conduire sur des chemins de paix?&nbsp;\u00bb Pour mieux nous faire comprendre aussi ce que le Christ attend de nous, l\u2019Eglise nous donne ce tr\u00e8s beau texte de Jean qui nous parle du pasteur et de ses brebis. Le pasteur, c\u2019est un \u00eatre humain, une brebis, c\u2019est un animal&nbsp;: ils ne sont pas de la m\u00eame chair comme le sont Adam et Eve, et pourtant, J\u00e9sus nous dit qu\u2019il y a entre eux une relation extr\u00eamement profonde&nbsp;: une relation qui nous fait penser \u00e0 l\u2019amour&nbsp;: entre le pasteur et les brebis, il y a une profonde communion&nbsp;; aussi, nous percevons bien, chez le pasteur, le d\u00e9sir de n\u2019oublier aucune brebis, de ne perdre personne, de n\u2019exclure personne de l\u2019amour du P\u00e8re, quelles que soient les conditions de vie de chacun-e pour les conduire les unes apr\u00e8s les autres vers le bonheur\u2026.Nous savons par exp\u00e9rience que c\u2019est l\u00e0 une mission surhumaine, et qu\u2019il nous faut beaucoup de forces int\u00e9rieures pour vivre cette mission, qu\u2019il nous faut avoir le sens de l\u2019autre, et avoir le sens de Dieu, notre P\u00e8re \u00e0 tous. C\u2019est ensemble, en communion les uns avec les autres que nous pourrons vivre cette mission extr\u00eamement complexe aupr\u00e8s de nos fr\u00e8res et s\u0153urs en humanit\u00e9&nbsp;: c\u2019est en Eglise que chacun, chacune de nous, unis par les liens de notre bapt\u00eame, que nous deviendrons, au nom du Christ lui-m\u00eame, les bergers de nos fr\u00e8res et s\u0153urs en recherche de paix.<\/p>\n<!-- \/wp:paragraph -->\n\n<!-- wp:paragraph -->\n<p>Le pasteur et les brebis ont chacun et chacune besoin l\u2019un de l\u2019autre&nbsp;: un pasteur ne peut pas exister sans ses brebis&nbsp;: un simple regard suffit pour \u00eatre rassur\u00e9, une simple petite attention \u00e0 l\u2019autre redonne confiance\u2026 Chacun est habitu\u00e9 aux mani\u00e8res de faire de l\u2019autre, parce que l\u2019on a appris \u00e0 s\u2019\u00e9couter, \u00e0 se comprendre par le v\u00e9cu de chaque jour\u2026Personne ne veut \u00e9craser l\u2019autre, ou vivre sans lui, sans elle. Entre le Pasteur et la Brebis, r\u00e8gne une v\u00e9ritable <strong>confiance mutuelle&nbsp;:<\/strong> moi, en tant que brebis je peux compter sur mon berger et inversement\u2026 je suis accueilli-e tel-le que je suis, sans jamais qu\u2019on me force la main, parce que chacun a pris le temps d\u2019\u00e9couter l\u2019autre\u2026 Avec toi, je me sens prot\u00e9g\u00e9-e\u2026rassur\u00e9-e\u2026&nbsp;; je me sens en s\u00e9curit\u00e9, aim\u00e9-e, m\u00eame si tu es diff\u00e9rent de moi en tout point\u2026.<\/p>\n<!-- \/wp:paragraph -->\n\n<!-- wp:paragraph -->\n<p>La Brebis qui met sa confiance dans son Pasteur a besoin de sentir que tout ce que fait le pasteur, c'est <strong>par amour<\/strong> pour elle qu\u2019il le fait et non pas par simple devoir, ou par int\u00e9r\u00eat, ou encore par conformit\u00e9 \u00e0 une tradition. Faire confiance c\u2019est <strong>croire en l\u2019autre, c\u2019est l\u2019esp\u00e9rer<\/strong>\u2026 c\u2019est le croire capable de faire un pas, de se mettre en route et de se d\u00e9passer. Pour un pasteur, c\u2019est croire que les brebis, \u00e0 leur place, ont aussi leur mot \u00e0 dire\u2026Pour une brebis, c\u2019est croire que son pasteur est l\u00e0 pour elle et qu\u2019il sait \u00e9couter. Cette confiance lib\u00e8re des peurs et des violences\u2026 et elle permet d\u2019accueillir l\u2019autre comme un fr\u00e8re ou une s\u0153ur qui ont leur propre place dans la cr\u00e9ation, qui ont leur histoire propre et leurs d\u00e9sirs. Chacun, chacune esp\u00e8re l\u2019autre\u2026et veut son bonheur\u2026. Conduire l\u2019autre sur de frais p\u00e2turages&nbsp;!<\/p>\n<!-- \/wp:paragraph -->\n\n<!-- wp:paragraph -->\n<p>Dans notre vie quotidienne, nous les baptis\u00e9s, nous sommes \u00e0 la fois berger et brebis&nbsp;: nos deux \u00e9tats de vie et nos deux missions s\u2019entrem\u00ealent. Deux missions qui se d\u00e9ploient par l\u2019\u00e9coute, le respect de nos diff\u00e9rences, l\u2019accueil de l\u2019autre en tant que fr\u00e8re et s\u0153ur dont je suis profond\u00e9ment solidaire.<\/p>\n<!-- \/wp:paragraph -->\n\n<!-- wp:paragraph -->\n<p>Aidons-nous les uns les autres \u00e0 vivre notre vocation de baptis\u00e9s, c'est-\u00e0-dire notre vocation de brebis, notre vocation de&nbsp;pasteurs-es\u2026 en Eglise, mais aussi au c\u0153ur d\u2019un monde tr\u00e8s complexe et pourtant plein d\u2019esp\u00e9rance !&nbsp;&nbsp;&nbsp;&nbsp;&nbsp;&nbsp;&nbsp;&nbsp;&nbsp;&nbsp;&nbsp;&nbsp;&nbsp;&nbsp;&nbsp;&nbsp;&nbsp;&nbsp;&nbsp;&nbsp;&nbsp;&nbsp;&nbsp;&nbsp;&nbsp;&nbsp;&nbsp;&nbsp;&nbsp;&nbsp;&nbsp;&nbsp;&nbsp;&nbsp;&nbsp;&nbsp;&nbsp;&nbsp;&nbsp;&nbsp;&nbsp;&nbsp;&nbsp;&nbsp;&nbsp;&nbsp;&nbsp;&nbsp;&nbsp;&nbsp;&nbsp;&nbsp;&nbsp;&nbsp;&nbsp;&nbsp;&nbsp;&nbsp;&nbsp;&nbsp;&nbsp;&nbsp;&nbsp;&nbsp;&nbsp;&nbsp;&nbsp;&nbsp;&nbsp;&nbsp;&nbsp;&nbsp;&nbsp;&nbsp;&nbsp;&nbsp;&nbsp;&nbsp;&nbsp;&nbsp;&nbsp;&nbsp;&nbsp;&nbsp;&nbsp;&nbsp;&nbsp;&nbsp;&nbsp;&nbsp;&nbsp;&nbsp;&nbsp;&nbsp;&nbsp;<\/p>\n<!-- \/wp:paragraph -->\n\n<!-- wp:paragraph -->\n<p>Louis Morandeau<\/p>\n<!-- \/wp:paragraph -->","_et_gb_content_width":"","footnotes":""},"categories":[6,15],"tags":[],"class_list":["post-4946","post","type-post","status-publish","format-standard","hentry","category-actualite","category-homelie"],"_links":{"self":[{"href":"https:\/\/catholiques17.fr\/montlieu\/wp-json\/wp\/v2\/posts\/4946","targetHints":{"allow":["GET"]}}],"collection":[{"href":"https:\/\/catholiques17.fr\/montlieu\/wp-json\/wp\/v2\/posts"}],"about":[{"href":"https:\/\/catholiques17.fr\/montlieu\/wp-json\/wp\/v2\/types\/post"}],"author":[{"embeddable":true,"href":"https:\/\/catholiques17.fr\/montlieu\/wp-json\/wp\/v2\/users\/31"}],"replies":[{"embeddable":true,"href":"https:\/\/catholiques17.fr\/montlieu\/wp-json\/wp\/v2\/comments?post=4946"}],"version-history":[{"count":5,"href":"https:\/\/catholiques17.fr\/montlieu\/wp-json\/wp\/v2\/posts\/4946\/revisions"}],"predecessor-version":[{"id":4955,"href":"https:\/\/catholiques17.fr\/montlieu\/wp-json\/wp\/v2\/posts\/4946\/revisions\/4955"}],"wp:attachment":[{"href":"https:\/\/catholiques17.fr\/montlieu\/wp-json\/wp\/v2\/media?parent=4946"}],"wp:term":[{"taxonomy":"category","embeddable":true,"href":"https:\/\/catholiques17.fr\/montlieu\/wp-json\/wp\/v2\/categories?post=4946"},{"taxonomy":"post_tag","embeddable":true,"href":"https:\/\/catholiques17.fr\/montlieu\/wp-json\/wp\/v2\/tags?post=4946"}],"curies":[{"name":"wp","href":"https:\/\/api.w.org\/{rel}","templated":true}]}}