{"id":4807,"date":"2021-02-28T15:18:00","date_gmt":"2021-02-28T14:18:00","guid":{"rendered":"https:\/\/catholiques17.fr\/montlieu\/?p=4807"},"modified":"2021-03-25T15:19:01","modified_gmt":"2021-03-25T14:19:01","slug":"en-marche-vers-paques","status":"publish","type":"post","link":"https:\/\/catholiques17.fr\/montlieu\/2021\/02\/28\/en-marche-vers-paques\/","title":{"rendered":"EN MARCHE VERS PAQUES"},"content":{"rendered":"\n<p>Le Car\u00eame est une longue marche de quarante jours, qui nous fait revivre la marche du peuple de Dieu vers la Terre promise pendant quarante ann\u00e9es et le s\u00e9jour de J\u00e9sus au d\u00e9sert pendant quarante jours et quarante nuits.<\/p>\n\n\n\n<p>Les randonneurs qui sillonnent les routes de nos campagnes ne se mettent en route que s\u2019ils connais\u00adsent la destination d\u00e8s leur d\u00e9part. Les p\u00e8lerins gravissent toutes les marches au Mont-Saint-Michel, parce qu\u2019ils savent que la porte de la merveilleuse abbaye est ouverte.<\/p>\n\n\n\n<p>Les chr\u00e9tiens, pendant le Ca\u00adr\u00eame, se mettent en route car ils pr\u00e9parent leur coeur \u00e0 c\u00e9l\u00e9brer le c\u0153ur de leur foi \u00e0 P\u00e2ques : la mort et la r\u00e9surrection de J\u00e9sus.<\/p>\n\n\n\n<p>L\u2019itin\u00e9raire commence au d\u00e9sert avec J\u00e9sus. Il nous conduit sur la montagne avec les disciples, o\u00f9 J\u00e9sus leur r\u00e9v\u00e8le sa condition glo\u00adrieuse pour les aider \u00e0 d\u00e9passer le scandale de la croix. Il culmine sur le Golgotha, le lieu de la cru\u00adcifixion o\u00f9 J\u00e9sus est \u00e9lev\u00e9 de terre et attire tous les hommes \u00e0 lui.<\/p>\n\n\n\n<p>Le mercredi des cendres, jour de l\u2019ouverture du Car\u00eame, la Parole de Dieu \u00e9claire notre route et nous donne les consignes de marche :&nbsp;<strong>le je\u00fbne<\/strong>, pour nous d\u00e9livrer de notre app\u00e9tit de consommation et retrouver l\u2019es\u00adsentiel;&nbsp;<strong>la pri\u00e8re<\/strong>, pour d\u00e9couvrir \u00abque l\u2019homme ne vit pas que de pain mais de toute parole qui sort de la bouche&nbsp;<sub>\u2018<\/sub>de Dieu\u00bb;&nbsp;<strong>l\u2019aum\u00f4ne<\/strong>, qui nous sort de nous-m\u00eames pour compatir \u00e0 la souffrance de l\u2019autre qui nous est proche en France, ou lointain dans les pays les plus pauvres.<\/p>\n\n\n\n<p>La marche sera plus ais\u00e9e si nous apprenons \u00e0 conjuguer ensemble trois verbes: prier, je\u00fbner et parta\u00adger, qui se retrouvent dans les trois grandes religions monoth\u00e9istes.<\/p>\n\n\n\n<p>Nous ne vivons pas cette mar\u00adche en solitaires, mais en \u00c9glise. Comme l\u2019exprime un chant de ce temps liturgique, nous marcherons d\u2019abord avec J\u00e9sus: \u00abSeigneur, avec toi nous irons au d\u00e9sert pour prier.&nbsp;\u00bb<\/p>\n\n\n\n<p>Nous marcherons avec les cat\u00e9\u00adchum\u00e8nes, adultes et jeunes, qui, le premier dimanche de car\u00eame, sont appel\u00e9s par l\u2019\u00e9v\u00eaque aux sacrements de P\u00e2ques qui font les chr\u00e9tiens: bapt\u00eame, confirmation, eucharistie.<\/p>\n\n\n\n<p>Nous marcherons avec tout le peuple de Dieu. Nous monterons avec J\u00e9sus vers J\u00e9rusalem, appre\u00adnant de lui comment donner sa vie par amour.<\/p>\n\n\n\n<p>Les chr\u00e9tiens sont invit\u00e9s \u00e0 red\u00e9couvrir le Car\u00eame, non pas uniquement comme une d\u00e9marche individuelle, mais une d\u00e9marche de foi communautaire. Cette ann\u00e9e, dans la ligne des deux Encycliques du pape Fran\u00e7ois \u00ab&nbsp;Laudato si&nbsp;\u00bb et \u00ab&nbsp;Fratelli Tutti (Tous fr\u00e8res)&nbsp;\u00bb, nous sommes invit\u00e9s \u00e0 changer notre regard et notre c\u0153ur \u00e0&nbsp;<strong>l\u2019\u00e9gard de la Cr\u00e9ation<\/strong>&nbsp;et \u00e0&nbsp;<strong>l\u2019\u00e9gard de tout \u00eatre humain sur la terre (<\/strong>Tous fr\u00e8res et s\u0153urs car nous habitons la m\u00eame maison, la Terre): toute la Cr\u00e9ation est n\u00e9e et vit du m\u00eame Amour (Dieu). &nbsp;Cette marche vers P\u00e2ques se vit \u00e0 travers diff\u00e9rentes propositions dans les paroisses : c\u00e9l\u00e9bration d\u2019entr\u00e9e en Car\u00eame, engagements au partage, c\u00e9l\u00e9bration du sacrement du pardon\u2026 etc. N\u2019avons-nous pas \u00e0 red\u00e9couvrir ce sacrement du pardon comme un retour aux sources de la foi, un renouvellement d\u2019Alliance.&nbsp;<strong>Notre p\u00e9ch\u00e9 nous est r\u00e9v\u00e9l\u00e9 par l\u2019amour de Dieu pour nous.<\/strong>&nbsp;Nous nous reconnaissons personnel\u00adlement p\u00e9cheurs parce qu\u2019aim\u00e9s par lui. Retrouvant notre dignit\u00e9 baptismale, nous retrouvons toute notre place dans l\u2019\u00c9glise et dans la Vie de Dieu.<\/p>\n\n\n\n<p>Alors, avec les baptis\u00e9s de P\u00e2ques, lors de la Vigile pascale, nous pour\u00adrons laisser le vieil homme mourir avec J\u00e9sus pour ressusciter avec lui et t\u00e9moigner de celui qui nous a fait passer des t\u00e9n\u00e8bres \u00e0 son ad\u00admirable lumi\u00e8re. Nos chemins de\u00adviendront des chemins d\u2019Emma\u00fcs, o\u00f9 J\u00e9sus ressuscit\u00e9 marchera avec nous.<\/p>\n\n\n\n<p>Bonne route vers P\u00e2ques.<\/p>\n\n\n\n<p>Louis Morandeau<\/p>\n","protected":false},"excerpt":{"rendered":"<p>Le Car\u00eame est une longue marche de quarante jours, qui nous fait revivre la marche du peuple de Dieu vers la Terre promise pendant quarante ann\u00e9es et le s\u00e9jour de [&hellip;]<\/p>\n","protected":false},"author":5,"featured_media":4801,"comment_status":"open","ping_status":"open","sticky":false,"template":"","format":"standard","meta":{"_et_pb_use_builder":"off","_et_pb_old_content":"","_et_gb_content_width":"","footnotes":""},"categories":[6,15],"tags":[],"class_list":["post-4807","post","type-post","status-publish","format-standard","has-post-thumbnail","hentry","category-actualite","category-homelie"],"_links":{"self":[{"href":"https:\/\/catholiques17.fr\/montlieu\/wp-json\/wp\/v2\/posts\/4807","targetHints":{"allow":["GET"]}}],"collection":[{"href":"https:\/\/catholiques17.fr\/montlieu\/wp-json\/wp\/v2\/posts"}],"about":[{"href":"https:\/\/catholiques17.fr\/montlieu\/wp-json\/wp\/v2\/types\/post"}],"author":[{"embeddable":true,"href":"https:\/\/catholiques17.fr\/montlieu\/wp-json\/wp\/v2\/users\/5"}],"replies":[{"embeddable":true,"href":"https:\/\/catholiques17.fr\/montlieu\/wp-json\/wp\/v2\/comments?post=4807"}],"version-history":[{"count":1,"href":"https:\/\/catholiques17.fr\/montlieu\/wp-json\/wp\/v2\/posts\/4807\/revisions"}],"predecessor-version":[{"id":4808,"href":"https:\/\/catholiques17.fr\/montlieu\/wp-json\/wp\/v2\/posts\/4807\/revisions\/4808"}],"wp:featuredmedia":[{"embeddable":true,"href":"https:\/\/catholiques17.fr\/montlieu\/wp-json\/wp\/v2\/media\/4801"}],"wp:attachment":[{"href":"https:\/\/catholiques17.fr\/montlieu\/wp-json\/wp\/v2\/media?parent=4807"}],"wp:term":[{"taxonomy":"category","embeddable":true,"href":"https:\/\/catholiques17.fr\/montlieu\/wp-json\/wp\/v2\/categories?post=4807"},{"taxonomy":"post_tag","embeddable":true,"href":"https:\/\/catholiques17.fr\/montlieu\/wp-json\/wp\/v2\/tags?post=4807"}],"curies":[{"name":"wp","href":"https:\/\/api.w.org\/{rel}","templated":true}]}}