{"id":4805,"date":"2021-03-07T15:17:00","date_gmt":"2021-03-07T14:17:00","guid":{"rendered":"https:\/\/catholiques17.fr\/montlieu\/?p=4805"},"modified":"2021-03-25T15:18:14","modified_gmt":"2021-03-25T14:18:14","slug":"la-tranfiguration-se-laisser-toucher-au-coeur-marc-9-2-10","status":"publish","type":"post","link":"https:\/\/catholiques17.fr\/montlieu\/2021\/03\/07\/la-tranfiguration-se-laisser-toucher-au-coeur-marc-9-2-10\/","title":{"rendered":"LA TRANFIGURATION : Se laisser toucher au c\u0153ur (Marc 9, 2-10)"},"content":{"rendered":"\n<p>En relisant le premier texte sur l\u2019histoire du sacrifice d\u2019Isaac et d\u2019Abraham, avez-vous remarqu\u00e9&nbsp;<strong>comment Abraham s\u2019est laiss\u00e9 toucher au c\u0153ur par Dieu<\/strong>&nbsp;et jusqu\u2019o\u00f9 \u00e7a l\u2019a conduit&nbsp;? et&nbsp;<strong>comment Dieu s\u2019est laiss\u00e9 toucher par la foi d\u2019Abraham<\/strong>&nbsp;et jusqu\u2019o\u00f9 \u00e7a l\u2019a conduit&nbsp;? Cette histoire, c\u2019est une mise \u00e0 l\u2019\u00e9preuve d\u2019une confiance mutuelle entre eux. Quand nous nous laissons toucher par la vie d\u2019une autre personne (l\u2019autre, \u00e7a peut \u00eatre mon \u00e9pouse, mon \u00e9poux, mes enfants, mes voisins, des personnes que je rencontre au quotidien\u2026), oui, quand la confiance mutuelle est tr\u00e8s forte entre nous, nous pouvons aller loin dans le don de nous-m\u00eames. Nous avons d\u2019autres exemples&nbsp;: Th\u00e9r\u00e8se de Lisieux, Fran\u00e7ois d\u2019Assise, etc\u2026&nbsp;: ils ont donn\u00e9 toute leur vie pour Dieu\u2026<\/p>\n\n\n\n<p>Et si je reviens \u00e0 l\u2019\u00e9vangile d\u2019aujourd\u2019hui&nbsp;: Depuis des mois, Pierre, Jacques et Jean vivent une belle aventure aux c\u00f4t\u00e9s de J\u00e9sus. Ils se sont, eux aussi, laiss\u00e9s toucher par un homme qui permet \u00e0 beaucoup de malades, \u00e0 beaucoup de p\u00e9cheurs de repartir, de reprendre espoir. Ces trois hommes sont heureux de participer \u00e0 cette aventure o\u00f9 chacun s\u2019est laiss\u00e9 toucher par l\u2019engagement de l\u2019autre. Et pourtant ils&nbsp;<strong>ne comprennent pas tout<\/strong>. Ils s\u2019interrogent parfois sur cet homme qui s\u2019opposent aux docteurs de la Loi\u2026et beaucoup de ses paroles leur paraissent obscures. A certains jours, ils ne voient pas&nbsp; bien o\u00f9 cette aventure va les conduire. Alors voil\u00e0 Pierre, Jacques et Jean \u00e0 la fois enthousiastes et interrogatifs. L\u2019autre est toujours un myst\u00e8re.<\/p>\n\n\n\n<p>Mais alors voil\u00e0 qu\u2019avec J\u00e9sus, seuls sur la montagne, tout s\u2019\u00e9claire.&nbsp;\u2026Ils d\u00e9couvrent le vrai visage de J\u00e9sus. En un instant, tout devient lumineux pour eux. J\u00e9sus appara\u00eet bien de la lign\u00e9e de Mo\u00efse, d\u2019Elie, et de tous les proph\u00e8tes\u2026Il n\u2019est pas le fondateur d\u2019une nouvelle religion \u00e9trang\u00e8re \u00e0 la Loi Juive\u2026 : \u00e7a les rassure et alors J\u00e9sus est&nbsp;<strong>cr\u00e9dible<\/strong>. Nous avons tous besoin de faire r\u00e9f\u00e9rence \u00e0 une&nbsp;<strong>Tradition&nbsp;<\/strong>pour \u00eatre plus s\u00fbrs de notre Foi, une&nbsp;<strong>Tradition&nbsp;<\/strong>qui met notre foi \u00e0 l\u2019\u00e9preuve du temps et \u00e0 l\u2019\u00e9preuve du&nbsp;<strong>discernement&nbsp;<\/strong>de tout un peuple. Oui, nous avons besoin de v\u00e9rifier ensemble nos sources, besoin de v\u00e9rifier que ceux qui nous parlent de Dieu sont bien dans la ligne de la Foi du Peuple;il y a l\u00e0 un rep\u00e8re important pour discerner notre chemin \u00e0 suivre&nbsp;: Est-ce que celui qui nous parle de Dieu se situe dans la Foi r\u00e9fl\u00e9chie ENSEMBLE, en Eglise&nbsp;? et non pas une foi \u00e9labor\u00e9e par un homme tout seul, par un chef charismatique qui nous parlerait selon sa propre sensibilit\u00e9 personnelle. Vous remarquerez que J\u00e9sus s\u2019est toujours situ\u00e9 dans la Tradition du Peuple Juif, m\u00eame s\u2019il a parfois remis en cause sa religion, dans son fonctionnement, et l\u00e0 sur la montagne, les Ap\u00f4tres le reconnaissent de la lign\u00e9e de Mo\u00efse et d\u2019Elie. Au c\u0153ur de ce car\u00eame, nous pouvons nous demander si nous sommes-nous cr\u00e9dibles par tout ce que nous vivons en communaut\u00e9&nbsp;? Sommes-nous v\u00e9ritablement une Communaut\u00e9 de fr\u00e8res qui r\u00e9fl\u00e9chissent&nbsp;<strong>ensemble<\/strong>&nbsp;leur foi&nbsp;?<\/p>\n\n\n\n<p>Pierre, Jacques et Jean sont bien l\u00e0-haut, sur la montagne, loin du monde&nbsp;: ils ont envie d\u2019y dresser trois tentes&nbsp;: quand on vit une certaine distance par rapport aux graves probl\u00e8mes du monde, on a envie de s\u2019\u00e9tablir dans cette vie bienheureuse. On est bien \u00e0 Lourdes, par exemple, entre croyants.&nbsp;<strong>Les moments privil\u00e9gi\u00e9s de la rencontre de Dieu sont importants dans notre vie, mais&nbsp; ils ne doivent jamais nous faire oublier notre mission au c\u0153ur de notre monde d\u2019aujourd\u2019hui, un monde parfois difficile \u00e0 vivre.&nbsp;<\/strong>A peine Pierre a-t-il envisag\u00e9 de dresser trois tentes sur la montagne, que tous les trois furent couverts par une nu\u00e9e, nous dit Marc. Oui, devant certaines r\u00e9alit\u00e9s de nos vies ou de nos engagements, nous sommes parfois effray\u00e9s. Mais une voix vient nous redonner l\u2019Esp\u00e9rance&nbsp;: \u00ab&nbsp;C\u2019est Lui mon Fils bien aim\u00e9\u2026 Faites lui confiance&nbsp;\u00bb. Dans les moments difficiles, J\u00e9sus est toujours l\u00e0 pour marcher avec nous sur notre chemin de vie&nbsp;: il nous donne son Fils pour \u00eatre avec nous.<\/p>\n\n\n\n<p>Alors sur notre chemin vers P\u00e2ques, nous sommes invit\u00e9s aujourd\u2019hui \u00e0 vivre deux ou trois appels que je reprends avec vous, \u00e0 partir de ce passage d\u2019Evangile qui nous est propos\u00e9 aujourd\u2019hui&nbsp;:<\/p>\n\n\n\n<p><strong>\u2013 enraciner notre foi dans une histoire<\/strong>&nbsp;<strong>et la v\u00e9rifier ensemble<\/strong>, en Eglise, en communaut\u00e9 chr\u00e9tienne, et non pas la vivre en fonction de ce qui m\u2019arrange ou de ma propre sensibilit\u00e9<strong>,<\/strong><\/p>\n\n\n\n<p><strong>\u2013 \u00e0 nous ressourcer \u00e0 la vie en J\u00e9sus-Christ&nbsp;<\/strong>(en allant sur la montagne)<strong>,<\/strong>&nbsp;par des temps forts, des formations, des partages avec d\u2019autres chr\u00e9tiens, ou en renouvelant notre mani\u00e8re de prier, \u2026etc\u2026<\/p>\n\n\n\n<p>\u2013 \u00e0 retourner<strong>&nbsp;au c\u0153ur du monde,<\/strong>&nbsp;en bas de la montagne, pour dire aux hommes ce que nous avons d\u00e9couvert de l\u2019Amour de Dieu.<\/p>\n\n\n\n<p>Louis Morandeau<\/p>\n","protected":false},"excerpt":{"rendered":"<p>En relisant le premier texte sur l\u2019histoire du sacrifice d\u2019Isaac et d\u2019Abraham, avez-vous remarqu\u00e9&nbsp;comment Abraham s\u2019est laiss\u00e9 toucher au c\u0153ur par Dieu&nbsp;et jusqu\u2019o\u00f9 \u00e7a l\u2019a conduit&nbsp;? et&nbsp;comment Dieu s\u2019est laiss\u00e9 [&hellip;]<\/p>\n","protected":false},"author":5,"featured_media":4801,"comment_status":"open","ping_status":"open","sticky":false,"template":"","format":"standard","meta":{"_et_pb_use_builder":"off","_et_pb_old_content":"","_et_gb_content_width":"","footnotes":""},"categories":[6,15],"tags":[],"class_list":["post-4805","post","type-post","status-publish","format-standard","has-post-thumbnail","hentry","category-actualite","category-homelie"],"_links":{"self":[{"href":"https:\/\/catholiques17.fr\/montlieu\/wp-json\/wp\/v2\/posts\/4805","targetHints":{"allow":["GET"]}}],"collection":[{"href":"https:\/\/catholiques17.fr\/montlieu\/wp-json\/wp\/v2\/posts"}],"about":[{"href":"https:\/\/catholiques17.fr\/montlieu\/wp-json\/wp\/v2\/types\/post"}],"author":[{"embeddable":true,"href":"https:\/\/catholiques17.fr\/montlieu\/wp-json\/wp\/v2\/users\/5"}],"replies":[{"embeddable":true,"href":"https:\/\/catholiques17.fr\/montlieu\/wp-json\/wp\/v2\/comments?post=4805"}],"version-history":[{"count":1,"href":"https:\/\/catholiques17.fr\/montlieu\/wp-json\/wp\/v2\/posts\/4805\/revisions"}],"predecessor-version":[{"id":4806,"href":"https:\/\/catholiques17.fr\/montlieu\/wp-json\/wp\/v2\/posts\/4805\/revisions\/4806"}],"wp:featuredmedia":[{"embeddable":true,"href":"https:\/\/catholiques17.fr\/montlieu\/wp-json\/wp\/v2\/media\/4801"}],"wp:attachment":[{"href":"https:\/\/catholiques17.fr\/montlieu\/wp-json\/wp\/v2\/media?parent=4805"}],"wp:term":[{"taxonomy":"category","embeddable":true,"href":"https:\/\/catholiques17.fr\/montlieu\/wp-json\/wp\/v2\/categories?post=4805"},{"taxonomy":"post_tag","embeddable":true,"href":"https:\/\/catholiques17.fr\/montlieu\/wp-json\/wp\/v2\/tags?post=4805"}],"curies":[{"name":"wp","href":"https:\/\/api.w.org\/{rel}","templated":true}]}}