{"id":9463,"date":"2025-04-05T11:28:40","date_gmt":"2025-04-05T09:28:40","guid":{"rendered":"https:\/\/catholiques17.fr\/montendre\/?p=9463"},"modified":"2025-04-07T10:25:50","modified_gmt":"2025-04-07T08:25:50","slug":"le-14-avril-rendez-vous-a-la-rochelle-pour-la-messe-chrismale","status":"publish","type":"post","link":"https:\/\/catholiques17.fr\/montendre\/2025\/04\/05\/le-14-avril-rendez-vous-a-la-rochelle-pour-la-messe-chrismale\/","title":{"rendered":"Le 14 avril, rendez-vous \u00e0 La Rochelle pour la Messe chrismale"},"content":{"rendered":"\n<div class=\"wp-block-cover\"><span aria-hidden=\"true\" class=\"wp-block-cover__background has-background-dim\"><\/span><img loading=\"lazy\" decoding=\"async\" width=\"800\" height=\"566\" class=\"wp-block-cover__image-background wp-image-9465\" alt=\"\" src=\"https:\/\/catholiques17.fr\/montendre\/wp-content\/uploads\/sites\/42\/2025\/04\/image.png\" data-object-fit=\"cover\" srcset=\"https:\/\/catholiques17.fr\/montendre\/wp-content\/uploads\/sites\/42\/2025\/04\/image.png 800w, https:\/\/catholiques17.fr\/montendre\/wp-content\/uploads\/sites\/42\/2025\/04\/image-480x340.png 480w\" sizes=\"(min-width: 0px) and (max-width: 480px) 480px, (min-width: 481px) 800px, 100vw\" \/><div class=\"wp-block-cover__inner-container is-layout-flow wp-block-cover-is-layout-flow\">\n<p class=\"has-text-align-center has-large-font-size\">Tous les chr\u00e9tiens du dioc\u00e8se sont invit\u00e9s \u00e0<\/p>\n\n\n\n<p class=\"has-text-align-center has-large-font-size\"> la\u00a0<strong>messe chrismale<\/strong>, le lundi 14 avril \u00e0 17h30 <\/p>\n\n\n\n<p class=\"has-text-align-center has-large-font-size\">\u00e0 la cath\u00e9drale St-Louis de La Rochelle.<\/p>\n\n\n\n<h3 class=\"wp-block-heading has-text-align-center\"><strong>Pr\u00eatres, diacres, consacr\u00e9s et la\u00efcs sont invit\u00e9s \u00e0 prendre part \u00e0 cette messe chrismale pr\u00e9sid\u00e9e par Mgr Fran\u00e7ois Jacolin, administrateur apostolique de notre dioc\u00e8se, et \u00e0 manifester ainsi l\u2019unit\u00e9 de notre Eglise dioc\u00e9saine.<\/strong><\/h3>\n\n\n\n<p class=\"has-text-align-center has-large-font-size\">Chaque ann\u00e9e, dans tous les dioc\u00e8ses du <\/p>\n\n\n\n<p class=\"has-text-align-center has-large-font-size\">monde, les pr\u00eatres, les diacres et les fid\u00e8les <\/p>\n\n\n\n<p class=\"has-text-align-center has-large-font-size\">se r\u00e9unissent autour de leur \u00e9v\u00eaque pour <\/p>\n\n\n\n<p class=\"has-text-align-center has-large-font-size\">c\u00e9l\u00e9brer la messe chrismale <\/p>\n\n\n\n<p class=\"has-text-align-center has-medium-font-size\">(du grec \u00ab khrisma \u00bb qui veut dire \u00ab huile \u00bb ou \u00ab onction \u00bb).<\/p>\n\n\n\n<p>Au cours de cette eucharistie, l\u2019\u00e9v\u00eaque, par ses questions publiques devant les fid\u00e8les, invite les&nbsp;<strong>pr\u00eatres<\/strong>&nbsp;\u00e0 redire leur volont\u00e9 de vivre toujours plus unis au Christ en cherchant \u00e0 lui ressembler, en demeurant fid\u00e8les \u00e0 leurs engagements et \u00e0 leurs missions. Il leur demande \u00e9galement de manifester \u00e0 nouveau leur volont\u00e9 d\u2019\u00eatre les serviteurs de l\u2019annonce de la Parole de Dieu et de la c\u00e9l\u00e9bration des sacrements. Il demande aussi aux&nbsp;<strong>diacres<\/strong>&nbsp;de renouveler les promesses de leur ordination, dans la pri\u00e8re et le service. Puis il exhorte les&nbsp;<strong>fid\u00e8les<\/strong>&nbsp;r\u00e9unis \u00e0 prier pour leurs pasteurs.<\/p>\n\n\n\n<figure class=\"wp-block-image aligncenter\"><img decoding=\"async\" src=\"https:\/\/catholiques17.fr\/wp-content\/uploads\/2024\/11\/MESSE-CHRISMALE-SAINTES-25-MARS-2024-177-Diacres.jpg\" alt=\"\" class=\"wp-image-36963\" title=\"MESSE CHRISMALE SAINTES 25 MARS 2024 (177) Diacres\"\/><\/figure>\n\n\n\n<figure class=\"wp-block-image aligncenter\"><img decoding=\"async\" src=\"https:\/\/catholiques17.fr\/wp-content\/uploads\/2024\/03\/IMG_9856.jpg\" alt=\"\" class=\"wp-image-34423\" title=\"Messe chrismale 2023\"\/><\/figure>\n\n\n\n<p>Au cours de la messe chrismale, l\u2019\u00e9v\u00eaque consacre&nbsp;<strong>le Saint Chr\u00eame<\/strong>. Cette huile m\u00e9lang\u00e9e avec un parfum est utilis\u00e9e pour les sacrements du bapt\u00eame, de la confirmation et de l\u2019Ordre (diacre, pr\u00eatre et \u00e9v\u00eaque), mais aussi pour la cons\u00e9cration des \u00e9glises, des autels et des cloches. Signe de b\u00e9n\u00e9diction de Dieu, elle est une marque ind\u00e9l\u00e9bile. Son parfum signifie la pl\u00e9nitude des dons que l\u2019Esprit Saint procure.&nbsp;En plus du Saint Chr\u00eame, l\u2019\u00e9v\u00eaque b\u00e9nit<strong>&nbsp;l\u2019huile des cat\u00e9chum\u00e8nes<\/strong>&nbsp;\u2013 les futurs baptis\u00e9s \u2013 et&nbsp;<strong>l\u2019huile pour le sacrement des malades<\/strong>, symbole de vie.<\/p>\n<\/div><\/div>\n","protected":false},"excerpt":{"rendered":"","protected":false},"author":71,"featured_media":9465,"comment_status":"open","ping_status":"open","sticky":false,"template":"","format":"standard","meta":{"_et_pb_use_builder":"off","_et_pb_old_content":"","_et_gb_content_width":"","footnotes":""},"categories":[6],"tags":[],"class_list":["post-9463","post","type-post","status-publish","format-standard","has-post-thumbnail","hentry","category-actualite"],"_links":{"self":[{"href":"https:\/\/catholiques17.fr\/montendre\/wp-json\/wp\/v2\/posts\/9463","targetHints":{"allow":["GET"]}}],"collection":[{"href":"https:\/\/catholiques17.fr\/montendre\/wp-json\/wp\/v2\/posts"}],"about":[{"href":"https:\/\/catholiques17.fr\/montendre\/wp-json\/wp\/v2\/types\/post"}],"author":[{"embeddable":true,"href":"https:\/\/catholiques17.fr\/montendre\/wp-json\/wp\/v2\/users\/71"}],"replies":[{"embeddable":true,"href":"https:\/\/catholiques17.fr\/montendre\/wp-json\/wp\/v2\/comments?post=9463"}],"version-history":[{"count":3,"href":"https:\/\/catholiques17.fr\/montendre\/wp-json\/wp\/v2\/posts\/9463\/revisions"}],"predecessor-version":[{"id":9475,"href":"https:\/\/catholiques17.fr\/montendre\/wp-json\/wp\/v2\/posts\/9463\/revisions\/9475"}],"wp:featuredmedia":[{"embeddable":true,"href":"https:\/\/catholiques17.fr\/montendre\/wp-json\/wp\/v2\/media\/9465"}],"wp:attachment":[{"href":"https:\/\/catholiques17.fr\/montendre\/wp-json\/wp\/v2\/media?parent=9463"}],"wp:term":[{"taxonomy":"category","embeddable":true,"href":"https:\/\/catholiques17.fr\/montendre\/wp-json\/wp\/v2\/categories?post=9463"},{"taxonomy":"post_tag","embeddable":true,"href":"https:\/\/catholiques17.fr\/montendre\/wp-json\/wp\/v2\/tags?post=9463"}],"curies":[{"name":"wp","href":"https:\/\/api.w.org\/{rel}","templated":true}]}}