{"id":9286,"date":"2024-11-21T11:21:52","date_gmt":"2024-11-21T10:21:52","guid":{"rendered":"https:\/\/catholiques17.fr\/montendre\/?p=9286"},"modified":"2024-11-21T17:21:43","modified_gmt":"2024-11-21T16:21:43","slug":"deux-nouveaux-jeunes-saints-pour-leglise-catholique","status":"publish","type":"post","link":"https:\/\/catholiques17.fr\/montendre\/2024\/11\/21\/deux-nouveaux-jeunes-saints-pour-leglise-catholique\/","title":{"rendered":"Deux nouveaux jeunes saints pour l&rsquo;Eglise catholique !"},"content":{"rendered":"\n<div style=\"height:61px\" aria-hidden=\"true\" class=\"wp-block-spacer\"><\/div>\n\n\n\n<p>A l&rsquo;occasion de la journ\u00e9e mondiale des droits des enfants ce mercredi 20 novembre,  le Pape Fran\u00e7ois a annonc\u00e9 lors de l\u2019audience g\u00e9n\u00e9rale  la canonisation durant le Jubil\u00e9 2025 de deux jeunes la\u00efcs italiens : Carlo Acutis et Pier Giorgio Frassati.<\/p>\n\n\n\n<div style=\"height:42px\" aria-hidden=\"true\" class=\"wp-block-spacer\"><\/div>\n\n\n\n<blockquote class=\"wp-block-quote is-layout-flow wp-block-quote-is-layout-flow\">\n<p>\u00ab<em>Je voudrais dire que l\u2019ann\u00e9e prochaine lors de la Journ\u00e9e des enfants et des adolescents je canoniserai le bienheureux Carlo Acutis et, lors de la Journ\u00e9e des jeunes, toujours l\u2019an prochain, je canoniserai le bienheureux Pier Giorgio Frassati<\/em><\/p>\n<cite>Fran\u00e7ois, 20\/11\/2024<\/cite><\/blockquote>\n\n\n\n<div style=\"height:35px\" aria-hidden=\"true\" class=\"wp-block-spacer\"><\/div>\n\n\n\n<p><strong>Carlo Acutis :<\/strong><\/p>\n\n\n\n<p>Surnomm\u00e9 le&nbsp;<em>\u00abgeek de J\u00e9sus<\/em>\u00bb, Carlo Acutis, d\u00e8s son plus jeune \u00e2ge, a ouvert la voie d\u2019une \u00e9vang\u00e9lisation sur internet. Il y avait mis sa cr\u00e9ativit\u00e9 \u00e0 l\u2019\u0153uvre avec son exposition sur les miracles eucharistiques. Sa future canonisation fait suite \u00e0 un miracle en Juillet 2022 : une femme originaire du Costa Rica prie pour son intercession \u00e0 Assise, sa fille est en train de mourir des suites d\u2019un accident. Le jour-m\u00eame, la jeune femme recommence \u00e0 respirer, &#8230; une gu\u00e9rison fulgurante !<a href=\"https:\/\/www.vaticannews.va\/fr\/podcast\/les-dossiers-de-la-redaction\/2024\/07\/carlo-acutis-la-saintete-au-quotidien.html\"><\/a><\/p>\n\n\n\n<div style=\"height:62px\" aria-hidden=\"true\" class=\"wp-block-spacer\"><\/div>\n\n\n\n<p><strong>Pier Giorgio Frassati :<\/strong><\/p>\n\n\n\n<p>Issu d&rsquo;une famille ais\u00e9e d\u2019intellectuels, \u00ab<em>sa vocation de la\u00efc chr\u00e9tien se r\u00e9alisait \u00e0 travers ses multiples engagements associatifs et politiques, dans une soci\u00e9t\u00e9 en pleine fermentation, indiff\u00e9rente, voire hostile \u00e0 l\u2019\u00c9glise<\/em>\u00bb, affirma saint Jean-Paul II lors de sa b\u00e9atification en mai 1990. L\u2019adh\u00e9sion \u00e0 l\u2019\u00c9vangile du jeune homme n\u00e9 en 1901 se traduit en une ardente charit\u00e9, une attention aimante envers les pauvres et les n\u00e9cessiteux. C\u2019est d\u2019ailleurs lors de l&rsquo;une de ses visites aux pauvres, qu\u2019il contracte la poliomy\u00e9lite dont il mourra en juillet 1925.<\/p>\n\n\n\n<div style=\"height:34px\" aria-hidden=\"true\" class=\"wp-block-spacer\"><\/div>\n\n\n\n<figure class=\"wp-block-image aligncenter size-full\"><img loading=\"lazy\" decoding=\"async\" width=\"800\" height=\"420\" src=\"https:\/\/catholiques17.fr\/montendre\/wp-content\/uploads\/sites\/42\/2024\/11\/Pier-Giorgio-Frassati-featured1-1080x567-1.jpg\" alt=\"\" class=\"wp-image-9287\" srcset=\"https:\/\/catholiques17.fr\/montendre\/wp-content\/uploads\/sites\/42\/2024\/11\/Pier-Giorgio-Frassati-featured1-1080x567-1.jpg 800w, https:\/\/catholiques17.fr\/montendre\/wp-content\/uploads\/sites\/42\/2024\/11\/Pier-Giorgio-Frassati-featured1-1080x567-1-480x252.jpg 480w\" sizes=\"(min-width: 0px) and (max-width: 480px) 480px, (min-width: 481px) 800px, 100vw\" \/><\/figure>\n\n\n\n<div style=\"height:52px\" aria-hidden=\"true\" class=\"wp-block-spacer\"><\/div>\n","protected":false},"excerpt":{"rendered":"<p>A l&rsquo;occasion de la journ\u00e9e mondiale des droits des enfants ce mercredi 20 novembre, le Pape Fran\u00e7ois a annonc\u00e9 lors de l\u2019audience g\u00e9n\u00e9rale la canonisation durant le Jubil\u00e9 2025 de [&hellip;]<\/p>\n","protected":false},"author":4,"featured_media":9289,"comment_status":"open","ping_status":"open","sticky":false,"template":"","format":"standard","meta":{"_et_pb_use_builder":"off","_et_pb_old_content":"<!-- wp:spacer {\"height\":\"61px\"} -->\n<div style=\"height:61px\" aria-hidden=\"true\" class=\"wp-block-spacer\"><\/div>\n<!-- \/wp:spacer -->\n\n<!-- wp:paragraph -->\n<p>A l'occasion de la journ\u00e9e mondiale des droits des enfants ce mercredi 20 novembre,  le Pape Fran\u00e7ois a annonc\u00e9 lors de l\u2019audience g\u00e9n\u00e9rale  la canonisation durant le Jubil\u00e9 2025 de deux jeunes la\u00efcs italiens : Carlo Acutis et Pier Giorgio Frassati.<\/p>\n<!-- \/wp:paragraph -->\n\n<!-- wp:spacer {\"height\":\"42px\"} -->\n<div style=\"height:42px\" aria-hidden=\"true\" class=\"wp-block-spacer\"><\/div>\n<!-- \/wp:spacer -->\n\n<!-- wp:quote -->\n<blockquote class=\"wp-block-quote\"><!-- wp:paragraph -->\n<p>\u00ab<em>Je voudrais dire que l\u2019ann\u00e9e prochaine lors de la Journ\u00e9e des enfants et des adolescents je canoniserai le bienheureux Carlo Acutis et, lors de la Journ\u00e9e des jeunes, toujours l\u2019an prochain, je canoniserai le bienheureux Pier Giorgio Frassati<\/em><\/p>\n<!-- \/wp:paragraph --><cite>Fran\u00e7ois, 20\/11\/2024<\/cite><\/blockquote>\n<!-- \/wp:quote -->\n\n<!-- wp:spacer {\"height\":\"35px\"} -->\n<div style=\"height:35px\" aria-hidden=\"true\" class=\"wp-block-spacer\"><\/div>\n<!-- \/wp:spacer -->\n\n<!-- wp:paragraph -->\n<p><strong>Carlo Acutis :<\/strong><\/p>\n<!-- \/wp:paragraph -->\n\n<!-- wp:paragraph -->\n<p>Surnomm\u00e9 le\u00a0<em>\u00abgeek de J\u00e9sus<\/em>\u00bb, Carlo Acutis, d\u00e8s son plus jeune \u00e2ge, a ouvert la voie d\u2019une \u00e9vang\u00e9lisation sur internet. Il y avait mis sa cr\u00e9ativit\u00e9 \u00e0 l\u2019\u0153uvre avec son exposition sur les miracles eucharistiques. Sa future canonisation fait suite \u00e0 un miracle en Juillet 2022 : une femme originaire du Costa Rica prie pour son intercession \u00e0 Assise, sa fille est en train de mourir des suites d\u2019un accident. Le jour-m\u00eame, la jeune femme recommence \u00e0 respirer, ... une gu\u00e9rison fulgurante !<a href=\"https:\/\/www.vaticannews.va\/fr\/podcast\/les-dossiers-de-la-redaction\/2024\/07\/carlo-acutis-la-saintete-au-quotidien.html\"><\/a><\/p>\n<!-- \/wp:paragraph -->\n\n<!-- wp:spacer {\"height\":\"62px\"} -->\n<div style=\"height:62px\" aria-hidden=\"true\" class=\"wp-block-spacer\"><\/div>\n<!-- \/wp:spacer -->\n\n<!-- wp:paragraph -->\n<p><strong>Pier Giorgio Frassati :<\/strong><\/p>\n<!-- \/wp:paragraph -->\n\n<!-- wp:spacer {\"height\":\"31px\"} -->\n<div style=\"height:31px\" aria-hidden=\"true\" class=\"wp-block-spacer\"><\/div>\n<!-- \/wp:spacer -->\n\n<!-- wp:paragraph -->\n<p>Issu d'une famille ais\u00e9e d\u2019intellectuels, \u00ab<em>sa vocation de la\u00efc chr\u00e9tien se r\u00e9alisait \u00e0 travers ses multiples engagements associatifs et politiques, dans une soci\u00e9t\u00e9 en pleine fermentation, indiff\u00e9rente, voire hostile \u00e0 l\u2019\u00c9glise<\/em>\u00bb, affirma saint Jean-Paul II lors de sa b\u00e9atification en mai 1990. L\u2019adh\u00e9sion \u00e0 l\u2019\u00c9vangile du jeune homme n\u00e9 en 1901 se traduit en une ardente charit\u00e9, une attention aimante envers les pauvres et les n\u00e9cessiteux. C\u2019est d\u2019ailleurs lors de l'une de ses visites aux pauvres, qu\u2019il contracte la poliomy\u00e9lite dont il mourra en juillet 1925.<\/p>\n<!-- \/wp:paragraph -->\n\n<!-- wp:spacer {\"height\":\"34px\"} -->\n<div style=\"height:34px\" aria-hidden=\"true\" class=\"wp-block-spacer\"><\/div>\n<!-- \/wp:spacer -->\n\n<!-- wp:image {\"id\":9287,\"sizeSlug\":\"full\",\"linkDestination\":\"none\",\"align\":\"center\"} -->\n<figure class=\"wp-block-image aligncenter size-full\"><img src=\"https:\/\/catholiques17.fr\/montendre\/wp-content\/uploads\/sites\/42\/2024\/11\/Pier-Giorgio-Frassati-featured1-1080x567-1.jpg\" alt=\"\" class=\"wp-image-9287\"\/><\/figure>\n<!-- \/wp:image -->\n\n<!-- wp:spacer {\"height\":\"52px\"} -->\n<div style=\"height:52px\" aria-hidden=\"true\" class=\"wp-block-spacer\"><\/div>\n<!-- \/wp:spacer -->","_et_gb_content_width":"","footnotes":""},"categories":[6,20,43],"tags":[],"class_list":["post-9286","post","type-post","status-publish","format-standard","has-post-thumbnail","hentry","category-actualite","category-eglise-universelle","category-jeunes"],"_links":{"self":[{"href":"https:\/\/catholiques17.fr\/montendre\/wp-json\/wp\/v2\/posts\/9286","targetHints":{"allow":["GET"]}}],"collection":[{"href":"https:\/\/catholiques17.fr\/montendre\/wp-json\/wp\/v2\/posts"}],"about":[{"href":"https:\/\/catholiques17.fr\/montendre\/wp-json\/wp\/v2\/types\/post"}],"author":[{"embeddable":true,"href":"https:\/\/catholiques17.fr\/montendre\/wp-json\/wp\/v2\/users\/4"}],"replies":[{"embeddable":true,"href":"https:\/\/catholiques17.fr\/montendre\/wp-json\/wp\/v2\/comments?post=9286"}],"version-history":[{"count":4,"href":"https:\/\/catholiques17.fr\/montendre\/wp-json\/wp\/v2\/posts\/9286\/revisions"}],"predecessor-version":[{"id":9305,"href":"https:\/\/catholiques17.fr\/montendre\/wp-json\/wp\/v2\/posts\/9286\/revisions\/9305"}],"wp:featuredmedia":[{"embeddable":true,"href":"https:\/\/catholiques17.fr\/montendre\/wp-json\/wp\/v2\/media\/9289"}],"wp:attachment":[{"href":"https:\/\/catholiques17.fr\/montendre\/wp-json\/wp\/v2\/media?parent=9286"}],"wp:term":[{"taxonomy":"category","embeddable":true,"href":"https:\/\/catholiques17.fr\/montendre\/wp-json\/wp\/v2\/categories?post=9286"},{"taxonomy":"post_tag","embeddable":true,"href":"https:\/\/catholiques17.fr\/montendre\/wp-json\/wp\/v2\/tags?post=9286"}],"curies":[{"name":"wp","href":"https:\/\/api.w.org\/{rel}","templated":true}]}}