{"id":9277,"date":"2024-11-21T10:51:07","date_gmt":"2024-11-21T09:51:07","guid":{"rendered":"https:\/\/catholiques17.fr\/montendre\/?p=9277"},"modified":"2024-11-21T10:51:08","modified_gmt":"2024-11-21T09:51:08","slug":"vivre-le-temps-de-lavent","status":"publish","type":"post","link":"https:\/\/catholiques17.fr\/montendre\/2024\/11\/21\/vivre-le-temps-de-lavent\/","title":{"rendered":"Vivre le temps de l&rsquo;Avent"},"content":{"rendered":"\n<div style=\"height:52px\" aria-hidden=\"true\" class=\"wp-block-spacer\"><\/div>\n\n\n\n<p>Pour pr\u00e9parer nos c\u0153urs \u00e0 vivre le temps de l&rsquo;Avent et plus particuli\u00e8rement la f\u00eate de No\u00ebl, le P\u00e8re Bergson nous invite \u00e0 vivre une temps de r\u00e9flexion chaque dimanche avant la messe de 10h30.<\/p>\n\n\n\n<p class=\"has-text-align-center has-white-color has-text-color has-background has-link-color wp-elements-d71396fca2ec64c79eff35e22f46b56a\" style=\"background-color:#843cc6\"><strong>Rendez-vous dans l&rsquo;\u00e9glise de Montendre \u00e0 10h15 les dimanches 1er, 8, 15 et 22 d\u00e9cembre.<\/strong><\/p>\n\n\n\n<div style=\"height:38px\" aria-hidden=\"true\" class=\"wp-block-spacer\"><\/div>\n\n\n\n<hr class=\"wp-block-separator has-alpha-channel-opacity is-style-wide\"\/>\n\n\n\n<div style=\"height:38px\" aria-hidden=\"true\" class=\"wp-block-spacer\"><\/div>\n\n\n\n<h2 class=\"wp-block-heading has-text-align-center\">Qu&rsquo;est-ce que le temps de l&rsquo;Avent ?<\/h2>\n\n\n\n<div style=\"height:41px\" aria-hidden=\"true\" class=\"wp-block-spacer\"><\/div>\n\n\n\n<p>Le temps de l\u2019Avent (du latin\u00a0<em>adventus<\/em>, \u00ab\u00a0venue, av\u00e8nement\u00a0\u00bb) s\u2019ouvre le 4\u00e8me dimanche pr\u00e9c\u00e9dant No\u00ebl.<\/p>\n\n\n\n<p>L\u2019Avent est la p\u00e9riode durant laquelle les fid\u00e8les se pr\u00e9parent int\u00e9rieurement \u00e0 c\u00e9l\u00e9brer No\u00ebl, \u00e9v\u00e9nement inou\u00ef, et d\u00e9cisif pour l\u2019humanit\u00e9, puisque Dieu s\u2019est fait homme parmi les hommes : de sa naissance \u00e0 sa mort sur la Croix, il a partag\u00e9 en tout la condition humaine, \u00e0 l\u2019exception du\u00a0p\u00e9ch\u00e9.<\/p>\n\n\n\n<p>Chacun est appel\u00e9 \u00e0 la vigilance et au changement de vie. La parole des Proph\u00e8tes, qui retentit en chaque\u00a0liturgie\u00a0dominicale de l\u2019Avent, redit la n\u00e9cessit\u00e9 de la conversion et de la pr\u00e9paration du c\u0153ur, comme le rappellent \u00e9galement les autres lectures de la\u00a0messe.<\/p>\n\n\n\n<p>Le d\u00e9but de l\u2019Avent marque aussi l\u2019entr\u00e9e dans une nouvelle ann\u00e9e liturgique : celle-ci commence chaque ann\u00e9e avec ce temps de pr\u00e9paration \u00e0 No\u00ebl, pour s\u2019achever une ann\u00e9e plus tard \u00e0 la m\u00eame p\u00e9riode.<\/p>\n\n\n\n<p>L\u2019Avent, comme l\u2019ensemble du calendrier liturgique catholique, aide les fid\u00e8les \u00e0 revivre les grands \u00e9v\u00e9nements de la vie et de l\u2019enseignement du Christ, en particulier de sa naissance (No\u00ebl) \u00e0 sa\u00a0R\u00e9surrection\u00a0(P\u00e2ques). L\u2019\u00c9glise relit et revit donc \u00ab tous ces grands \u00e9v\u00e9nements de l\u2019histoire du salut dans \u00a0\u00bb l\u2019aujourd\u2019hui\u00a0\u00bb de sa\u00a0liturgie\u00a0\u00bb .<\/p>\n\n\n\n<p>Source : <a href=\"https:\/\/eglise.catholique.fr\/\">https:\/\/eglise.catholique.fr\/<\/a><\/p>\n\n\n\n<div style=\"height:66px\" aria-hidden=\"true\" class=\"wp-block-spacer\"><\/div>\n\n\n\n<figure class=\"wp-block-embed aligncenter is-type-video is-provider-youtube wp-block-embed-youtube wp-embed-aspect-16-9 wp-has-aspect-ratio\"><div class=\"wp-block-embed__wrapper\">\n<iframe loading=\"lazy\" title=\"\ud83c\udf84 L&#039;AVENT \ud83c\udf84 COMPRENDRE LA TRADITION DE NO\u00cbL #VLOGMAS #NOEL\" width=\"1080\" height=\"608\" src=\"https:\/\/www.youtube.com\/embed\/rxAX186wPjk?feature=oembed\"  allow=\"accelerometer; autoplay; clipboard-write; encrypted-media; gyroscope; picture-in-picture; web-share\" referrerpolicy=\"strict-origin-when-cross-origin\" allowfullscreen><\/iframe>\n<\/div><\/figure>\n\n\n\n<div style=\"height:43px\" aria-hidden=\"true\" class=\"wp-block-spacer\"><\/div>\n","protected":false},"excerpt":{"rendered":"<p>Pour pr\u00e9parer nos c\u0153urs \u00e0 vivre le temps de l&rsquo;Avent et plus particuli\u00e8rement la f\u00eate de No\u00ebl, le P\u00e8re Bergson nous invite \u00e0 vivre une temps de r\u00e9flexion chaque dimanche [&hellip;]<\/p>\n","protected":false},"author":4,"featured_media":9279,"comment_status":"open","ping_status":"open","sticky":false,"template":"","format":"standard","meta":{"_et_pb_use_builder":"off","_et_pb_old_content":"","_et_gb_content_width":"","footnotes":""},"categories":[6,55],"tags":[],"class_list":["post-9277","post","type-post","status-publish","format-standard","has-post-thumbnail","hentry","category-actualite","category-liturgie"],"_links":{"self":[{"href":"https:\/\/catholiques17.fr\/montendre\/wp-json\/wp\/v2\/posts\/9277","targetHints":{"allow":["GET"]}}],"collection":[{"href":"https:\/\/catholiques17.fr\/montendre\/wp-json\/wp\/v2\/posts"}],"about":[{"href":"https:\/\/catholiques17.fr\/montendre\/wp-json\/wp\/v2\/types\/post"}],"author":[{"embeddable":true,"href":"https:\/\/catholiques17.fr\/montendre\/wp-json\/wp\/v2\/users\/4"}],"replies":[{"embeddable":true,"href":"https:\/\/catholiques17.fr\/montendre\/wp-json\/wp\/v2\/comments?post=9277"}],"version-history":[{"count":3,"href":"https:\/\/catholiques17.fr\/montendre\/wp-json\/wp\/v2\/posts\/9277\/revisions"}],"predecessor-version":[{"id":9282,"href":"https:\/\/catholiques17.fr\/montendre\/wp-json\/wp\/v2\/posts\/9277\/revisions\/9282"}],"wp:featuredmedia":[{"embeddable":true,"href":"https:\/\/catholiques17.fr\/montendre\/wp-json\/wp\/v2\/media\/9279"}],"wp:attachment":[{"href":"https:\/\/catholiques17.fr\/montendre\/wp-json\/wp\/v2\/media?parent=9277"}],"wp:term":[{"taxonomy":"category","embeddable":true,"href":"https:\/\/catholiques17.fr\/montendre\/wp-json\/wp\/v2\/categories?post=9277"},{"taxonomy":"post_tag","embeddable":true,"href":"https:\/\/catholiques17.fr\/montendre\/wp-json\/wp\/v2\/tags?post=9277"}],"curies":[{"name":"wp","href":"https:\/\/api.w.org\/{rel}","templated":true}]}}