{"id":7353,"date":"2024-06-27T15:57:13","date_gmt":"2024-06-27T13:57:13","guid":{"rendered":"https:\/\/catholiques17.fr\/montendre\/?p=7353"},"modified":"2024-06-28T11:16:00","modified_gmt":"2024-06-28T09:16:00","slug":"pele-vtt-2024-la-haute-saintonge-mise-a-lhonneur","status":"publish","type":"post","link":"https:\/\/catholiques17.fr\/montendre\/2024\/06\/27\/pele-vtt-2024-la-haute-saintonge-mise-a-lhonneur\/","title":{"rendered":"Pel\u00e9 VTT 2024  : la Haute-Saintonge mise \u00e0 l&rsquo;honneur"},"content":{"rendered":"<p>[et_pb_section fb_built=\u00a0\u00bb1&Prime; _builder_version=\u00a0\u00bb4.16&Prime; global_colors_info=\u00a0\u00bb{}\u00a0\u00bb theme_builder_area=\u00a0\u00bbpost_content\u00a0\u00bb custom_padding=\u00a0\u00bb21px|||||\u00a0\u00bb][et_pb_row _builder_version=\u00a0\u00bb4.16&Prime; background_size=\u00a0\u00bbinitial\u00a0\u00bb background_position=\u00a0\u00bbtop_left\u00a0\u00bb background_repeat=\u00a0\u00bbrepeat\u00a0\u00bb global_colors_info=\u00a0\u00bb{}\u00a0\u00bb theme_builder_area=\u00a0\u00bbpost_content\u00a0\u00bb][et_pb_column type=\u00a0\u00bb4_4&Prime; _builder_version=\u00a0\u00bb4.16&Prime; custom_padding=\u00a0\u00bb|||\u00a0\u00bb global_colors_info=\u00a0\u00bb{}\u00a0\u00bb custom_padding__hover=\u00a0\u00bb|||\u00a0\u00bb theme_builder_area=\u00a0\u00bbpost_content\u00a0\u00bb][et_pb_text _builder_version=\u00a0\u00bb4.21.0&Prime; background_size=\u00a0\u00bbinitial\u00a0\u00bb background_position=\u00a0\u00bbtop_left\u00a0\u00bb background_repeat=\u00a0\u00bbrepeat\u00a0\u00bb hover_enabled=\u00a0\u00bb0&Prime; global_colors_info=\u00a0\u00bb{}\u00a0\u00bb theme_builder_area=\u00a0\u00bbpost_content\u00a0\u00bb sticky_enabled=\u00a0\u00bb0&Prime;]<\/p>\n<p><!-- divi:spacer {\"height\":\"60px\"} --><\/p>\n<p><!-- divi:paragraph -->C\u2019est une nouvelle \u00e9dition du pel\u00e9 VTT, route de Charente- Maritime, qui commencera ce samedi 17 ao\u00fbt (pr\u00e9-camp pour l\u2019encadrement des jeunes), et qui verra ses effectifs au complet d\u00e8s le lendemain, sur le premier lieu de campement \u00e0 Saint Aigulin.<\/p>\n<p><!-- \/divi:paragraph --><\/p>\n<p><!-- divi:paragraph -->Coll\u00e9giens, lyc\u00e9ens, jeunes animateurs (\u00e9tudiants ou jeunes pro) vivront ce pel\u00e9 VTT avec des pr\u00eatres, s\u00e9minaristes, religieuses ainsi qu\u2019une dynamique \u00e9quipe de TTV (comprenez les \u201ctr\u00e8s tr\u00e8s vieux\u201d, ou les \u201ctr\u00e8s tr\u00e8s vaillants\u201d), pr\u00e9sents tout au long du camp pour sa gestion quotidienne et logistique. Ce sont pr\u00e8s d\u2019une centaine de personnes qui vivront ensemble ce camp itin\u00e9rant,\u2026 une grande aventure humaine, sportive mais surtout spirituelle !<\/p>\n<p><!-- \/divi:paragraph --><\/p>\n<p>[\/et_pb_text][et_pb_video src=\u00a0\u00bbhttps:\/\/youtu.be\/Kd1cO4a47dw?si=zhDNewQxedCrrkJ1&Prime; _builder_version=\u00a0\u00bb4.21.0&Prime; _module_preset=\u00a0\u00bbdefault\u00a0\u00bb theme_builder_area=\u00a0\u00bbpost_content\u00a0\u00bb hover_enabled=\u00a0\u00bb0&Prime; sticky_enabled=\u00a0\u00bb0&Prime;][\/et_pb_video][\/et_pb_column][\/et_pb_row][et_pb_row _builder_version=\u00a0\u00bb4.21.0&Prime; _module_preset=\u00a0\u00bbdefault\u00a0\u00bb theme_builder_area=\u00a0\u00bbpost_content\u00a0\u00bb][et_pb_column _builder_version=\u00a0\u00bb4.21.0&Prime; _module_preset=\u00a0\u00bbdefault\u00a0\u00bb type=\u00a0\u00bb4_4&Prime; theme_builder_area=\u00a0\u00bbpost_content\u00a0\u00bb][et_pb_code _builder_version=\u00a0\u00bb4.21.0&Prime; _module_preset=\u00a0\u00bbdefault\u00a0\u00bb theme_builder_area=\u00a0\u00bbpost_content\u00a0\u00bb hover_enabled=\u00a0\u00bb0&Prime; sticky_enabled=\u00a0\u00bb0&Prime;]<iframe allowfullscreen width=100% height=140px src=\"https:\/\/www.rcf.fr\/actualite\/mon-eglise-a-des-talents\/embed?episodeId=475227\"><\/iframe>[\/et_pb_code][\/et_pb_column][\/et_pb_row][et_pb_row _builder_version=\u00a0\u00bb4.21.0&Prime; _module_preset=\u00a0\u00bbdefault\u00a0\u00bb theme_builder_area=\u00a0\u00bbpost_content\u00a0\u00bb][et_pb_column _builder_version=\u00a0\u00bb4.21.0&Prime; _module_preset=\u00a0\u00bbdefault\u00a0\u00bb type=\u00a0\u00bb4_4&Prime; theme_builder_area=\u00a0\u00bbpost_content\u00a0\u00bb][et_pb_text _builder_version=\u00a0\u00bb4.21.0&Prime; _module_preset=\u00a0\u00bbdefault\u00a0\u00bb theme_builder_area=\u00a0\u00bbpost_content\u00a0\u00bb hover_enabled=\u00a0\u00bb0&Prime; sticky_enabled=\u00a0\u00bb0&Prime;]<\/p>\n<p>De Saint-Aigulin \u00e0 l\u2019abbaye aux Dames \u00e0 Saintes, ce pel\u00e9 VTT sillonnera les routes vallonn\u00e9es de la Haute-Saintonge \u00e0 raison d\u2019une moyenne de 35 kms par jour ; r\u00e9guli\u00e8rement, des temps \u201cspi\u201d sont propos\u00e9s ainsi que des visites des \u00e9glises ou autres sites remarquables, situ\u00e9es sur le parcours.<\/p>\n<p>Peut-\u00eatre croiserez vous ces jeunes et adultes au gr\u00e9 de vos d\u00e9placements sur les routes du d\u00e9partement : n\u2019h\u00e9sitez pas \u00e0 vous arr\u00eater, \u00e0 aller \u00e0 leur rencontre et \u00e0 les encourager ; ils sont toujours tr\u00e8s heureux des moments inattendus que ce p\u00e8lerinage \u00e0 deux roues peut leur offrir ! Et \u00e0 d\u00e9faut de les croiser, vous pouvez d\u00e9couvrir ce qui se vit durant cette semaine hors du commun, en cliquant sur la vid\u00e9o ci-dessous.<\/p>\n<p>[\/et_pb_text][et_pb_video src=\u00a0\u00bbhttps:\/\/youtu.be\/A9X1z-Ldwp8?si=YFyxtsBJXhkDK9s8&Prime; _builder_version=\u00a0\u00bb4.21.0&Prime; _module_preset=\u00a0\u00bbdefault\u00a0\u00bb theme_builder_area=\u00a0\u00bbpost_content\u00a0\u00bb hover_enabled=\u00a0\u00bb0&Prime; sticky_enabled=\u00a0\u00bb0&Prime;][\/et_pb_video][\/et_pb_column][\/et_pb_row][et_pb_row _builder_version=\u00a0\u00bb4.21.0&Prime; _module_preset=\u00a0\u00bbdefault\u00a0\u00bb theme_builder_area=\u00a0\u00bbpost_content\u00a0\u00bb][et_pb_column _builder_version=\u00a0\u00bb4.21.0&Prime; _module_preset=\u00a0\u00bbdefault\u00a0\u00bb type=\u00a0\u00bb4_4&Prime; theme_builder_area=\u00a0\u00bbpost_content\u00a0\u00bb][et_pb_cta title=\u00a0\u00bbS&rsquo;inscrire au pel\u00e9 VTT\u00a0\u00bb button_text=\u00a0\u00bbje m&rsquo;inscris !\u00a0\u00bb _builder_version=\u00a0\u00bb4.21.0&Prime; _module_preset=\u00a0\u00bbdefault\u00a0\u00bb theme_builder_area=\u00a0\u00bbpost_content\u00a0\u00bb button_url=\u00a0\u00bbhttps:\/\/www.pele-vtt.fr\/les-routes\/43&Prime; custom_button=\u00a0\u00bbon\u00a0\u00bb button_icon=\u00a0\u00bb&#xf84a;||fa||900&Prime; hover_enabled=\u00a0\u00bb0&Prime; sticky_enabled=\u00a0\u00bb0&Prime;]<\/p>\n<p>Coll\u00e9giens, lyc\u00e9ens, pr\u00eatres, religieuses, ou tout simplement jeunes et adultes,<\/p>\n<p>vous avez envie de d\u00e9couvrir toute la richesse de ce pel\u00e9 ?<\/p>\n<p>[\/et_pb_cta][\/et_pb_column][\/et_pb_row][\/et_pb_section]<\/p>\n","protected":false},"excerpt":{"rendered":"<p>C\u2019est une nouvelle \u00e9dition du pel\u00e9 VTT, route de Charente- Maritime, qui commencera ce samedi 17 ao\u00fbt (pr\u00e9-camp pour l\u2019encadrement des jeunes), et qui verra ses effectifs au complet d\u00e8s [&hellip;]<\/p>\n","protected":false},"author":4,"featured_media":7354,"comment_status":"open","ping_status":"open","sticky":false,"template":"","format":"standard","meta":{"_et_pb_use_builder":"on","_et_pb_old_content":"<!-- wp:spacer {\"height\":\"60px\"} -->\n<div style=\"height:60px\" aria-hidden=\"true\" class=\"wp-block-spacer\"><\/div>\n<!-- \/wp:spacer -->\n\n<!-- wp:paragraph -->\n<p>C\u2019est une nouvelle \u00e9dition du pel\u00e9 VTT, route de Charente- Maritime, qui commencera ce samedi 17 ao\u00fbt (pr\u00e9-camp pour l\u2019encadrement des jeunes), et qui verra ses effectifs au complet d\u00e8s le lendemain, sur le premier lieu de campement \u00e0 Saint Aigulin.<\/p>\n<!-- \/wp:paragraph -->\n\n<!-- wp:paragraph -->\n<p>Coll\u00e9giens, lyc\u00e9ens, jeunes animateurs (\u00e9tudiants ou jeunes pro) vivront ce pel\u00e9 VTT avec des pr\u00eatres, s\u00e9minaristes, religieuses ainsi qu\u2019une dynamique \u00e9quipe de TTV (comprenez les \u201ctr\u00e8s tr\u00e8s vieux\u201d, ou les \u201ctr\u00e8s tr\u00e8s vaillants\u201d), pr\u00e9sents tout au long du camp pour sa gestion quotidienne et logistique. Ce sont pr\u00e8s d\u2019une centaine de personnes qui vivront ensemble ce camp itin\u00e9rant,\u2026 une grande aventure humaine, sportive mais surtout spirituelle !<\/p>\n<!-- \/wp:paragraph -->","_et_gb_content_width":"","footnotes":""},"categories":[6],"tags":[],"class_list":["post-7353","post","type-post","status-publish","format-standard","has-post-thumbnail","hentry","category-actualite"],"_links":{"self":[{"href":"https:\/\/catholiques17.fr\/montendre\/wp-json\/wp\/v2\/posts\/7353","targetHints":{"allow":["GET"]}}],"collection":[{"href":"https:\/\/catholiques17.fr\/montendre\/wp-json\/wp\/v2\/posts"}],"about":[{"href":"https:\/\/catholiques17.fr\/montendre\/wp-json\/wp\/v2\/types\/post"}],"author":[{"embeddable":true,"href":"https:\/\/catholiques17.fr\/montendre\/wp-json\/wp\/v2\/users\/4"}],"replies":[{"embeddable":true,"href":"https:\/\/catholiques17.fr\/montendre\/wp-json\/wp\/v2\/comments?post=7353"}],"version-history":[{"count":7,"href":"https:\/\/catholiques17.fr\/montendre\/wp-json\/wp\/v2\/posts\/7353\/revisions"}],"predecessor-version":[{"id":7452,"href":"https:\/\/catholiques17.fr\/montendre\/wp-json\/wp\/v2\/posts\/7353\/revisions\/7452"}],"wp:featuredmedia":[{"embeddable":true,"href":"https:\/\/catholiques17.fr\/montendre\/wp-json\/wp\/v2\/media\/7354"}],"wp:attachment":[{"href":"https:\/\/catholiques17.fr\/montendre\/wp-json\/wp\/v2\/media?parent=7353"}],"wp:term":[{"taxonomy":"category","embeddable":true,"href":"https:\/\/catholiques17.fr\/montendre\/wp-json\/wp\/v2\/categories?post=7353"},{"taxonomy":"post_tag","embeddable":true,"href":"https:\/\/catholiques17.fr\/montendre\/wp-json\/wp\/v2\/tags?post=7353"}],"curies":[{"name":"wp","href":"https:\/\/api.w.org\/{rel}","templated":true}]}}