{"id":7346,"date":"2024-06-27T15:44:43","date_gmt":"2024-06-27T13:44:43","guid":{"rendered":"https:\/\/catholiques17.fr\/montendre\/?p=7346"},"modified":"2024-06-27T15:44:44","modified_gmt":"2024-06-27T13:44:44","slug":"nominations-du-diocese-juin-2024","status":"publish","type":"post","link":"https:\/\/catholiques17.fr\/montendre\/2024\/06\/27\/nominations-du-diocese-juin-2024\/","title":{"rendered":"Nominations du dioc\u00e8se &#8211; Juin 2024"},"content":{"rendered":"\n<div style=\"height:56px\" aria-hidden=\"true\" class=\"wp-block-spacer\"><\/div>\n\n\n\n<p><strong>Par d\u00e9cision de l\u2019administrateur apostolique <em>sede plena<\/em>, et apr\u00e8s les consultations requises\u00a0:<\/strong><\/p>\n\n\n\n<div style=\"height:41px\" aria-hidden=\"true\" class=\"wp-block-spacer\"><\/div>\n\n\n\n<h2 class=\"wp-block-heading\"><a href=\"https:\/\/catholiques17.fr\/nominations-pour-septembre-2024\/\"><strong>Vicaires \u00e9piscopaux<\/strong><\/a><\/h2>\n\n\n\n<ul class=\"wp-block-list\">\n<li>Monsieur l\u2019abb\u00e9 <strong>Micka\u00ebl LE NEZET,<\/strong> vicaire \u00e9piscopal, est charg\u00e9 de l\u2019accompagnement des doyenn\u00e9s de La Rochelle \u2013 R\u00e9 et de la Plaine d\u2019Aunis, \u00e0 compter du\u00a01<sup>er<\/sup> septembre 2024.<\/li>\n\n\n\n<li>Monsieur l\u2019abb\u00e9 <strong>Daniel MARTIN,<\/strong> vicaire \u00e9piscopal, est charg\u00e9 de l\u2019accompagnement des doyenn\u00e9s de Rochefort et Saint-Jean-d\u2019Ang\u00e9ly, \u00e0 compter du\u00a01<sup>er<\/sup> septembre 2024.<\/li>\n<\/ul>\n\n\n\n<div style=\"height:40px\" aria-hidden=\"true\" class=\"wp-block-spacer\"><\/div>\n\n\n\n<h2 class=\"wp-block-heading\"><a href=\"https:\/\/catholiques17.fr\/nominations-pour-septembre-2024\/\"><strong>Paroisses<\/strong><\/a><\/h2>\n\n\n\n<div style=\"height:40px\" aria-hidden=\"true\" class=\"wp-block-spacer\"><\/div>\n\n\n\n<p><a href=\"https:\/\/catholiques17.fr\/nominations-pour-septembre-2024\/\"><strong>Doyenn\u00e9 de La Rochelle &#8211; R\u00e9<\/strong><\/a><\/p>\n\n\n\n<ul class=\"wp-block-list\">\n<li>Monsieur l\u2019abb\u00e9 <strong>Antoine SAGNA<\/strong>, cur\u00e9 du Secteur pastoral de La Rochelle Sud, est nomm\u00e9 <strong>doyen<\/strong>, \u00e0 compter du\u00a01<sup>er<\/sup> septembre 2024.<\/li>\n\n\n\n<li>Monsieur l\u2019abb\u00e9 <strong>Luca ASTOLFI<\/strong>, cur\u00e9 de la paroisse Saint-Gabriel, est nomm\u00e9 <strong>vice-doyen<\/strong>, \u00e0 compter du 1<sup>er<\/sup> septembre 2024.<\/li>\n<\/ul>\n\n\n\n<p><strong>Paroisse du Christ-Sauveur (La Rochelle-Centre)<\/strong><\/p>\n\n\n\n<ul class=\"wp-block-list\">\n<li>Monsieur l\u2019abb\u00e9 <strong>Panel JEAN<\/strong>, du dioc\u00e8se de J\u00e9r\u00e9mie (Ha\u00efti), est nomm\u00e9 <strong>vicaire<\/strong>, \u00e0 compter du 1<sup>er<\/sup> septembre 2024.<\/li>\n\n\n\n<li>Monsieur l\u2019abb\u00e9 <strong>Guillaume MARIE<\/strong>, avec l\u2019accord de l\u2019archev\u00eaque de Bordeaux, du mod\u00e9rateur et du responsable des pr\u00eatres de la Communaut\u00e9 de l\u2019Emmanuel, est nomm\u00e9 <strong>vicaire<\/strong>, \u00e0 compter du 1<sup>er<\/sup> septembre 2024.<\/li>\n<\/ul>\n\n\n\n<p><strong>Paroisses Saint-Pierre-et-Saint-Paul<\/strong><\/p>\n\n\n\n<ul class=\"wp-block-list\">\n<li>Monsieur l\u2019abb\u00e9 <strong>Xavier THOBIAS<\/strong>, du dioc\u00e8se de Kumbakonam (Inde), est nomm\u00e9 <strong>administrateur<\/strong>, en accord avec son \u00e9v\u00eaque<strong>,<\/strong> \u00e0 compter du 1<sup>er<\/sup> septembre 2024.<\/li>\n<\/ul>\n\n\n\n<p><strong>Paroisse Saint-Gabriel (Nieul-sur-Mer)<\/strong><\/p>\n\n\n\n<ul class=\"wp-block-list\">\n<li>Monsieur l\u2019abb\u00e9 <strong>Danijel MLADINEO<\/strong> est nomm\u00e9 vicaire, \u00e0 compter du 1er septembre 2024. Il demeure aum\u00f4nier du Foyer \u00e9tudiant et aum\u00f4nier des \u00e9tudiants et jeunes pros de La Rochelle.<\/li>\n<\/ul>\n\n\n\n<p>&nbsp;<strong>Ensemble pastoral de l\u2019\u00eele de R\u00e9<\/strong><\/p>\n\n\n\n<ul class=\"wp-block-list\">\n<li>Monsieur l\u2019abb\u00e9 <strong>Micka\u00ebl LE NEZET<\/strong>, est nomm\u00e9 <strong>cur\u00e9,<\/strong> \u00e0 compter du 1<sup>er<\/sup> septembre 2024.<\/li>\n<\/ul>\n\n\n\n<p>&nbsp;<strong>Etablissements scolaires<\/strong><\/p>\n\n\n\n<ul class=\"wp-block-list\">\n<li>Monsieur l\u2019abb\u00e9 <strong>Oscar AKOHA<\/strong> est nomm\u00e9 pr\u00eatre <strong>r\u00e9f\u00e9rent<\/strong> du coll\u00e8ge et lyc\u00e9e F\u00e9nelon Notre-Dame, \u00e0 compter du 1<sup>er<\/sup> septembre 2024. Il conserve ses missions pr\u00e9c\u00e9dentes.<\/li>\n<\/ul>\n\n\n\n<div style=\"height:39px\" aria-hidden=\"true\" class=\"wp-block-spacer\"><\/div>\n\n\n\n<p><a href=\"https:\/\/catholiques17.fr\/nominations-pour-septembre-2024\/\">Doyenn\u00e9 de la Plaine d&rsquo;Aunis<\/a><\/p>\n\n\n\n<p><strong>Paroisse Saint-Vincent-de-Paul (Sainte-Soulle)<\/strong><\/p>\n\n\n\n<ul class=\"wp-block-list\">\n<li>Monsieur l\u2019abb\u00e9\u00a0<strong>Jean-Berchmans NGUYEN DUC TUYEN<\/strong>, est nomm\u00e9 <strong>cur\u00e9<\/strong>, \u00e0 compter du\u00a01<sup>er<\/sup> septembre 2024.<\/li>\n<\/ul>\n\n\n\n<p><strong>Secteur pastoral d\u2019Aigrefeuille<\/strong><\/p>\n\n\n\n<ul class=\"wp-block-list\">\n<li>Monsieur l\u2019abb\u00e9\u00a0<strong>David Arockiaraj MARIA SUSA\u00cf<\/strong>, est nomm\u00e9 <strong>cur\u00e9<\/strong>, \u00e0 compter du\u00a01<sup>er<\/sup> septembre 2024.<\/li>\n<\/ul>\n\n\n\n<p><strong>Paroisse Saint-Joseph en Pays surg\u00e9rien<\/strong><\/p>\n\n\n\n<ul class=\"wp-block-list\">\n<li>Monsieur l\u2019abb\u00e9\u00a0<strong>Alphonse SESURAJ<\/strong>, est nomm\u00e9 <strong>cur\u00e9<\/strong>, \u00e0 compter du\u00a01<sup>er<\/sup> septembre 2024.<\/li>\n<\/ul>\n\n\n\n<p><strong>Paroisse Saint-Bernard en Aunis (Saint-Sauveur)<\/strong><\/p>\n\n\n\n<ul class=\"wp-block-list\">\n<li>Monsieur l\u2019abb\u00e9\u00a0<strong>Auxence PAYIMA<\/strong>, du dioc\u00e8se de Gamboma (R\u00e9publique du Congo), est nomm\u00e9 <strong>cur\u00e9<\/strong>, en accord avec son \u00e9v\u00eaque, \u00e0 compter du\u00a01<sup>er<\/sup> septembre 2024.<\/li>\n<\/ul>\n\n\n\n<div style=\"height:31px\" aria-hidden=\"true\" class=\"wp-block-spacer\"><\/div>\n\n\n\n<p><a href=\"https:\/\/catholiques17.fr\/nominations-pour-septembre-2024\/\">Doyenn\u00e9 de Rochefort<\/a><\/p>\n\n\n\n<p><strong>Paroisse de Rochefort<\/strong><\/p>\n\n\n\n<ul class=\"wp-block-list\">\n<li>Monsieur l\u2019abb\u00e9 <strong>Daniel MARTIN<\/strong>, est nomm\u00e9 <strong>cur\u00e9,<\/strong> \u00e0 compter du 1<sup>er<\/sup> septembre 2024.<\/li>\n\n\n\n<li>Monsieur l\u2019abb\u00e9<strong> Guillaume SALIN<\/strong> est autoris\u00e9 \u00e0 prendre une ann\u00e9e sabbatique.<\/li>\n<\/ul>\n\n\n\n<p><strong>Paroisse de Tonnay-Charente<\/strong><\/p>\n\n\n\n<ul class=\"wp-block-list\">\n<li>Monsieur l\u2019abb\u00e9<strong> Joseph-Marie VO TA SAM<\/strong>, est nomm\u00e9<strong> cur\u00e9<\/strong>, \u00e0 compter du 1<sup>er<\/sup> septembre 2024.<\/li>\n<\/ul>\n\n\n\n<p><strong>Paroisse d\u2019Ol\u00e9ron<\/strong><\/p>\n\n\n\n<ul class=\"wp-block-list\">\n<li>Monsieur l\u2019abb\u00e9<strong> Jean-Rony MANOUNE<\/strong>, du dioc\u00e8se de J\u00e9r\u00e9mie (Ha\u00efti), est nomm\u00e9<strong> vicaire<\/strong>, en accord avec son \u00e9v\u00eaque, \u00e0 compter du 1<sup>er<\/sup> septembre 2024.<\/li>\n<\/ul>\n\n\n\n<p><strong>Secteur pastoral de Fouras<\/strong><\/p>\n\n\n\n<ul class=\"wp-block-list\">\n<li>Monsieur l\u2019abb\u00e9<strong> Jacques SUREAU<\/strong> est nomm\u00e9<strong> administrateur<\/strong>, \u00e0 compter du 1<sup>er<\/sup> septembre 2024.<\/li>\n<\/ul>\n\n\n\n<p><strong>Paroisse Saint-Pierre-en-Seudre-et-Mer (Marennes)<\/strong><\/p>\n\n\n\n<ul class=\"wp-block-list\">\n<li>Le P\u00e8re <strong>Louis TAKUSO<\/strong>, de la Soci\u00e9t\u00e9 Missionnaire de Saint-Paul (Nigeria), en accord avec son sup\u00e9rieur, est nomm\u00e9<strong> administrateur<\/strong>, \u00e0 compter du 1<sup>er<\/sup> septembre 2024.<\/li>\n\n\n\n<li>Le P\u00e8re <strong>Israel IYAKNDUE<\/strong>, de la Soci\u00e9t\u00e9 Missionnaire de Saint-Paul (Nigeria), en accord avec son sup\u00e9rieur, est nomm\u00e9 <strong>vicaire<\/strong>, \u00e0 compter du 1<sup>er<\/sup> septembre 2024.<\/li>\n<\/ul>\n\n\n\n<div style=\"height:37px\" aria-hidden=\"true\" class=\"wp-block-spacer\"><\/div>\n\n\n\n<p><a href=\"https:\/\/catholiques17.fr\/nominations-pour-septembre-2024\/\">Doyenn\u00e9 de Saint-Jean-d&rsquo;Ang\u00e9ly<\/a><\/p>\n\n\n\n<p><strong>Paroisse Saint-Jean-Baptiste (Saint-Jean-d\u2019Ang\u00e9ly) et Secteur pastoral de Loulay<\/strong><\/p>\n\n\n\n<ul class=\"wp-block-list\">\n<li>Monsieur l\u2019abb\u00e9<strong> Frantz Braymund PINTRO<\/strong>, du dioc\u00e8se de J\u00e9r\u00e9mie (Ha\u00efti), est nomm\u00e9<strong> vicaire<\/strong>, en accord avec son \u00e9v\u00eaque, \u00e0 compter du 1<sup>er<\/sup> septembre 2024.<\/li>\n\n\n\n<li>Monsieur l\u2019abb\u00e9 <strong>Gervais RAZAFITOAZA<\/strong>, du dioc\u00e8se de Fianarantsoa (Madagascar), est nomm\u00e9 <strong>pr\u00eatre coop\u00e9rateur<\/strong>, \u00e0 compter du 1<sup>er<\/sup> septembre 2024.<\/li>\n<\/ul>\n\n\n\n<div style=\"height:47px\" aria-hidden=\"true\" class=\"wp-block-spacer\"><\/div>\n\n\n\n<p><a href=\"https:\/\/catholiques17.fr\/nominations-pour-septembre-2024\/\">Doyenn\u00e9 de Royan<\/a><\/p>\n\n\n\n<p><strong>Paroisse de Royan \u2013 C\u00f4te de Beaut\u00e9<\/strong><\/p>\n\n\n\n<ul class=\"wp-block-list\">\n<li>Monsieur l\u2019abb\u00e9 <strong>Bertrand THEBAUT<\/strong> est nomm\u00e9 <strong>vicaire<\/strong>, \u00e0 compter du 1<sup>er<\/sup> septembre 2024.<\/li>\n<\/ul>\n\n\n\n<div style=\"height:39px\" aria-hidden=\"true\" class=\"wp-block-spacer\"><\/div>\n\n\n\n<p><a href=\"https:\/\/catholiques17.fr\/nominations-pour-septembre-2024\/\">Doyenn\u00e9 de Saintes<\/a><\/p>\n\n\n\n<p><strong>Secteur pastoral de Saintes Rive&nbsp;gauche<\/strong><\/p>\n\n\n\n<ul class=\"wp-block-list\">\n<li>Monsieur l\u2019abb\u00e9 <strong>Martin CHAUVET<\/strong> est nomm\u00e9 <strong>vicaire<\/strong>, \u00e0 compter du 1<sup>er<\/sup> septembre 2024.<\/li>\n\n\n\n<li>Monsieur l\u2019abb\u00e9 <strong>S\u00e9bastien HARDOUIN<\/strong> est nomm\u00e9 <strong>recteur de la basilique Saint-Eutrope<\/strong>, \u00e0 compter du\u00a01<sup>er<\/sup> septembre 2024. Il est \u00e9galement nomm\u00e9 <strong>responsable de l\u2019aum\u00f4nerie de l\u2019EHPAD \u00ab\u00a0Ma Maison\u00a0\u00bb des Petites S\u0153urs des Pauvres<\/strong>. Il demeure aum\u00f4nier des Arm\u00e9niens Catholiques du Sud-Ouest de la France.<\/li>\n<\/ul>\n\n\n\n<p><strong>Pastorale scolaire \u00e0 Saintes<\/strong><\/p>\n\n\n\n<ul class=\"wp-block-list\">\n<li>Monsieur l\u2019abb\u00e9 <strong>Martin CHAUVET<\/strong> est nomm\u00e9 <strong>responsable de l\u2019aum\u00f4nerie de l\u2019Enseignement public de Saintes<\/strong>, \u00e0 compter du 1<sup>er<\/sup> septembre 2024.<\/li>\n<\/ul>\n\n\n\n<div style=\"height:50px\" aria-hidden=\"true\" class=\"wp-block-spacer\"><\/div>\n\n\n\n<p><a href=\"https:\/\/catholiques17.fr\/nominations-pour-septembre-2024\/\">Doyenn\u00e9 de Haute-Saintonge<\/a><\/p>\n\n\n\n<ul class=\"wp-block-list\">\n<li>Monsieur l\u2019abb\u00e9 <strong>Camille COLY<\/strong> est nomm\u00e9 <strong>doyen<\/strong>, \u00e0 compter du\u00a01<sup>er<\/sup> septembre 2024.<\/li>\n\n\n\n<li>Le P\u00e8re <strong>Anthony DEL CASTILLO<\/strong> est nomm\u00e9 <strong>vice-doyen<\/strong>, en accord avec son sup\u00e9rieur, \u00e0 compter du 1<sup>er<\/sup> septembre 2024.<\/li>\n<\/ul>\n\n\n\n<p><strong>Paroisses Saint-Antoine de la Lande en Saintonge (Saint-Genis-de-Saintonge) et Saint-Martin-de-Mirambeau<\/strong><\/p>\n\n\n\n<ul class=\"wp-block-list\">\n<li>Monsieur l\u2019abb\u00e9 <strong>Victor-Serge JAONARIVELO<\/strong>, du dioc\u00e8se de Fiadanana (Madagascar)<strong>,<\/strong> est nomm\u00e9 <strong>cur\u00e9<\/strong>, en accord avec son \u00e9v\u00eaque, \u00e0 compter du 1<sup>er<\/sup> octobre 2024.<\/li>\n<\/ul>\n\n\n\n<p><strong>Paroisse Saint-Eutrope en Pays jonzacais<\/strong><\/p>\n\n\n\n<ul class=\"wp-block-list\">\n<li>Le P\u00e8re <strong>Gustavo DOMENECH<\/strong>, de l\u2019Institut du Verbe incarn\u00e9<strong>,<\/strong> est nomm\u00e9 <strong>vicaire<\/strong>, en accord avec son sup\u00e9rieur, \u00e0 compter du 1<sup>er<\/sup> septembre 2024.<\/li>\n<\/ul>\n\n\n\n<div style=\"height:100px\" aria-hidden=\"true\" class=\"wp-block-spacer\"><\/div>\n\n\n\n<h2 class=\"wp-block-heading\"><a href=\"https:\/\/catholiques17.fr\/nominations-pour-septembre-2024\/\"><strong>Aum\u00f4neries<\/strong><\/a><\/h2>\n\n\n\n<ul class=\"wp-block-list\">\n<li>Madame <strong>Blandine VERNIER<\/strong> est renouvel\u00e9e dans sa mission d\u2019<strong>aum\u00f4nier du<\/strong> <strong>Centre hospitalier de Rochefort<\/strong>, \u00e0 compter du 1<sup>er<\/sup> septembre 2024, pour un mandat d\u2019un an.<\/li>\n\n\n\n<li>Monsieur l\u2019abb\u00e9 <strong>Philippe TEULE<\/strong> est renouvel\u00e9 dans sa mission d\u2019<strong>aum\u00f4nier du Centre hospitalier de Royan<\/strong>, \u00e0 compter du 1<sup>er<\/sup> septembre 2024, pour un deuxi\u00e8me mandat de trois ans.<\/li>\n<\/ul>\n\n\n\n<div style=\"height:69px\" aria-hidden=\"true\" class=\"wp-block-spacer\"><\/div>\n\n\n\n<h2 class=\"wp-block-heading\"><a href=\"https:\/\/catholiques17.fr\/nominations-pour-septembre-2024\/\"><strong>Services dioc\u00e9sains<\/strong><\/a><\/h2>\n\n\n\n<p><strong>Service de la Vie consacr\u00e9e<\/strong><\/p>\n\n\n\n<ul class=\"wp-block-list\">\n<li>Monsieur l\u2019abb\u00e9 <strong>Jacques SUREAU<\/strong> est renouvel\u00e9 dans sa mission de<strong> d\u00e9l\u00e9gu\u00e9 \u00e9piscopal \u00e0 la vie consacr\u00e9e<\/strong>, pour un deuxi\u00e8me mandat, \u00e0 compter du 1<sup>er<\/sup> septembre 2024.<\/li>\n<\/ul>\n\n\n\n<p><strong>Pastorale familiale<\/strong><\/p>\n\n\n\n<ul class=\"wp-block-list\">\n<li>Madame et Monsieur <strong>Manuela <\/strong>et<strong> Charles de LAMBILLY<\/strong> sont nomm\u00e9s <strong>coordinateurs pour une ann\u00e9e<\/strong>,\u00e0 compter du 1<sup>er<\/sup> septembre 2024.<\/li>\n<\/ul>\n\n\n\n<p><strong>P\u00f4le Annonce de la Foi<\/strong><\/p>\n\n\n\n<ul class=\"wp-block-list\">\n<li>Madame <strong>Coralie MASSON<\/strong> est renouvel\u00e9e dans sa mission de<strong> responsable du P\u00f4le annonce de la foi<\/strong>, pour un deuxi\u00e8me mandat de 3 ans, \u00e0 compter du 1<sup>er<\/sup> septembre 2024.<\/li>\n<\/ul>\n\n\n\n<p><strong>Service des p\u00e8lerinages<\/strong><\/p>\n\n\n\n<ul class=\"wp-block-list\">\n<li>Madame <strong>Monique BESSET<\/strong> est renouvel\u00e9e dans sa mission de<strong> directrice du service dioc\u00e9sain des p\u00e8lerinages<\/strong>, pour un deuxi\u00e8me mandat de 3 ans, \u00e0 compter du 1<sup>er<\/sup> septembre 2024.<\/li>\n<\/ul>\n\n\n\n<p><strong>Service de pastorale liturgique et sacramentelle&nbsp;<\/strong><\/p>\n\n\n\n<ul class=\"wp-block-list\">\n<li>Monsieur l\u2019abb\u00e9 <strong>Jean-J\u00e9r\u00f4me TRAN VAN TIEN<\/strong> est nomm\u00e9 pr\u00eatre accompagnateur des servants de messe, \u00e0 compter du 1<sup>er<\/sup> janvier 2024.<\/li>\n<\/ul>\n\n\n\n<p><strong>Conseil dioc\u00e9sain pour les Affaires \u00e9conomiques&nbsp;<\/strong><\/p>\n\n\n\n<ul class=\"wp-block-list\">\n<li>Messieurs <strong>Eric CATRICE<\/strong> et <strong>Christophe CHABOT<\/strong> sont renouvel\u00e9s pour un nouveau mandat de 5 ans \u00e0 compter du 1<sup>er<\/sup> juin 2024.<\/li>\n<\/ul>\n\n\n\n<div style=\"height:100px\" aria-hidden=\"true\" class=\"wp-block-spacer\"><\/div>\n\n\n\n<h2 class=\"wp-block-heading\"><a href=\"https:\/\/catholiques17.fr\/nominations-pour-septembre-2024\/\"><strong>Informations<\/strong><\/a><\/h2>\n\n\n\n<ul class=\"wp-block-list\">\n<li>Monsieur l\u2019Abb\u00e9 <strong>Maxime FELIHO-GENEAU<\/strong> est mis \u00e0 disposition du Dioc\u00e8se aux Arm\u00e9es Fran\u00e7aises, pour une dur\u00e9e de trois ans, \u00e0 compter du 1<sup>er<\/sup> septembre 2024.<\/li>\n<\/ul>\n\n\n\n<div style=\"height:50px\" aria-hidden=\"true\" class=\"wp-block-spacer\"><\/div>\n\n\n\n<h2 class=\"wp-block-heading\"><a href=\"https:\/\/catholiques17.fr\/nominations-pour-septembre-2024\/\"><strong>Remerciements<\/strong><\/a><\/h2>\n\n\n\n<p>L\u2019administrateur apostolique, au nom des dioc\u00e9sains, remercie chaleureusement pour leur d\u00e9vouement sacerdotal les pr\u00eatres qui vont quitter le dioc\u00e8se&nbsp;:<\/p>\n\n\n\n<ul class=\"wp-block-list\">\n<li>Monsieur l\u2019abb\u00e9\u00a0<strong>Julien FLEURY<\/strong>, de l\u2019archidioc\u00e8se de Marseille<\/li>\n\n\n\n<li>Monsieur l\u2019abb\u00e9 <strong>Michael-John ANTONYSAMY<\/strong>, de l\u2019archidioc\u00e8se de Pondich\u00e9ry-Cuddalore (Inde)<\/li>\n\n\n\n<li>Monsieur l\u2019abb\u00e9 <strong>Louis NOAH MINKANDE<\/strong>, du dioc\u00e8se de Yaound\u00e9 (Cameroun)<\/li>\n\n\n\n<li>Monsieur l\u2019abb\u00e9 <strong>Yesuraj AROCKIADOSS<\/strong>, de l\u2019archidioc\u00e8se de Pondich\u00e9ry-Cuddalore (Inde)<\/li>\n\n\n\n<li>Le P\u00e8re <strong>Steve ONGUENE<\/strong>, de l\u2019Institut du Verbe incarn\u00e9<\/li>\n<\/ul>\n\n\n\n<p><\/p>\n\n\n\n<p><\/p>\n\n\n\n<div style=\"height:100px\" aria-hidden=\"true\" class=\"wp-block-spacer\"><\/div>\n\n\n\n<p><strong>D\u2019autres nominations seront publi\u00e9es prochainement<\/strong><\/p>\n\n\n\n<figure class=\"wp-block-table\"><table><tbody><tr><td><strong>Abb\u00e9 Bernard de Lisle<\/strong> Chancelier<\/td><td><strong>+ Fran\u00e7ois Jacolin<\/strong> Administrateur apostolique <em>sede plena<br><\/em>du dioc\u00e8se de La Rochelle et Saintes<\/td><\/tr><\/tbody><\/table><\/figure>\n\n\n\n<div style=\"height:100px\" aria-hidden=\"true\" class=\"wp-block-spacer\"><\/div>\n","protected":false},"excerpt":{"rendered":"<p>Par d\u00e9cision de l\u2019administrateur apostolique sede plena, et apr\u00e8s les consultations requises\u00a0: Vicaires \u00e9piscopaux Paroisses Doyenn\u00e9 de La Rochelle &#8211; R\u00e9 Paroisse du Christ-Sauveur (La Rochelle-Centre) Paroisses Saint-Pierre-et-Saint-Paul Paroisse Saint-Gabriel [&hellip;]<\/p>\n","protected":false},"author":4,"featured_media":7347,"comment_status":"open","ping_status":"open","sticky":false,"template":"","format":"standard","meta":{"_et_pb_use_builder":"off","_et_pb_old_content":"","_et_gb_content_width":"","footnotes":""},"categories":[6],"tags":[],"class_list":["post-7346","post","type-post","status-publish","format-standard","has-post-thumbnail","hentry","category-actualite"],"_links":{"self":[{"href":"https:\/\/catholiques17.fr\/montendre\/wp-json\/wp\/v2\/posts\/7346","targetHints":{"allow":["GET"]}}],"collection":[{"href":"https:\/\/catholiques17.fr\/montendre\/wp-json\/wp\/v2\/posts"}],"about":[{"href":"https:\/\/catholiques17.fr\/montendre\/wp-json\/wp\/v2\/types\/post"}],"author":[{"embeddable":true,"href":"https:\/\/catholiques17.fr\/montendre\/wp-json\/wp\/v2\/users\/4"}],"replies":[{"embeddable":true,"href":"https:\/\/catholiques17.fr\/montendre\/wp-json\/wp\/v2\/comments?post=7346"}],"version-history":[{"count":2,"href":"https:\/\/catholiques17.fr\/montendre\/wp-json\/wp\/v2\/posts\/7346\/revisions"}],"predecessor-version":[{"id":7349,"href":"https:\/\/catholiques17.fr\/montendre\/wp-json\/wp\/v2\/posts\/7346\/revisions\/7349"}],"wp:featuredmedia":[{"embeddable":true,"href":"https:\/\/catholiques17.fr\/montendre\/wp-json\/wp\/v2\/media\/7347"}],"wp:attachment":[{"href":"https:\/\/catholiques17.fr\/montendre\/wp-json\/wp\/v2\/media?parent=7346"}],"wp:term":[{"taxonomy":"category","embeddable":true,"href":"https:\/\/catholiques17.fr\/montendre\/wp-json\/wp\/v2\/categories?post=7346"},{"taxonomy":"post_tag","embeddable":true,"href":"https:\/\/catholiques17.fr\/montendre\/wp-json\/wp\/v2\/tags?post=7346"}],"curies":[{"name":"wp","href":"https:\/\/api.w.org\/{rel}","templated":true}]}}