{"id":6776,"date":"2023-11-10T17:02:59","date_gmt":"2023-11-10T16:02:59","guid":{"rendered":"https:\/\/catholiques17.fr\/montendre\/?p=6776"},"modified":"2024-06-27T15:35:02","modified_gmt":"2024-06-27T13:35:02","slug":"un-site-internet-sur-marie-eustelle-harpain","status":"publish","type":"post","link":"https:\/\/catholiques17.fr\/montendre\/2023\/11\/10\/un-site-internet-sur-marie-eustelle-harpain\/","title":{"rendered":"Un site Internet sur Marie-Eustelle Harpain"},"content":{"rendered":"\n<div style=\"height:14px\" aria-hidden=\"true\" class=\"wp-block-spacer\"><\/div>\n\n\n\n<div style=\"height:16px\" aria-hidden=\"true\" class=\"wp-block-spacer\"><\/div>\n\n\n\n<p class=\"has-black-color has-text-color has-small-font-size\">A la demande de Mgr Colomb, un site Internet vient d\u2019\u00eatre lanc\u00e9, nous donnant beaucoup d\u2019informations, fort int\u00e9ressantes sur celle qui \u00e9tait appel\u00e9e par ses contemporains&nbsp;: <strong>l\u2019Ange de l\u2019Eucharistie<\/strong>. Ce site nous permet de d\u00e9couvrir sa vie et sa spiritualit\u00e9.<\/p>\n\n\n\n<p>Une petite \u00e9quipe travaille \u00e0 la cause de b\u00e9atification de Marie-Eustelle Harpain.<\/p>\n\n\n\n<p class=\"has-text-align-center has-black-color has-cyan-bluish-gray-background-color has-text-color has-background\"><strong><a href=\"https:\/\/catholiques17.fr\/marie-eustelle\/\">Visiter le nouveau site<\/a>&nbsp; de Marie-Eustelle&nbsp;<\/strong><\/p>\n\n\n\n<p><\/p>\n\n\n\n<p>Mgr Colomb nous dit&nbsp;:<\/p>\n\n\n\n<p><em>Chers amis,<\/em><\/p>\n\n\n\n<p><em>Comme vous le savez, j\u2019ai souhait\u00e9 la r\u00e9ouverture de la cause en vue d\u2019une \u00e9ventuelle b\u00e9atification de Marie-Eustelle Harpain (1814-1842). Belle figure de fid\u00e8le la\u00efque, cette Saintaise a v\u00e9cu sa foi dans une grande spiritualit\u00e9 eucharistique. Elle est une figure de fid\u00e8le la\u00efque assidue \u00e0 la pri\u00e8re, attach\u00e9e \u00e0 sa communaut\u00e9. Sa vie nous rappelle que les bonnes choses ne font pas de bruit, comme le disait Saint Fran\u00e7ois de Sales. Elle nous invite \u00e0 pr\u00eater attention aux plus petits, ceux qui ne prennent pas la parole, ceux qui ne sont pas des \u00ab leaders \u00bb. Sa saintet\u00e9 a la l\u00e9g\u00e8ret\u00e9 de la brise, le silence matinal de la campagne.<\/em><\/p>\n\n\n\n<p><em>En novembre dernier, l\u2019assembl\u00e9e pl\u00e9ni\u00e8re des \u00e9v\u00eaques de France a vot\u00e9 l\u2019ouverture de cette cause. Nous attendons \u00e0 pr\u00e9sent la r\u00e9ponse du Saint Si\u00e8ge, nous adressant le d\u00e9cret de nihil obstat, autorisant l\u2019ouverture de la phase dioc\u00e9saine de la cause de cette Servante de Dieu<\/em>.<\/p>\n\n\n\n<p>Pour reprendre des paroles du Pape Fran\u00e7ois,<em>&nbsp;\u201cil est bon de s\u2019int\u00e9resser aux saints de la porte d\u2019\u00e0-c\u00f4t\u00e9. Ils se sont efforc\u00e9s avec la gr\u00e2ce de Dieu, d\u2019appliquer l\u2019Evangile dans leur vie normale de tous les jours. Nous devons leur \u00eatre reconnaissants, mais surtout \u00eatre reconnaissants \u00e0 Dieu qui nous les a donn\u00e9s, les a mis pr\u00e8s de nous, comme des exemples vivants d\u2019une mani\u00e8re de vivre et de mourir, fid\u00e8les au Seigneur J\u00e9sus et \u00e0 son Evangile\u201d<\/em>&nbsp;(Ang\u00e9lus de la Toussaint 2015).<\/p>\n\n\n\n<p><strong>+ Georges Colomb<\/strong><br>Ev\u00eaque de La Rochelle et Saintes<\/p>\n","protected":false},"excerpt":{"rendered":"<p>A la demande de Mgr Colomb, un site Internet vient d\u2019\u00eatre lanc\u00e9, nous donnant beaucoup d\u2019informations, fort int\u00e9ressantes sur celle qui \u00e9tait appel\u00e9e par ses contemporains&nbsp;: l\u2019Ange de l\u2019Eucharistie. Ce [&hellip;]<\/p>\n","protected":false},"author":39,"featured_media":6777,"comment_status":"open","ping_status":"open","sticky":false,"template":"","format":"standard","meta":{"_et_pb_use_builder":"off","_et_pb_old_content":"","_et_gb_content_width":"","footnotes":""},"categories":[6,19],"tags":[],"class_list":["post-6776","post","type-post","status-publish","format-standard","has-post-thumbnail","hentry","category-actualite","category-diocese"],"_links":{"self":[{"href":"https:\/\/catholiques17.fr\/montendre\/wp-json\/wp\/v2\/posts\/6776","targetHints":{"allow":["GET"]}}],"collection":[{"href":"https:\/\/catholiques17.fr\/montendre\/wp-json\/wp\/v2\/posts"}],"about":[{"href":"https:\/\/catholiques17.fr\/montendre\/wp-json\/wp\/v2\/types\/post"}],"author":[{"embeddable":true,"href":"https:\/\/catholiques17.fr\/montendre\/wp-json\/wp\/v2\/users\/39"}],"replies":[{"embeddable":true,"href":"https:\/\/catholiques17.fr\/montendre\/wp-json\/wp\/v2\/comments?post=6776"}],"version-history":[{"count":9,"href":"https:\/\/catholiques17.fr\/montendre\/wp-json\/wp\/v2\/posts\/6776\/revisions"}],"predecessor-version":[{"id":7343,"href":"https:\/\/catholiques17.fr\/montendre\/wp-json\/wp\/v2\/posts\/6776\/revisions\/7343"}],"wp:featuredmedia":[{"embeddable":true,"href":"https:\/\/catholiques17.fr\/montendre\/wp-json\/wp\/v2\/media\/6777"}],"wp:attachment":[{"href":"https:\/\/catholiques17.fr\/montendre\/wp-json\/wp\/v2\/media?parent=6776"}],"wp:term":[{"taxonomy":"category","embeddable":true,"href":"https:\/\/catholiques17.fr\/montendre\/wp-json\/wp\/v2\/categories?post=6776"},{"taxonomy":"post_tag","embeddable":true,"href":"https:\/\/catholiques17.fr\/montendre\/wp-json\/wp\/v2\/tags?post=6776"}],"curies":[{"name":"wp","href":"https:\/\/api.w.org\/{rel}","templated":true}]}}