{"id":6304,"date":"2023-03-28T16:08:36","date_gmt":"2023-03-28T14:08:36","guid":{"rendered":"https:\/\/catholiques17.fr\/montendre\/?p=6304"},"modified":"2024-06-27T15:36:26","modified_gmt":"2024-06-27T13:36:26","slug":"grande-enquete-sur-les-familles-nous-avons-besoin-de-vous","status":"publish","type":"post","link":"https:\/\/catholiques17.fr\/montendre\/2023\/03\/28\/grande-enquete-sur-les-familles-nous-avons-besoin-de-vous\/","title":{"rendered":"Grande enqu\u00eate sur les familles : nous avons besoin de vous !"},"content":{"rendered":"\n[et_pb_section fb_built=\u00a0\u00bb1&Prime; _builder_version=\u00a0\u00bb4.17.6&Prime; _module_preset=\u00a0\u00bbdefault\u00a0\u00bb global_colors_info=\u00a0\u00bb{}\u00a0\u00bb theme_builder_area=\u00a0\u00bbpost_content\u00a0\u00bb][et_pb_row _builder_version=\u00a0\u00bb4.17.6&Prime; _module_preset=\u00a0\u00bbdefault\u00a0\u00bb global_colors_info=\u00a0\u00bb{}\u00a0\u00bb theme_builder_area=\u00a0\u00bbpost_content\u00a0\u00bb][et_pb_column type=\u00a0\u00bb4_4&Prime; _builder_version=\u00a0\u00bb4.17.6&Prime; _module_preset=\u00a0\u00bbdefault\u00a0\u00bb global_colors_info=\u00a0\u00bb{}\u00a0\u00bb theme_builder_area=\u00a0\u00bbpost_content\u00a0\u00bb][et_pb_text _builder_version=\u00a0\u00bb4.17.6&Prime; _module_preset=\u00a0\u00bbdefault\u00a0\u00bb global_colors_info=\u00a0\u00bb{}\u00a0\u00bb theme_builder_area=\u00a0\u00bbpost_content\u00a0\u00bb]<p>L\u2019Eglise en Charente-Maritime lance une grande enqu\u00eate pour conna\u00eetre les familles avec enfants du d\u00e9partement, leurs attentes et leurs besoins.<\/p>\n<p>Pour nous aider, pourriez-vous r\u00e9pondre \u00e0 cette enqu\u00eate anonyme ? Si vous n\u2019avez pas d\u2019enfants mineurs, pouvez-vous transmettre cette information \u00e0 des familles de votre entourage ?<\/p>\n<p>\u00a0Cela ne prendra que quelques minutes\u2026\u00a0 \u00a0 \u00a0 \u00a0 \u00a0 \u00a0 \u00a0 \u00a0 \u00a0 \u00a0 \u00a0 \u00a0 \u00a0 \u00a0\u00a0<a href=\"https:\/\/forms.gle\/RMfAMXVaAHGzkNSf8\">https:\/\/forms.gle\/RMfAMXVaAHGzkNSf8<\/a><\/p>\n<p>\u00a0\u00a0\u00a0\u00a0\u00a0\u00a0\u00a0\u00a0\u00a0\u00a0\u00a0\u00a0\u00a0\u00a0\u00a0\u00a0\u00a0\u00a0\u00a0\u00a0\u00a0\u00a0\u00a0\u00a0\u00a0\u00a0\u00a0\u00a0\u00a0\u00a0\u00a0\u00a0\u00a0\u00a0\u00a0\u00a0\u00a0\u00a0\u00a0\u00a0\u00a0\u00a0\u00a0\u00a0\u00a0\u00a0\u00a0\u00a0\u00a0\u00a0\u00a0\u00a0\u00a0\u00a0\u00a0\u00a0\u00a0\u00a0\u00a0\u00a0 Merci !<\/p>\n<p>.<\/p>[\/et_pb_text][\/et_pb_column][\/et_pb_row][\/et_pb_section]\n","protected":false},"excerpt":{"rendered":"<p>L\u2019Eglise en Charente-Maritime lance une grande enqu\u00eate pour conna\u00eetre les familles avec enfants du d\u00e9partement, leurs attentes et leurs besoins. Pour nous aider, pourriez-vous r\u00e9pondre \u00e0 cette enqu\u00eate anonyme ? [&hellip;]<\/p>\n","protected":false},"author":39,"featured_media":7344,"comment_status":"open","ping_status":"open","sticky":false,"template":"","format":"standard","meta":{"_et_pb_use_builder":"on","_et_pb_old_content":"","_et_gb_content_width":"","footnotes":""},"categories":[6,19],"tags":[],"class_list":["post-6304","post","type-post","status-publish","format-standard","has-post-thumbnail","hentry","category-actualite","category-diocese"],"_links":{"self":[{"href":"https:\/\/catholiques17.fr\/montendre\/wp-json\/wp\/v2\/posts\/6304","targetHints":{"allow":["GET"]}}],"collection":[{"href":"https:\/\/catholiques17.fr\/montendre\/wp-json\/wp\/v2\/posts"}],"about":[{"href":"https:\/\/catholiques17.fr\/montendre\/wp-json\/wp\/v2\/types\/post"}],"author":[{"embeddable":true,"href":"https:\/\/catholiques17.fr\/montendre\/wp-json\/wp\/v2\/users\/39"}],"replies":[{"embeddable":true,"href":"https:\/\/catholiques17.fr\/montendre\/wp-json\/wp\/v2\/comments?post=6304"}],"version-history":[{"count":7,"href":"https:\/\/catholiques17.fr\/montendre\/wp-json\/wp\/v2\/posts\/6304\/revisions"}],"predecessor-version":[{"id":7345,"href":"https:\/\/catholiques17.fr\/montendre\/wp-json\/wp\/v2\/posts\/6304\/revisions\/7345"}],"wp:featuredmedia":[{"embeddable":true,"href":"https:\/\/catholiques17.fr\/montendre\/wp-json\/wp\/v2\/media\/7344"}],"wp:attachment":[{"href":"https:\/\/catholiques17.fr\/montendre\/wp-json\/wp\/v2\/media?parent=6304"}],"wp:term":[{"taxonomy":"category","embeddable":true,"href":"https:\/\/catholiques17.fr\/montendre\/wp-json\/wp\/v2\/categories?post=6304"},{"taxonomy":"post_tag","embeddable":true,"href":"https:\/\/catholiques17.fr\/montendre\/wp-json\/wp\/v2\/tags?post=6304"}],"curies":[{"name":"wp","href":"https:\/\/api.w.org\/{rel}","templated":true}]}}